{"id":4804,"date":"2016-02-10T15:14:53","date_gmt":"2016-02-10T15:14:53","guid":{"rendered":"http:\/\/www.agromundo.co\/blog\/?p=4804"},"modified":"2016-02-10T15:14:53","modified_gmt":"2016-02-10T15:14:53","slug":"rabia-bovina-aumenta-el-riesgo","status":"publish","type":"post","link":"https:\/\/www.agromundo.co\/blog\/rabia-bovina-aumenta-el-riesgo\/","title":{"rendered":"Rabia Bovina. Aumenta el riesgo"},"content":{"rendered":"<p><a href=\"http:\/\/www.agromundo.co\/blog\/wp-content\/uploads\/2016\/02\/Rabia-bovina.jpg\"><img loading=\"lazy\" class=\"alignnone size-full wp-image-4805\" src=\"http:\/\/www.agromundo.co\/blog\/wp-content\/uploads\/2016\/02\/Rabia-bovina.jpg\" alt=\"Rabia bovina\" width=\"300\" height=\"205\" \/><\/a><\/p>\n<p>Foto: ecologiasocebu.blogspot.com.co<\/p>\n<ul>\n<li><em>La proliferaci\u00f3n del murci\u00e9lago en regiones donde antes no se localizaban, la falta de cultura de inmunizaci\u00f3n de reses, el incremento de las temperaturas, y ahora, la presencia de <a href=\"http:\/\/www.ica.gov.co\/Areas\/Pecuaria\/Servicios\/Enfermedades-Animales\/Rabia-Silvestre-(1)\/RABIA-SILVESTRE.aspx\" target=\"_blank\">Rabia Bovina<\/a> en la frontera con Brasil, ponen en riesgo al hato colombiano.\u00a0<\/em><\/li>\n<\/ul>\n<p>El a\u00f1o 2016 inici\u00f3 con 2 noticias desalentadoras para el hato bovino colombiano. A finales de enero se report\u00f3 una masiva presencia del murci\u00e9lago en el norte del departamento de C\u00f3rdoba, lo que produjo la muerte de\u00a0por\u00a0 lo menos 10 bovinos.<\/p>\n<p>De otra parte,\u00a0el Instituto Colombiano Agropecuario (ICA), anunci\u00f3 que se registr\u00f3 un seropositivo de esa patolog\u00eda zoon\u00f3tica en la\u00a0frontera con Brasil.<\/p>\n<p>De acuerdo con el zootecnista Alejandro Maestre, que se encuentra en el departamento de Magdalena, la proliferaci\u00f3n de murci\u00e9lagos en esa regi\u00f3n\u00a0se debe a los cambios clim\u00e1ticos,\u00a0la posibilidad de sobrevivir en troncos de \u00e1rboles y en peque\u00f1as construcciones de los predios, pues los productores no disponen de recursos,\u00a0personal y tiempo para reducir al transmisor de la patolog\u00eda.<\/p>\n<p>Indic\u00f3 el zootecnista que los productores ganaderos pueden eliminar los nidos de los murci\u00e9lago cuando los encuentren en \u00e1rboles viejos, matorrales, kioscos\u00a0 y lugares donde puedan habitar los murci\u00e9lagos y vacunar al ganado para que\u00a0se reduzcan los casos. \u00a0Agreg\u00f3 que algunos lo hacen pero es dif\u00edcil y que se requiere de mayor ayuda por parte del ICA, pues ellos no tienen personal suficiente y en muchos casos, el productor no elimina solamente a los hemat\u00f3fagos.<\/p>\n<p>El coordinador en el departamento de C\u00f3rdoba de la Unidad Regional de Desarrollo Ganadero (URDG), del Fondo Nacional del Ganado (FNG), Leonardo De Las Salas, afirma que la vacunaci\u00f3n del hato es la manera m\u00e1s efectiva de controlar la rabia y resalt\u00f3 las p\u00e9rdidas de reses que se presentan en las fincas donde hay presencia del murci\u00e9lago y no hay cultura de inmunizaci\u00f3n.<\/p>\n<p>Para De Las Salas la Rabia Bovina es una enfermedad mortal que no tiene cura. Por ello, hay que empezar a realizar el control con\u00a0la vacuna y ante\u00a0la sospecha de cualquier\u00a0caso\u00a0de la enfermedad, informar a las autoridades sanitarias.<\/p>\n<p>De su parte, el ICA dio a conocer que luego de la notificaci\u00f3n del caso de rabia detectado en la frontera con Brasil, se adelantan trabajos con la Agencia de Defensa Agropecuaria y Forestal del Estado Amaz\u00f3nico (ADAF), para tomar de manera conjunta medidas de prevenci\u00f3n, vigilancia y control del murci\u00e9lago en la regi\u00f3n del sur colombiano, toda vez que la enfermedad apareci\u00f3 en la frontera,\u00a0a solo 30 kil\u00f3metros de Colombia, lo que tiene en riesgo a 15 poblaciones del vecino pa\u00eds y por lo menos a 1.000 animales del territorio nacional.<\/p>\n<p>Inform\u00f3 el ICA que la seccional Amazonas increment\u00f3 la vigilancia epidemiol\u00f3gica,\u00a0la captura de murci\u00e9lagos hemat\u00f3fagos con mallas de niebla, la supervisi\u00f3n de vacunaci\u00f3n y las\u00a0 jornadas de educaci\u00f3n.<\/p>\n<p>El subgerente de Salud y Bienestar Animal del FNG, Ismael Z\u00fa\u00f1iga, recalca que las regiones de climas c\u00e1lidos tienen mayor vulnerabilidad a recibir la visita de\u00a0murci\u00e9lagos hemat\u00f3fagos, raz\u00f3n por la cual\u00a0el pa\u00eds en general est\u00e1 en mayor riesgo. En efecto, en departamentos como\u00a0Cundinamarca y Boyac\u00e1, regiones del tr\u00f3pico alto, se han presentado casos positivos de Rabia Silvestre.<\/p>\n<p>&nbsp;<\/p>\n<p>Fuente: Adaptado de CONtexto Ganadero.<\/p>\n<div id=\"attachment_4650\" style=\"width: 130px\" class=\"wp-caption alignright\"><a href=\"http:\/\/www.agromundo.co\/plastigoma-pisos-de-caucho.html\" target=\"_blank\"><img aria-describedby=\"caption-attachment-4650\" loading=\"lazy\" class=\"wp-image-4650\" src=\"http:\/\/www.agromundo.co\/blog\/wp-content\/uploads\/2015\/11\/Pisos-de-caucho-para-ganado.jpg\" alt=\"Pisos de caucho para ganado Plastigoma\" width=\"120\" height=\"120\" srcset=\"https:\/\/www.agromundo.co\/blog\/wp-content\/uploads\/2015\/11\/Pisos-de-caucho-para-ganado.jpg 160w, https:\/\/www.agromundo.co\/blog\/wp-content\/uploads\/2015\/11\/Pisos-de-caucho-para-ganado-150x150.jpg 150w\" sizes=\"(max-width: 120px) 100vw, 120px\" \/><\/a><p id=\"caption-attachment-4650\" class=\"wp-caption-text\">Pisos de caucho para ganado Plastigoma<\/p><\/div>\n<p>Nota patrocinada por:<\/p>\n<div id=\"attachment_4690\" style=\"width: 130px\" class=\"wp-caption alignnone\"><a href=\"http:\/\/www.agromundo.co\/aqua-fan-sas.html\" target=\"_blank\"><img aria-describedby=\"caption-attachment-4690\" loading=\"lazy\" class=\"wp-image-4690\" src=\"http:\/\/www.agromundo.co\/blog\/wp-content\/uploads\/2015\/12\/Ventilador-aspersor-de-agua-Aquafan.jpg\" alt=\"Ventilador aspersor de agua Aquafan\" width=\"120\" height=\"120\" srcset=\"https:\/\/www.agromundo.co\/blog\/wp-content\/uploads\/2015\/12\/Ventilador-aspersor-de-agua-Aquafan.jpg 160w, https:\/\/www.agromundo.co\/blog\/wp-content\/uploads\/2015\/12\/Ventilador-aspersor-de-agua-Aquafan-150x150.jpg 150w\" sizes=\"(max-width: 120px) 100vw, 120px\" \/><\/a><p id=\"caption-attachment-4690\" class=\"wp-caption-text\">Ventilador aspersor de agua Aquafan<\/p><\/div>\n","protected":false},"excerpt":{"rendered":"<p>Foto: ecologiasocebu.blogspot.com.co La proliferaci\u00f3n del murci\u00e9lago en regiones donde antes no se localizaban, la falta de cultura de inmunizaci\u00f3n de reses, el incremento de las temperaturas, y ahora, la presencia de Rabia Bovina en la frontera con Brasil, ponen en riesgo al hato colombiano.\u00a0 El a\u00f1o 2016 inici\u00f3 con 2 noticias desalentadoras para el hato [&hellip;]<\/p>\n","protected":false},"author":1,"featured_media":4805,"comment_status":"open","ping_status":"open","sticky":false,"template":"","format":"standard","meta":[],"categories":[9,3,18,6],"tags":[1433,784,496,1401,1400,639],"yoast_head":"<!-- This site is optimized with the Yoast SEO plugin v17.3 - https:\/\/yoast.com\/wordpress\/plugins\/seo\/ -->\n<meta name=\"description\" content=\"Aumenta el riesgo de Rabia Bovina en Colombia.\" \/>\n<meta name=\"robots\" content=\"index, follow, max-snippet:-1, max-image-preview:large, max-video-preview:-1\" \/>\n<meta property=\"og:locale\" content=\"es_ES\" \/>\n<meta property=\"og:type\" content=\"article\" \/>\n<meta property=\"og:title\" content=\"Rabia Bovina. Aumenta el riesgo - Notiagro\" \/>\n<meta property=\"og:description\" content=\"Aumenta el riesgo de Rabia Bovina en Colombia.\" \/>\n<meta property=\"og:site_name\" content=\"Notiagro\" \/>\n<meta property=\"article:published_time\" content=\"2016-02-10T15:14:53+00:00\" \/>\n<meta property=\"og:image\" content=\"https:\/\/www.agromundo.co\/blog\/wp-content\/uploads\/2016\/02\/Rabia-bovina.jpg\" \/>\n\t<meta property=\"og:image:width\" content=\"300\" \/>\n\t<meta property=\"og:image:height\" content=\"205\" \/>\n<meta name=\"twitter:label1\" content=\"Escrito por\" \/>\n\t<meta name=\"twitter:data1\" content=\"admin\" \/>\n\t<meta name=\"twitter:label2\" content=\"Tiempo de lectura\" \/>\n\t<meta name=\"twitter:data2\" content=\"3 minutos\" \/>\n<script type=\"application\/ld+json\" class=\"yoast-schema-graph\">{\"@context\":\"https:\/\/schema.org\",\"@graph\":[{\"@type\":\"WebSite\",\"@id\":\"https:\/\/www.agromundo.co\/blog\/#website\",\"url\":\"https:\/\/www.agromundo.co\/blog\/\",\"name\":\"Notiagro\",\"description\":\"Noticias y eventos sector agropecuario colombiano\",\"potentialAction\":[{\"@type\":\"SearchAction\",\"target\":{\"@type\":\"EntryPoint\",\"urlTemplate\":\"https:\/\/www.agromundo.co\/blog\/?s={search_term_string}\"},\"query-input\":\"required name=search_term_string\"}],\"inLanguage\":\"es\"},{\"@type\":\"ImageObject\",\"@id\":\"#primaryimage\",\"inLanguage\":\"es\",\"url\":\"https:\/\/www.agromundo.co\/blog\/wp-content\/uploads\/2016\/02\/Rabia-bovina.jpg\",\"contentUrl\":\"https:\/\/www.agromundo.co\/blog\/wp-content\/uploads\/2016\/02\/Rabia-bovina.jpg\",\"width\":300,\"height\":205},{\"@type\":\"WebPage\",\"@id\":\"#webpage\",\"url\":null,\"name\":\"Rabia Bovina. Aumenta el riesgo - Notiagro\",\"isPartOf\":{\"@id\":\"https:\/\/www.agromundo.co\/blog\/#website\"},\"primaryImageOfPage\":{\"@id\":\"#primaryimage\"},\"datePublished\":\"2016-02-10T15:14:53+00:00\",\"dateModified\":\"2016-02-10T15:14:53+00:00\",\"author\":{\"@id\":\"https:\/\/www.agromundo.co\/blog\/#\/schema\/person\/3e07d858c3c7a93ebf4ad3785559d35d\"},\"description\":\"Aumenta el riesgo de Rabia Bovina en Colombia.\",\"breadcrumb\":{\"@id\":\"#breadcrumb\"},\"inLanguage\":\"es\",\"potentialAction\":[{\"@type\":\"ReadAction\",\"target\":[null]}]},{\"@type\":\"BreadcrumbList\",\"@id\":\"#breadcrumb\",\"itemListElement\":[{\"@type\":\"ListItem\",\"position\":1,\"name\":\"Portada\",\"item\":\"https:\/\/www.agromundo.co\/blog\/\"},{\"@type\":\"ListItem\",\"position\":2,\"name\":\"Rabia Bovina. Aumenta el riesgo\"}]},{\"@type\":\"Person\",\"@id\":\"https:\/\/www.agromundo.co\/blog\/#\/schema\/person\/3e07d858c3c7a93ebf4ad3785559d35d\",\"name\":\"admin\",\"image\":{\"@type\":\"ImageObject\",\"@id\":\"https:\/\/www.agromundo.co\/blog\/#personlogo\",\"inLanguage\":\"es\",\"url\":\"https:\/\/secure.gravatar.com\/avatar\/f990c4c6d966ea7f7bec9cc10bcda5ce?s=96&d=mm&r=g\",\"contentUrl\":\"https:\/\/secure.gravatar.com\/avatar\/f990c4c6d966ea7f7bec9cc10bcda5ce?s=96&d=mm&r=g\",\"caption\":\"admin\"},\"url\":\"https:\/\/www.agromundo.co\/blog\/author\/admin\/\"}]}<\/script>\n<!-- \/ Yoast SEO plugin. -->","yoast_head_json":{"description":"Aumenta el riesgo de Rabia Bovina en Colombia.","robots":{"index":"index","follow":"follow","max-snippet":"max-snippet:-1","max-image-preview":"max-image-preview:large","max-video-preview":"max-video-preview:-1"},"og_locale":"es_ES","og_type":"article","og_title":"Rabia Bovina. Aumenta el riesgo - Notiagro","og_description":"Aumenta el riesgo de Rabia Bovina en Colombia.","og_site_name":"Notiagro","article_published_time":"2016-02-10T15:14:53+00:00","og_image":[{"width":300,"height":205,"url":"https:\/\/www.agromundo.co\/blog\/wp-content\/uploads\/2016\/02\/Rabia-bovina.jpg","type":"image\/jpeg"}],"twitter_misc":{"Escrito por":"admin","Tiempo de lectura":"3 minutos"},"schema":{"@context":"https:\/\/schema.org","@graph":[{"@type":"WebSite","@id":"https:\/\/www.agromundo.co\/blog\/#website","url":"https:\/\/www.agromundo.co\/blog\/","name":"Notiagro","description":"Noticias y eventos sector agropecuario colombiano","potentialAction":[{"@type":"SearchAction","target":{"@type":"EntryPoint","urlTemplate":"https:\/\/www.agromundo.co\/blog\/?s={search_term_string}"},"query-input":"required name=search_term_string"}],"inLanguage":"es"},{"@type":"ImageObject","@id":"#primaryimage","inLanguage":"es","url":"https:\/\/www.agromundo.co\/blog\/wp-content\/uploads\/2016\/02\/Rabia-bovina.jpg","contentUrl":"https:\/\/www.agromundo.co\/blog\/wp-content\/uploads\/2016\/02\/Rabia-bovina.jpg","width":300,"height":205},{"@type":"WebPage","@id":"#webpage","url":null,"name":"Rabia Bovina. Aumenta el riesgo - Notiagro","isPartOf":{"@id":"https:\/\/www.agromundo.co\/blog\/#website"},"primaryImageOfPage":{"@id":"#primaryimage"},"datePublished":"2016-02-10T15:14:53+00:00","dateModified":"2016-02-10T15:14:53+00:00","author":{"@id":"https:\/\/www.agromundo.co\/blog\/#\/schema\/person\/3e07d858c3c7a93ebf4ad3785559d35d"},"description":"Aumenta el riesgo de Rabia Bovina en Colombia.","breadcrumb":{"@id":"#breadcrumb"},"inLanguage":"es","potentialAction":[{"@type":"ReadAction","target":[null]}]},{"@type":"BreadcrumbList","@id":"#breadcrumb","itemListElement":[{"@type":"ListItem","position":1,"name":"Portada","item":"https:\/\/www.agromundo.co\/blog\/"},{"@type":"ListItem","position":2,"name":"Rabia Bovina. Aumenta el riesgo"}]},{"@type":"Person","@id":"https:\/\/www.agromundo.co\/blog\/#\/schema\/person\/3e07d858c3c7a93ebf4ad3785559d35d","name":"admin","image":{"@type":"ImageObject","@id":"https:\/\/www.agromundo.co\/blog\/#personlogo","inLanguage":"es","url":"https:\/\/secure.gravatar.com\/avatar\/f990c4c6d966ea7f7bec9cc10bcda5ce?s=96&d=mm&r=g","contentUrl":"https:\/\/secure.gravatar.com\/avatar\/f990c4c6d966ea7f7bec9cc10bcda5ce?s=96&d=mm&r=g","caption":"admin"},"url":"https:\/\/www.agromundo.co\/blog\/author\/admin\/"}]}},"_links":{"self":[{"href":"https:\/\/www.agromundo.co\/blog\/wp-json\/wp\/v2\/posts\/4804"}],"collection":[{"href":"https:\/\/www.agromundo.co\/blog\/wp-json\/wp\/v2\/posts"}],"about":[{"href":"https:\/\/www.agromundo.co\/blog\/wp-json\/wp\/v2\/types\/post"}],"author":[{"embeddable":true,"href":"https:\/\/www.agromundo.co\/blog\/wp-json\/wp\/v2\/users\/1"}],"replies":[{"embeddable":true,"href":"https:\/\/www.agromundo.co\/blog\/wp-json\/wp\/v2\/comments?post=4804"}],"version-history":[{"count":1,"href":"https:\/\/www.agromundo.co\/blog\/wp-json\/wp\/v2\/posts\/4804\/revisions"}],"predecessor-version":[{"id":4806,"href":"https:\/\/www.agromundo.co\/blog\/wp-json\/wp\/v2\/posts\/4804\/revisions\/4806"}],"wp:featuredmedia":[{"embeddable":true,"href":"https:\/\/www.agromundo.co\/blog\/wp-json\/wp\/v2\/media\/4805"}],"wp:attachment":[{"href":"https:\/\/www.agromundo.co\/blog\/wp-json\/wp\/v2\/media?parent=4804"}],"wp:term":[{"taxonomy":"category","embeddable":true,"href":"https:\/\/www.agromundo.co\/blog\/wp-json\/wp\/v2\/categories?post=4804"},{"taxonomy":"post_tag","embeddable":true,"href":"https:\/\/www.agromundo.co\/blog\/wp-json\/wp\/v2\/tags?post=4804"}],"curies":[{"name":"wp","href":"https:\/\/api.w.org\/{rel}","templated":true}]}}