{"id":4840,"date":"2016-02-22T15:22:24","date_gmt":"2016-02-22T15:22:24","guid":{"rendered":"http:\/\/www.agromundo.co\/blog\/?p=4840"},"modified":"2016-02-22T15:22:24","modified_gmt":"2016-02-22T15:22:24","slug":"fiebre-aftosa-culmina-ciclo-de-vacunacion","status":"publish","type":"post","link":"https:\/\/www.agromundo.co\/blog\/fiebre-aftosa-culmina-ciclo-de-vacunacion\/","title":{"rendered":"Fiebre Aftosa. Culmina ciclo de vacunaci\u00f3n"},"content":{"rendered":"<p><a href=\"http:\/\/www.agromundo.co\/blog\/wp-content\/uploads\/2016\/02\/Afyosa-y-Brucelosis.jpg\"><img loading=\"lazy\" class=\"alignnone size-full wp-image-4841\" src=\"http:\/\/www.agromundo.co\/blog\/wp-content\/uploads\/2016\/02\/Afyosa-y-Brucelosis.jpg\" alt=\"Afyosa y Brucelosis\" width=\"273\" height=\"205\" srcset=\"https:\/\/www.agromundo.co\/blog\/wp-content\/uploads\/2016\/02\/Afyosa-y-Brucelosis.jpg 273w, https:\/\/www.agromundo.co\/blog\/wp-content\/uploads\/2016\/02\/Afyosa-y-Brucelosis-100x75.jpg 100w\" sizes=\"(max-width: 273px) 100vw, 273px\" \/><\/a><\/p>\n<ul>\n<li><em>Los ganaderos de las zonas establecidas que no vacunen sus animales dentro del ciclo ser\u00e1n objeto de sanciones.<\/em><\/li>\n<\/ul>\n<ul>\n<li><em>Desde hace cerca de 20 a\u00f1os, el ICA estableci\u00f3 2 ciclos de vacunaci\u00f3n por a\u00f1o. Por su eficacia se logr\u00f3 que la OIE en el a\u00f1o 2009 certificara al pa\u00eds como libre de Fiebre Aftosa con vacunaci\u00f3n.<\/em><\/li>\n<\/ul>\n<ul>\n<li><em>Los 2 ciclos de vacunaci\u00f3n que se adelantan cada a\u00f1o son la garant\u00eda para que el pa\u00eds permanezca libre de Fiebre Aftosa, lo cual redunda en la competitividad de la ganader\u00eda nacional en el comercio internacional.<\/em><\/li>\n<\/ul>\n<p>El 2 de marzo pr\u00f3ximo vence el plazo establecido para que los ganaderos den cumplimiento a la etapa dos del segundo ciclo de vacunaci\u00f3n 2015 contra Fiebre Aftosa y Brucelosis Bovina, en los 15 departamentos que fueron establecidos por el ICA mediante la Resoluci\u00f3n 0211 de enero de 2016.<\/p>\n<p>Luis Humberto Mart\u00ednez Lacouture, gerente general del ICA, se\u00f1al\u00f3 que gracias al rigor de los programas de vacunaci\u00f3n contra la Fiebre Aftosa, el pa\u00eds est\u00e1 libre de la enfermedad, por lo que invita a los ganaderos a cumplir fielmente con los ciclos de vacunaci\u00f3n y no exponerse a multas. Agreg\u00f3 que se debe mantener la confianza que el pa\u00eds ha ganado en los mercados internacionales.<\/p>\n<p>Indic\u00f3 el funcionario que cualquier \u00a0modificaci\u00f3n a los ciclos de vacunaci\u00f3n o a otros aspectos del programa nacional de Fiebre Aftosa, \u00a0deber\u00e1n ser el resultado de \u00a0juiciosos \u00a0y estricto an\u00e1lisis, los cuales se debe hacer con todo el rigor \u00a0t\u00e9cnico, \u00a0y avalados por la Organizaci\u00f3n Mundial de Sanidad Animal (OIE), entidad responsable de verificar el estatus sanitario de los pa\u00edses.<\/p>\n<p>Los departamentos en los que se est\u00e1 adelantando la vacunaci\u00f3n son Antioquia, Caldas, Boyac\u00e1, Caquet\u00e1, Choc\u00f3, Cauca, Cundinamarca, Nari\u00f1o, Huila, Putumayo, Risaralda, Quind\u00edo, Santander, Valle del Cauca y Tolima, y en los municipios El Calvario y San Juanito del departamento del Meta y San Jacinto del Cauca en Bol\u00edvar.<\/p>\n<p>Los ganaderos de las zonas establecidas que no vacunen sus animales dentro del ciclo, ser\u00e1n objeto del proceso sancionatorio establecido en \u00a0las Leyes 395 de 1997 y 1437 de 201.<\/p>\n<p>Los animales procedentes de zonas libres sin vacunaci\u00f3n (San Andr\u00e9s y noroccidente del Choc\u00f3) y que sean movilizados a zonas donde es obligatoria la medida, deber\u00e1n inmunizarse contra la Fiebre Aftosa en sus lugares de destino.<\/p>\n<p>Adicionalmente, durante el plazo con vencimiento el 2 de marzo de 2016 tambi\u00e9n deben \u00a0vacunarse contra la Brucelosis Bovina todas las hembras bovinas y bufalinas entre 3 y 8 meses de edad, en las zonas establecidas en la segunda etapa del segundo \u00a0ciclo de vacunaci\u00f3n contra la Fiebre Aftosa.<\/p>\n<p>As\u00ed mismo, el ICA determin\u00f3 que durante este ciclo de vacunaci\u00f3n, los ganaderos que no hayan vacunado sus animales contra la Rabia de origen silvestre durante el \u00faltimo a\u00f1o en las zonas establecidas, deben hacerlo de manera obligatoria.<\/p>\n<p>&nbsp;<\/p>\n<p>Fuente: Adaptado de Instituto Colombiano Agropecuario.<\/p>\n<div id=\"attachment_4512\" style=\"width: 134px\" class=\"wp-caption alignright\"><a href=\"http:\/\/www.agromundo.co\/actual-biotec.html\" target=\"_blank\"><img aria-describedby=\"caption-attachment-4512\" loading=\"lazy\" class=\"wp-image-4512\" src=\"http:\/\/www.agromundo.co\/blog\/wp-content\/uploads\/2015\/10\/Kit-de-inseminaci\u00f3n-Actual-Biotec.jpg\" alt=\"Kit de inseminaci\u00f3n Actual Biotec\" width=\"124\" height=\"120\" \/><\/a><p id=\"caption-attachment-4512\" class=\"wp-caption-text\">Kit de inseminaci\u00f3n Actual Biotec<\/p><\/div>\n<p>Nota patrocinada por:<\/p>\n<div id=\"attachment_4690\" style=\"width: 130px\" class=\"wp-caption alignnone\"><a href=\"http:\/\/www.agromundo.co\/aqua-fan-sas.html\" target=\"_blank\"><img aria-describedby=\"caption-attachment-4690\" loading=\"lazy\" class=\"wp-image-4690\" src=\"http:\/\/www.agromundo.co\/blog\/wp-content\/uploads\/2015\/12\/Ventilador-aspersor-de-agua-Aquafan.jpg\" alt=\"Ventilador aspersor de agua Aquafan\" width=\"120\" height=\"120\" srcset=\"https:\/\/www.agromundo.co\/blog\/wp-content\/uploads\/2015\/12\/Ventilador-aspersor-de-agua-Aquafan.jpg 160w, https:\/\/www.agromundo.co\/blog\/wp-content\/uploads\/2015\/12\/Ventilador-aspersor-de-agua-Aquafan-150x150.jpg 150w\" sizes=\"(max-width: 120px) 100vw, 120px\" \/><\/a><p id=\"caption-attachment-4690\" class=\"wp-caption-text\">Ventilador aspersor de agua Aquafan<\/p><\/div>\n","protected":false},"excerpt":{"rendered":"<p>Los ganaderos de las zonas establecidas que no vacunen sus animales dentro del ciclo ser\u00e1n objeto de sanciones. Desde hace cerca de 20 a\u00f1os, el ICA estableci\u00f3 2 ciclos de vacunaci\u00f3n por a\u00f1o. Por su eficacia se logr\u00f3 que la OIE en el a\u00f1o 2009 certificara al pa\u00eds como libre de Fiebre Aftosa con vacunaci\u00f3n. [&hellip;]<\/p>\n","protected":false},"author":1,"featured_media":4841,"comment_status":"open","ping_status":"open","sticky":false,"template":"","format":"standard","meta":[],"categories":[3,18,6],"tags":[366,2508,1433,464,639,2543],"yoast_head":"<!-- This site is optimized with the Yoast SEO plugin v17.3 - https:\/\/yoast.com\/wordpress\/plugins\/seo\/ -->\n<meta name=\"description\" content=\"El segundo ciclo de vacunaci\u00f3n contra Fiebre Aftosa culmina el pr\u00f3ximo 2 de marzo.\" \/>\n<meta name=\"robots\" content=\"index, follow, max-snippet:-1, max-image-preview:large, max-video-preview:-1\" \/>\n<meta property=\"og:locale\" content=\"es_ES\" \/>\n<meta property=\"og:type\" content=\"article\" \/>\n<meta property=\"og:title\" content=\"Fiebre Aftosa. Culmina ciclo de vacunaci\u00f3n - Notiagro\" \/>\n<meta property=\"og:description\" content=\"El segundo ciclo de vacunaci\u00f3n contra Fiebre Aftosa culmina el pr\u00f3ximo 2 de marzo.\" \/>\n<meta property=\"og:site_name\" content=\"Notiagro\" \/>\n<meta property=\"article:published_time\" content=\"2016-02-22T15:22:24+00:00\" \/>\n<meta property=\"og:image\" content=\"https:\/\/www.agromundo.co\/blog\/wp-content\/uploads\/2016\/02\/Afyosa-y-Brucelosis.jpg\" \/>\n\t<meta property=\"og:image:width\" content=\"273\" \/>\n\t<meta property=\"og:image:height\" content=\"205\" \/>\n<meta name=\"twitter:label1\" content=\"Escrito por\" \/>\n\t<meta name=\"twitter:data1\" content=\"admin\" \/>\n\t<meta name=\"twitter:label2\" content=\"Tiempo de lectura\" \/>\n\t<meta name=\"twitter:data2\" content=\"3 minutos\" \/>\n<script type=\"application\/ld+json\" class=\"yoast-schema-graph\">{\"@context\":\"https:\/\/schema.org\",\"@graph\":[{\"@type\":\"WebSite\",\"@id\":\"https:\/\/www.agromundo.co\/blog\/#website\",\"url\":\"https:\/\/www.agromundo.co\/blog\/\",\"name\":\"Notiagro\",\"description\":\"Noticias y eventos sector agropecuario colombiano\",\"potentialAction\":[{\"@type\":\"SearchAction\",\"target\":{\"@type\":\"EntryPoint\",\"urlTemplate\":\"https:\/\/www.agromundo.co\/blog\/?s={search_term_string}\"},\"query-input\":\"required name=search_term_string\"}],\"inLanguage\":\"es\"},{\"@type\":\"ImageObject\",\"@id\":\"#primaryimage\",\"inLanguage\":\"es\",\"url\":\"https:\/\/www.agromundo.co\/blog\/wp-content\/uploads\/2016\/02\/Afyosa-y-Brucelosis.jpg\",\"contentUrl\":\"https:\/\/www.agromundo.co\/blog\/wp-content\/uploads\/2016\/02\/Afyosa-y-Brucelosis.jpg\",\"width\":273,\"height\":205},{\"@type\":\"WebPage\",\"@id\":\"#webpage\",\"url\":null,\"name\":\"Fiebre Aftosa. Culmina ciclo de vacunaci\\u00f3n - Notiagro\",\"isPartOf\":{\"@id\":\"https:\/\/www.agromundo.co\/blog\/#website\"},\"primaryImageOfPage\":{\"@id\":\"#primaryimage\"},\"datePublished\":\"2016-02-22T15:22:24+00:00\",\"dateModified\":\"2016-02-22T15:22:24+00:00\",\"author\":{\"@id\":\"https:\/\/www.agromundo.co\/blog\/#\/schema\/person\/3e07d858c3c7a93ebf4ad3785559d35d\"},\"description\":\"El segundo ciclo de vacunaci\\u00f3n contra Fiebre Aftosa culmina el pr\\u00f3ximo 2 de marzo.\",\"breadcrumb\":{\"@id\":\"#breadcrumb\"},\"inLanguage\":\"es\",\"potentialAction\":[{\"@type\":\"ReadAction\",\"target\":[null]}]},{\"@type\":\"BreadcrumbList\",\"@id\":\"#breadcrumb\",\"itemListElement\":[{\"@type\":\"ListItem\",\"position\":1,\"name\":\"Portada\",\"item\":\"https:\/\/www.agromundo.co\/blog\/\"},{\"@type\":\"ListItem\",\"position\":2,\"name\":\"Fiebre Aftosa. Culmina ciclo de vacunaci\\u00f3n\"}]},{\"@type\":\"Person\",\"@id\":\"https:\/\/www.agromundo.co\/blog\/#\/schema\/person\/3e07d858c3c7a93ebf4ad3785559d35d\",\"name\":\"admin\",\"image\":{\"@type\":\"ImageObject\",\"@id\":\"https:\/\/www.agromundo.co\/blog\/#personlogo\",\"inLanguage\":\"es\",\"url\":\"https:\/\/secure.gravatar.com\/avatar\/f990c4c6d966ea7f7bec9cc10bcda5ce?s=96&d=mm&r=g\",\"contentUrl\":\"https:\/\/secure.gravatar.com\/avatar\/f990c4c6d966ea7f7bec9cc10bcda5ce?s=96&d=mm&r=g\",\"caption\":\"admin\"},\"url\":\"https:\/\/www.agromundo.co\/blog\/author\/admin\/\"}]}<\/script>\n<!-- \/ Yoast SEO plugin. -->","yoast_head_json":{"description":"El segundo ciclo de vacunaci\u00f3n contra Fiebre Aftosa culmina el pr\u00f3ximo 2 de marzo.","robots":{"index":"index","follow":"follow","max-snippet":"max-snippet:-1","max-image-preview":"max-image-preview:large","max-video-preview":"max-video-preview:-1"},"og_locale":"es_ES","og_type":"article","og_title":"Fiebre Aftosa. Culmina ciclo de vacunaci\u00f3n - Notiagro","og_description":"El segundo ciclo de vacunaci\u00f3n contra Fiebre Aftosa culmina el pr\u00f3ximo 2 de marzo.","og_site_name":"Notiagro","article_published_time":"2016-02-22T15:22:24+00:00","og_image":[{"width":273,"height":205,"url":"https:\/\/www.agromundo.co\/blog\/wp-content\/uploads\/2016\/02\/Afyosa-y-Brucelosis.jpg","type":"image\/jpeg"}],"twitter_misc":{"Escrito por":"admin","Tiempo de lectura":"3 minutos"},"schema":{"@context":"https:\/\/schema.org","@graph":[{"@type":"WebSite","@id":"https:\/\/www.agromundo.co\/blog\/#website","url":"https:\/\/www.agromundo.co\/blog\/","name":"Notiagro","description":"Noticias y eventos sector agropecuario colombiano","potentialAction":[{"@type":"SearchAction","target":{"@type":"EntryPoint","urlTemplate":"https:\/\/www.agromundo.co\/blog\/?s={search_term_string}"},"query-input":"required name=search_term_string"}],"inLanguage":"es"},{"@type":"ImageObject","@id":"#primaryimage","inLanguage":"es","url":"https:\/\/www.agromundo.co\/blog\/wp-content\/uploads\/2016\/02\/Afyosa-y-Brucelosis.jpg","contentUrl":"https:\/\/www.agromundo.co\/blog\/wp-content\/uploads\/2016\/02\/Afyosa-y-Brucelosis.jpg","width":273,"height":205},{"@type":"WebPage","@id":"#webpage","url":null,"name":"Fiebre Aftosa. Culmina ciclo de vacunaci\u00f3n - Notiagro","isPartOf":{"@id":"https:\/\/www.agromundo.co\/blog\/#website"},"primaryImageOfPage":{"@id":"#primaryimage"},"datePublished":"2016-02-22T15:22:24+00:00","dateModified":"2016-02-22T15:22:24+00:00","author":{"@id":"https:\/\/www.agromundo.co\/blog\/#\/schema\/person\/3e07d858c3c7a93ebf4ad3785559d35d"},"description":"El segundo ciclo de vacunaci\u00f3n contra Fiebre Aftosa culmina el pr\u00f3ximo 2 de marzo.","breadcrumb":{"@id":"#breadcrumb"},"inLanguage":"es","potentialAction":[{"@type":"ReadAction","target":[null]}]},{"@type":"BreadcrumbList","@id":"#breadcrumb","itemListElement":[{"@type":"ListItem","position":1,"name":"Portada","item":"https:\/\/www.agromundo.co\/blog\/"},{"@type":"ListItem","position":2,"name":"Fiebre Aftosa. Culmina ciclo de vacunaci\u00f3n"}]},{"@type":"Person","@id":"https:\/\/www.agromundo.co\/blog\/#\/schema\/person\/3e07d858c3c7a93ebf4ad3785559d35d","name":"admin","image":{"@type":"ImageObject","@id":"https:\/\/www.agromundo.co\/blog\/#personlogo","inLanguage":"es","url":"https:\/\/secure.gravatar.com\/avatar\/f990c4c6d966ea7f7bec9cc10bcda5ce?s=96&d=mm&r=g","contentUrl":"https:\/\/secure.gravatar.com\/avatar\/f990c4c6d966ea7f7bec9cc10bcda5ce?s=96&d=mm&r=g","caption":"admin"},"url":"https:\/\/www.agromundo.co\/blog\/author\/admin\/"}]}},"_links":{"self":[{"href":"https:\/\/www.agromundo.co\/blog\/wp-json\/wp\/v2\/posts\/4840"}],"collection":[{"href":"https:\/\/www.agromundo.co\/blog\/wp-json\/wp\/v2\/posts"}],"about":[{"href":"https:\/\/www.agromundo.co\/blog\/wp-json\/wp\/v2\/types\/post"}],"author":[{"embeddable":true,"href":"https:\/\/www.agromundo.co\/blog\/wp-json\/wp\/v2\/users\/1"}],"replies":[{"embeddable":true,"href":"https:\/\/www.agromundo.co\/blog\/wp-json\/wp\/v2\/comments?post=4840"}],"version-history":[{"count":1,"href":"https:\/\/www.agromundo.co\/blog\/wp-json\/wp\/v2\/posts\/4840\/revisions"}],"predecessor-version":[{"id":4842,"href":"https:\/\/www.agromundo.co\/blog\/wp-json\/wp\/v2\/posts\/4840\/revisions\/4842"}],"wp:featuredmedia":[{"embeddable":true,"href":"https:\/\/www.agromundo.co\/blog\/wp-json\/wp\/v2\/media\/4841"}],"wp:attachment":[{"href":"https:\/\/www.agromundo.co\/blog\/wp-json\/wp\/v2\/media?parent=4840"}],"wp:term":[{"taxonomy":"category","embeddable":true,"href":"https:\/\/www.agromundo.co\/blog\/wp-json\/wp\/v2\/categories?post=4840"},{"taxonomy":"post_tag","embeddable":true,"href":"https:\/\/www.agromundo.co\/blog\/wp-json\/wp\/v2\/tags?post=4840"}],"curies":[{"name":"wp","href":"https:\/\/api.w.org\/{rel}","templated":true}]}}