{"id":5135,"date":"2016-06-07T14:41:21","date_gmt":"2016-06-07T14:41:21","guid":{"rendered":"http:\/\/www.agromundo.co\/blog\/?p=5135"},"modified":"2016-06-07T14:41:21","modified_gmt":"2016-06-07T14:41:21","slug":"fiebre-aftosa-comienza-ciclo-de-vacunacion","status":"publish","type":"post","link":"https:\/\/www.agromundo.co\/blog\/fiebre-aftosa-comienza-ciclo-de-vacunacion\/","title":{"rendered":"Fiebre Aftosa. Comienza ciclo de vacunaci\u00f3n"},"content":{"rendered":"<p><a href=\"http:\/\/www.agromundo.co\/blog\/wp-content\/uploads\/2016\/06\/vacuna-Aftosa1.jpg\"><img loading=\"lazy\" class=\"alignnone size-full wp-image-5137\" src=\"http:\/\/www.agromundo.co\/blog\/wp-content\/uploads\/2016\/06\/vacuna-Aftosa1.jpg\" alt=\"vacuna Aftosa\" width=\"293\" height=\"220\" srcset=\"https:\/\/www.agromundo.co\/blog\/wp-content\/uploads\/2016\/06\/vacuna-Aftosa1.jpg 293w, https:\/\/www.agromundo.co\/blog\/wp-content\/uploads\/2016\/06\/vacuna-Aftosa1-100x75.jpg 100w\" sizes=\"(max-width: 293px) 100vw, 293px\" \/><\/a><\/p>\n<ul>\n<li><em>Desde el d\u00eda 24 de mayo Vecol realiza los despachos de las vacunas \u00a0a todo el pa\u00eds. <\/em><\/li>\n<li><em>M\u00e1s de 3.000 personas entre programadores, vacunadores y m\u00e9dicos veterinarios del FNG y de las organizaciones Ejecutoras Autorizadas participan \u00a0en el ciclo de vacunaci\u00f3n.<\/em><em>\u00a0<\/em><\/li>\n<\/ul>\n<p>Entre el 7 de junio y el 21 de julio se realizar\u00e1 en todo el territorio colombiano el primer ciclo de vacunaci\u00f3n \u00a0contra Fiebre Aftosa y Brucelosis Bovina. As\u00ed \u00a0lo determin\u00f3 el ICA mediante las Resoluciones \u00a04482 del 25 de abril de 2016 y 5273 de 2016, expedidas por \u00a0la entidad como autoridad sanitaria del pa\u00eds.<\/p>\n<p>La ejecuci\u00f3n del ciclo de \u00a0vacunaci\u00f3n contra la Fiebre Aftosa y Brucelosis Bovina estar\u00e1 bajo la responsabilidad del Fondo Nacional del Ganado (FNG) y su administrador, el Ministerio de Agricultura y Desarrollo Rural.<\/p>\n<p>Las organizaciones ejecutoras est\u00e1n listas con toda la documentaci\u00f3n solicitada y se encuentran preparadas con la log\u00edstica requerida \u00a0para la ejecuci\u00f3n del primer ciclo de vacunaci\u00f3n contra Fiebre Aftosa.<\/p>\n<p>Luis Humberto Mart\u00ednez Lacouture gerente general del ICA se\u00f1al\u00f3 que esa entidad labora sin descanso con el objetivo de mantener la sanidad animal del pa\u00eds, y de la mano de gremios y ganaderos busca la conquista de nuevos mercados y que por esta raz\u00f3n es muy importante no bajar la guardia en la vacunaci\u00f3n contra la Fiebre Aftosa.<\/p>\n<p>Agreg\u00f3 el funcionario que Colombia vende actualmente carne a 8 pa\u00edses, entre los que se encuentran Rusia, Chile y Jordania y recientemente \u00a0a Emiratos \u00c1rabes Unidos y que para la entidad es claro que debe ser un socio estrat\u00e9gico de la ganader\u00eda nacional.<\/p>\n<p>El ICA dio apoyo a todas las actividades de capacitaci\u00f3n de m\u00e1s de 3.000 personas contratadas por el Fondo Nacional del Ganado (FNG), que se dedicar\u00e1n a la vacunaci\u00f3n predio por predio; as\u00ed mismo la entidad \u00a0supervisar\u00e1 cada paso del ciclo hasta lograr la cobertura necesaria para conservar el estatus sanitario con que cuenta Colombia en la actualidad.<\/p>\n<p>Para la ejecuci\u00f3n de la vacunaci\u00f3n \u00fanicamente se podr\u00e1n utilizar lotes de vacunas contra Fiebre Aftosa y la Brucelosis Bovina que hayan sido previamente evaluados y aprobados por el ICA, de acuerdo con los par\u00e1metros de inocuidad, esterilidad, pureza y potencia establecidos en las normas vigentes.<\/p>\n<p>La vacunaci\u00f3n se realizar\u00e1 en \u00a0todo el pa\u00eds con excepci\u00f3n de las zonas libres de Fiebre Aftosa sin vacunaci\u00f3n, localizadas en el Choc\u00f3 y San Andr\u00e9s.<\/p>\n<p>En los municipios fronterizos de Arauca, Boyac\u00e1 y Vichada, en la zona de protecci\u00f3n de Norte de Santander establecida en la Resoluci\u00f3n #2141 de 2009 y en los municipios de frontera en los departamentos de Nari\u00f1o, La Guajira y Putumayo, la vacunaci\u00f3n contra la Fiebre Aftosa se efectuar\u00e1 en barrido al inicio del ciclo con la supervisi\u00f3n oficial del ICA.<\/p>\n<p>En los predios definidos como de alto riesgo de ocurrencia de Fiebre Aftosa por el ICA y en aquellos con m\u00e1s de 500 bovinos, la vacunaci\u00f3n se deber\u00e1 ejecutar durante las 3 primeras semanas del ciclo, por lo que las organizaciones ejecutoras autorizadas deber\u00e1n ajustar sus programaciones para \u00a0llevar a cabo estas vacunaciones en ese periodo.<\/p>\n<p>Los animales procedentes de los municipios y departamentos de las zonas libres de Aftosa sin vacunaci\u00f3n que se movilicen a zonas donde sea obligatoria la vacunaci\u00f3n, deber\u00e1n vacunarse contra la enfermedad en los lugares de destino y las vacunaciones deben registrarse ante el ICA.<\/p>\n<p>Con respecto a la Brucelosis Bovina, se vacunar\u00e1n todas las hembras bovinas y bufalinas entre 3 y 8 meses de edad existentes en el territorio nacional, con excepci\u00f3n de las que se encuentren en la Provincia de Garc\u00eda Rovira del departamento de Santander, la Provincia Norte y Guti\u00e9rrez del departamento de Boyac\u00e1 y el Archipi\u00e9lago de San Andr\u00e9s, Providencia y Santa Catalina.<\/p>\n<p>As\u00ed mismo, el ICA determin\u00f3 que durante este ciclo de vacunaci\u00f3n, para los ganaderos que no hayan vacunado sus animales contra la Rabia Silvestre en\u00a0el \u00faltimo a\u00f1o, ser\u00e1 obligatorio vacunar contra la enfermedad en las zonas definidas como de riesgo seg\u00fan lo indicado en la resoluci\u00f3n.<\/p>\n<p>&nbsp;<\/p>\n<p>Fuente: Adaptado de Instituto Colombiano Agropecuario.<\/p>\n<div id=\"attachment_4791\" style=\"width: 134px\" class=\"wp-caption alignright\"><a href=\"http:\/\/www.agromundo.co\/actual-biotec.html\" target=\"_blank\"><img aria-describedby=\"caption-attachment-4791\" loading=\"lazy\" class=\"wp-image-4791\" src=\"http:\/\/www.agromundo.co\/blog\/wp-content\/uploads\/2016\/02\/Kit-de-inseminaci\u00f3n-Actual-Biotec.jpg\" alt=\"Kit de inseminaci\u00f3n Actual Biotec\" width=\"124\" height=\"120\" \/><\/a><p id=\"caption-attachment-4791\" class=\"wp-caption-text\">Kit de inseminaci\u00f3n Actual Biotec<\/p><\/div>\n<p>Nota patrocinada por:<\/p>\n<div id=\"attachment_4930\" style=\"width: 130px\" class=\"wp-caption alignnone\"><a href=\"http:\/\/www.agromundo.co\/aqua-fan-sas.html\" target=\"_blank\"><img aria-describedby=\"caption-attachment-4930\" loading=\"lazy\" class=\"wp-image-4930\" src=\"http:\/\/www.agromundo.co\/blog\/wp-content\/uploads\/2016\/03\/Ventilador-aspersor-de-agua-Aquafan.jpg\" alt=\"Ventilador aspersor de agua Aquafan\" width=\"120\" height=\"120\" srcset=\"https:\/\/www.agromundo.co\/blog\/wp-content\/uploads\/2016\/03\/Ventilador-aspersor-de-agua-Aquafan.jpg 160w, https:\/\/www.agromundo.co\/blog\/wp-content\/uploads\/2016\/03\/Ventilador-aspersor-de-agua-Aquafan-150x150.jpg 150w\" sizes=\"(max-width: 120px) 100vw, 120px\" \/><\/a><p id=\"caption-attachment-4930\" class=\"wp-caption-text\">Ventilador aspersor de agua<\/p><\/div>\n","protected":false},"excerpt":{"rendered":"<p>Desde el d\u00eda 24 de mayo Vecol realiza los despachos de las vacunas \u00a0a todo el pa\u00eds. M\u00e1s de 3.000 personas entre programadores, vacunadores y m\u00e9dicos veterinarios del FNG y de las organizaciones Ejecutoras Autorizadas participan \u00a0en el ciclo de vacunaci\u00f3n.\u00a0 Entre el 7 de junio y el 21 de julio se realizar\u00e1 en todo [&hellip;]<\/p>\n","protected":false},"author":1,"featured_media":5137,"comment_status":"open","ping_status":"open","sticky":false,"template":"","format":"standard","meta":[],"categories":[3,18,6],"tags":[366,2508,464,639,2412],"yoast_head":"<!-- This site is optimized with the Yoast SEO plugin v17.3 - https:\/\/yoast.com\/wordpress\/plugins\/seo\/ -->\n<meta name=\"description\" content=\"Comienza ciclo de vacunaci\u00f3n contra Fiebre Aftosa y Brucelosis Bovina.\" \/>\n<meta name=\"robots\" content=\"index, follow, max-snippet:-1, max-image-preview:large, max-video-preview:-1\" \/>\n<meta property=\"og:locale\" content=\"es_ES\" \/>\n<meta property=\"og:type\" content=\"article\" \/>\n<meta property=\"og:title\" content=\"Fiebre Aftosa. Comienza ciclo de vacunaci\u00f3n - Notiagro\" \/>\n<meta property=\"og:description\" content=\"Comienza ciclo de vacunaci\u00f3n contra Fiebre Aftosa y Brucelosis Bovina.\" \/>\n<meta property=\"og:site_name\" content=\"Notiagro\" \/>\n<meta property=\"article:published_time\" content=\"2016-06-07T14:41:21+00:00\" \/>\n<meta property=\"og:image\" content=\"https:\/\/www.agromundo.co\/blog\/wp-content\/uploads\/2016\/06\/vacuna-Aftosa1.jpg\" \/>\n\t<meta property=\"og:image:width\" content=\"293\" \/>\n\t<meta property=\"og:image:height\" content=\"220\" \/>\n<meta name=\"twitter:label1\" content=\"Escrito por\" \/>\n\t<meta name=\"twitter:data1\" content=\"admin\" \/>\n\t<meta name=\"twitter:label2\" content=\"Tiempo de lectura\" \/>\n\t<meta name=\"twitter:data2\" content=\"4 minutos\" \/>\n<script type=\"application\/ld+json\" class=\"yoast-schema-graph\">{\"@context\":\"https:\/\/schema.org\",\"@graph\":[{\"@type\":\"WebSite\",\"@id\":\"https:\/\/www.agromundo.co\/blog\/#website\",\"url\":\"https:\/\/www.agromundo.co\/blog\/\",\"name\":\"Notiagro\",\"description\":\"Noticias y eventos sector agropecuario colombiano\",\"potentialAction\":[{\"@type\":\"SearchAction\",\"target\":{\"@type\":\"EntryPoint\",\"urlTemplate\":\"https:\/\/www.agromundo.co\/blog\/?s={search_term_string}\"},\"query-input\":\"required name=search_term_string\"}],\"inLanguage\":\"es\"},{\"@type\":\"ImageObject\",\"@id\":\"#primaryimage\",\"inLanguage\":\"es\",\"url\":\"https:\/\/www.agromundo.co\/blog\/wp-content\/uploads\/2016\/06\/vacuna-Aftosa1.jpg\",\"contentUrl\":\"https:\/\/www.agromundo.co\/blog\/wp-content\/uploads\/2016\/06\/vacuna-Aftosa1.jpg\",\"width\":293,\"height\":220},{\"@type\":\"WebPage\",\"@id\":\"#webpage\",\"url\":null,\"name\":\"Fiebre Aftosa. Comienza ciclo de vacunaci\\u00f3n - Notiagro\",\"isPartOf\":{\"@id\":\"https:\/\/www.agromundo.co\/blog\/#website\"},\"primaryImageOfPage\":{\"@id\":\"#primaryimage\"},\"datePublished\":\"2016-06-07T14:41:21+00:00\",\"dateModified\":\"2016-06-07T14:41:21+00:00\",\"author\":{\"@id\":\"https:\/\/www.agromundo.co\/blog\/#\/schema\/person\/3e07d858c3c7a93ebf4ad3785559d35d\"},\"description\":\"Comienza ciclo de vacunaci\\u00f3n contra Fiebre Aftosa y Brucelosis Bovina.\",\"breadcrumb\":{\"@id\":\"#breadcrumb\"},\"inLanguage\":\"es\",\"potentialAction\":[{\"@type\":\"ReadAction\",\"target\":[null]}]},{\"@type\":\"BreadcrumbList\",\"@id\":\"#breadcrumb\",\"itemListElement\":[{\"@type\":\"ListItem\",\"position\":1,\"name\":\"Portada\",\"item\":\"https:\/\/www.agromundo.co\/blog\/\"},{\"@type\":\"ListItem\",\"position\":2,\"name\":\"Fiebre Aftosa. Comienza ciclo de vacunaci\\u00f3n\"}]},{\"@type\":\"Person\",\"@id\":\"https:\/\/www.agromundo.co\/blog\/#\/schema\/person\/3e07d858c3c7a93ebf4ad3785559d35d\",\"name\":\"admin\",\"image\":{\"@type\":\"ImageObject\",\"@id\":\"https:\/\/www.agromundo.co\/blog\/#personlogo\",\"inLanguage\":\"es\",\"url\":\"https:\/\/secure.gravatar.com\/avatar\/f990c4c6d966ea7f7bec9cc10bcda5ce?s=96&d=mm&r=g\",\"contentUrl\":\"https:\/\/secure.gravatar.com\/avatar\/f990c4c6d966ea7f7bec9cc10bcda5ce?s=96&d=mm&r=g\",\"caption\":\"admin\"},\"url\":\"https:\/\/www.agromundo.co\/blog\/author\/admin\/\"}]}<\/script>\n<!-- \/ Yoast SEO plugin. -->","yoast_head_json":{"description":"Comienza ciclo de vacunaci\u00f3n contra Fiebre Aftosa y Brucelosis Bovina.","robots":{"index":"index","follow":"follow","max-snippet":"max-snippet:-1","max-image-preview":"max-image-preview:large","max-video-preview":"max-video-preview:-1"},"og_locale":"es_ES","og_type":"article","og_title":"Fiebre Aftosa. Comienza ciclo de vacunaci\u00f3n - Notiagro","og_description":"Comienza ciclo de vacunaci\u00f3n contra Fiebre Aftosa y Brucelosis Bovina.","og_site_name":"Notiagro","article_published_time":"2016-06-07T14:41:21+00:00","og_image":[{"width":293,"height":220,"url":"https:\/\/www.agromundo.co\/blog\/wp-content\/uploads\/2016\/06\/vacuna-Aftosa1.jpg","type":"image\/jpeg"}],"twitter_misc":{"Escrito por":"admin","Tiempo de lectura":"4 minutos"},"schema":{"@context":"https:\/\/schema.org","@graph":[{"@type":"WebSite","@id":"https:\/\/www.agromundo.co\/blog\/#website","url":"https:\/\/www.agromundo.co\/blog\/","name":"Notiagro","description":"Noticias y eventos sector agropecuario colombiano","potentialAction":[{"@type":"SearchAction","target":{"@type":"EntryPoint","urlTemplate":"https:\/\/www.agromundo.co\/blog\/?s={search_term_string}"},"query-input":"required name=search_term_string"}],"inLanguage":"es"},{"@type":"ImageObject","@id":"#primaryimage","inLanguage":"es","url":"https:\/\/www.agromundo.co\/blog\/wp-content\/uploads\/2016\/06\/vacuna-Aftosa1.jpg","contentUrl":"https:\/\/www.agromundo.co\/blog\/wp-content\/uploads\/2016\/06\/vacuna-Aftosa1.jpg","width":293,"height":220},{"@type":"WebPage","@id":"#webpage","url":null,"name":"Fiebre Aftosa. Comienza ciclo de vacunaci\u00f3n - Notiagro","isPartOf":{"@id":"https:\/\/www.agromundo.co\/blog\/#website"},"primaryImageOfPage":{"@id":"#primaryimage"},"datePublished":"2016-06-07T14:41:21+00:00","dateModified":"2016-06-07T14:41:21+00:00","author":{"@id":"https:\/\/www.agromundo.co\/blog\/#\/schema\/person\/3e07d858c3c7a93ebf4ad3785559d35d"},"description":"Comienza ciclo de vacunaci\u00f3n contra Fiebre Aftosa y Brucelosis Bovina.","breadcrumb":{"@id":"#breadcrumb"},"inLanguage":"es","potentialAction":[{"@type":"ReadAction","target":[null]}]},{"@type":"BreadcrumbList","@id":"#breadcrumb","itemListElement":[{"@type":"ListItem","position":1,"name":"Portada","item":"https:\/\/www.agromundo.co\/blog\/"},{"@type":"ListItem","position":2,"name":"Fiebre Aftosa. Comienza ciclo de vacunaci\u00f3n"}]},{"@type":"Person","@id":"https:\/\/www.agromundo.co\/blog\/#\/schema\/person\/3e07d858c3c7a93ebf4ad3785559d35d","name":"admin","image":{"@type":"ImageObject","@id":"https:\/\/www.agromundo.co\/blog\/#personlogo","inLanguage":"es","url":"https:\/\/secure.gravatar.com\/avatar\/f990c4c6d966ea7f7bec9cc10bcda5ce?s=96&d=mm&r=g","contentUrl":"https:\/\/secure.gravatar.com\/avatar\/f990c4c6d966ea7f7bec9cc10bcda5ce?s=96&d=mm&r=g","caption":"admin"},"url":"https:\/\/www.agromundo.co\/blog\/author\/admin\/"}]}},"_links":{"self":[{"href":"https:\/\/www.agromundo.co\/blog\/wp-json\/wp\/v2\/posts\/5135"}],"collection":[{"href":"https:\/\/www.agromundo.co\/blog\/wp-json\/wp\/v2\/posts"}],"about":[{"href":"https:\/\/www.agromundo.co\/blog\/wp-json\/wp\/v2\/types\/post"}],"author":[{"embeddable":true,"href":"https:\/\/www.agromundo.co\/blog\/wp-json\/wp\/v2\/users\/1"}],"replies":[{"embeddable":true,"href":"https:\/\/www.agromundo.co\/blog\/wp-json\/wp\/v2\/comments?post=5135"}],"version-history":[{"count":1,"href":"https:\/\/www.agromundo.co\/blog\/wp-json\/wp\/v2\/posts\/5135\/revisions"}],"predecessor-version":[{"id":5138,"href":"https:\/\/www.agromundo.co\/blog\/wp-json\/wp\/v2\/posts\/5135\/revisions\/5138"}],"wp:featuredmedia":[{"embeddable":true,"href":"https:\/\/www.agromundo.co\/blog\/wp-json\/wp\/v2\/media\/5137"}],"wp:attachment":[{"href":"https:\/\/www.agromundo.co\/blog\/wp-json\/wp\/v2\/media?parent=5135"}],"wp:term":[{"taxonomy":"category","embeddable":true,"href":"https:\/\/www.agromundo.co\/blog\/wp-json\/wp\/v2\/categories?post=5135"},{"taxonomy":"post_tag","embeddable":true,"href":"https:\/\/www.agromundo.co\/blog\/wp-json\/wp\/v2\/tags?post=5135"}],"curies":[{"name":"wp","href":"https:\/\/api.w.org\/{rel}","templated":true}]}}