{"id":5409,"date":"2016-09-15T16:20:26","date_gmt":"2016-09-15T16:20:26","guid":{"rendered":"http:\/\/www.agromundo.co\/blog\/?p=5409"},"modified":"2016-09-15T16:20:26","modified_gmt":"2016-09-15T16:20:26","slug":"agroexpo-caribe-lo-mejor-del-campo-llega-barranquilla","status":"publish","type":"post","link":"https:\/\/www.agromundo.co\/blog\/agroexpo-caribe-lo-mejor-del-campo-llega-barranquilla\/","title":{"rendered":"AGROEXPO Caribe, lo mejor del campo llega a Barranquilla"},"content":{"rendered":"<p><a href=\"http:\/\/www.agromundo.co\/blog\/wp-content\/uploads\/2016\/09\/Logo-1.png\"><img loading=\"lazy\" class=\"alignnone size-full wp-image-5413\" src=\"http:\/\/www.agromundo.co\/blog\/wp-content\/uploads\/2016\/09\/Logo-1.png\" alt=\"logo\" width=\"619\" height=\"246\" srcset=\"https:\/\/www.agromundo.co\/blog\/wp-content\/uploads\/2016\/09\/Logo-1.png 619w, https:\/\/www.agromundo.co\/blog\/wp-content\/uploads\/2016\/09\/Logo-1-300x119.png 300w\" sizes=\"(max-width: 619px) 100vw, 619px\" \/><\/a><\/p>\n<ul>\n<li><em>Cerca de 1.800 ejemplares de especies diferentes, unos 250 equinos y 200 bovinos, as\u00ed como ejemplares de granja har\u00e1n parte de la muestra pecuaria que se realizar\u00e1 del 5 al 9 de octubre en las instalaciones de Puerta de Oro, Centro de Eventos del Caribe.<\/em><\/li>\n<li><em>El sector agropecuario estar\u00e1 representado por FEDEPALMA, los productores de frutas, hortalizas y plantas arom\u00e1ticas y medicinales y el cl\u00faster l\u00e1cteo del Atl\u00e1ntico.<\/em><\/li>\n<\/ul>\n<p>Lo mejor de las industrias agr\u00edcola y pecuaria nacional y regional estar\u00e1 presente en AGROEXPO Caribe, la feria del sector agropecuario colombiano que se llevar\u00e1 a cabo del 5 al 9 de octubre de 2016 en Puerta de Oro, Centro de Eventos, con la organizaci\u00f3n y la operaci\u00f3n de CORFERIAS.<\/p>\n<p>La feria, la principal plataforma de negocios del sector agropecuario y agroindustrial del Caribe colombiano, tiene como objetivos principales, promover el mejoramiento de su productividad y competitividad, la financiaci\u00f3n de los proyectos de crecimiento, los contactos entre compradores y expositores y la actualizaci\u00f3n y difusi\u00f3n de conocimientos para el p\u00fablico especializado.<\/p>\n<p>Tambi\u00e9n constituye la oportunidad \u00fanica de vincular al campo a la ciudad, con el fin de que el p\u00fablico en general disfrute una particular experiencia con los ejemplares equinos, bovinos y ovinos, la granja tem\u00e1tica y la muestra agroindustrial, al tiempo que conoce la importancia del pa\u00eds rural que soporta buena parte de la econom\u00eda nacional.<\/p>\n<p>De acuerdo con el director ejecutivo de CORFERIAS Caribe, Ricardo Plata Sarabia, AGROEXPO Caribe estar\u00e1 orientada como el escenario propicio para dar a conocer la riqueza productiva y el potencial de desarrollo del sector agropecuario colombiano y como una plataforma para la conquista de nuevos mercados internos y externos, dada la gran capacidad de compra de nuestras ciudades y la cercan\u00eda con la Gran Cuenca Caribe y Centroamericana.<\/p>\n<p>El bloque pecuario est\u00e1 conformado mayoritariamente por 1.200 ejemplares de las razas Brahman, Guzer\u00e1 y Gyr y hembras con certificado de cruce para carne y leche, procedentes de todas las regiones del pa\u00eds, los cuales participar\u00e1n, tanto en pista como en remates, en la 69 Feria Nacional Ceb\u00fa.<\/p>\n<p>Tambi\u00e9n tendr\u00e1 lugar una representativa muestra de la raza de ganado Simbrah, desarrollada a partir del cruce de Brahman y Simmental, que en el a\u00f1o 2008 llego al pa\u00eds y que desde ac\u00e1 se ha posicionado fuertemente en Venezuela y los paises de Centroam\u00e9rica por su alta ganancia de peso, excelente adaptabilidad, precocidad sexual, rendimiento en canal, \u00a0menor edad al sacrificio, excelente rentabilidad y carne tierna, magra y de buen sabor.<\/p>\n<p>De forma paralela estar\u00e1n en juzgamiento y exhibici\u00f3n cerca de 200 ejemplares ovinos, especie que significa una oportunidad de negocio para propietarios de tierra de peque\u00f1a extensi\u00f3n, por la gran demanda de la carne de cordero en los mercados internacionales en raz\u00f3n a su alta suavidad y calidad, y por el potencial que hay en Colombia para la creaci\u00f3n y el desarrollo de una plataforma gen\u00e9tica orientada a fomentar su cr\u00eda y producci\u00f3n.<\/p>\n<p>Igualmente, en el marco de AGROEXPO Caribe se realizar\u00e1 la Feria Grado A de ASOEQUINOS, con la presencia de alrededor de 250 caballos de la regi\u00f3n Caribe, a los que se sumar\u00e1n ejemplares de Santander, Cundinamarca y Antioquia. En de la feria habr\u00e1 juzgamiento de trocha y galope, trote y galope, trocha pura y paso fino colombiano, y ser\u00e1n premiados el mejor caballo, el mejor montador, el mejor criador, y los lotes de yeguas con cr\u00eda.<\/p>\n<p>De manera simult\u00e1nea, la Gobernaci\u00f3n del Atl\u00e1ntico, por medio de la Secretar\u00eda de Desarrollo Econ\u00f3mico, har\u00e1 presentaci\u00f3n del cl\u00faster l\u00e1cteo \u201cAtlantilac\u201d, con el cual se busca integrar toda la cadena del sector (productor primario, acopiador, transformador y comercializador final de los productos), agregarle valor a la leche del departamento, introducirla en la categor\u00eda funcional y baja en grasa, y posicionarla nacional e internacionalmente.<\/p>\n<p>Otro evento contemplado en la agenda de AGROEXPO Caribe es la segunda versi\u00f3n del \u201cCongreso Nacional de Promoci\u00f3n al Consumo de Frutas y Hortalizas\u201d, organizado por ASOHOFRUCOL y con el financiamiento del Fondo Nacional de Fomento Hortifrut\u00edcola. Bajo el eslogan, \u201cLa Agroindustria es el camino para la Seguridad Alimentaria\u201d, estar\u00e1 enmarcado en el proceso de paz con una programaci\u00f3n acad\u00e9mica enfocada hacia temas de seguridad alimentaria, inocuidad, nutrici\u00f3n y bienestar general.<\/p>\n<p>Tambi\u00e9n se llevar\u00e1 a cabo el III Encuentro Agroindustrial de ACOPI, orientado a identificar oportunidades de inversi\u00f3n y transformaci\u00f3n en el campo y su encadenamiento con el sector industrial, como una estrategia de desarrollo econ\u00f3mico y social.<\/p>\n<p>Entre tanto, FEDEPALMA \u00a0participar\u00e1 con una representativa muestra del sector palmicultor que en la Regi\u00f3n Caribe y contabilizando solamente los datos de los departamentos de Magdalena, Cesar y Bol\u00edvar, alcanza el 42% de la producci\u00f3n nacional de aceite de palma, con 790.307 toneladas en el a\u00f1o 2015, 180.000 hect\u00e1reas cultivadas y una generaci\u00f3n de 50.000 empleos directos e indirectos.<\/p>\n<p>&nbsp;<\/p>\n<p><strong><em>Datos de contacto: <\/em><\/strong><\/p>\n<p><strong><em>Comunicaciones Barranquilla:\u00a0\u00a0\u00a0\u00a0\u00a0\u00a0\u00a0\u00a0\u00a0\u00a0\u00a0\u00a0\u00a0\u00a0\u00a0\u00a0\u00a0\u00a0\u00a0\u00a0\u00a0\u00a0\u00a0\u00a0\u00a0\u00a0\u00a0\u00a0\u00a0\u00a0\u00a0\u00a0\u00a0 \u00a0\u00a0\u00a0\u00a0\u00a0 \u00a0\u00a0\u00a0\u00a0\u00a0\u00a0\u00a0\u00a0\u00a0\u00a0\u00a0\u00a0\u00a0\u00a0\u00a0 \u00a0\u00a0\u00a0\u00a0\u00a0\u00a0\u00a0\u00a0\u00a0\u00a0\u00a0\u00a0\u00a0\u00a0\u00a0\u00a0<\/em><\/strong><\/p>\n<p><strong><em>Roberto Duarte \u00a0 \u00a0\u00a0\u00a0\u00a0\u00a0\u00a0\u00a0\u00a0\u00a0\u00a0\u00a0\u00a0\u00a0\u00a0\u00a0\u00a0\u00a0\u00a0\u00a0\u00a0\u00a0\u00a0\u00a0\u00a0\u00a0\u00a0\u00a0\u00a0\u00a0\u00a0\u00a0\u00a0\u00a0\u00a0\u00a0\u00a0\u00a0\u00a0\u00a0\u00a0\u00a0\u00a0\u00a0\u00a0\u00a0\u00a0\u00a0\u00a0\u00a0\u00a0\u00a0\u00a0\u00a0\u00a0\u00a0\u00a0\u00a0\u00a0\u00a0\u00a0\u00a0\u00a0 \u00a0\u00a0\u00a0\u00a0\u00a0\u00a0\u00a0\u00a0\u00a0\u00a0\u00a0\u00a0\u00a0\u00a0\u00a0\u00a0\u00a0\u00a0<\/em><\/strong><\/p>\n<p><strong><em>robertoduarte16@gmail.com\u00a0\u00a0\u00a0\u00a0\u00a0 \u00a0\u00a0 \u00a0\u00a0\u00a0\u00a0\u00a0\u00a0\u00a0\u00a0\u00a0\u00a0\u00a0\u00a0\u00a0\u00a0\u00a0\u00a0\u00a0\u00a0\u00a0\u00a0\u00a0\u00a0\u00a0\u00a0\u00a0\u00a0\u00a0\u00a0\u00a0\u00a0\u00a0\u00a0\u00a0\u00a0\u00a0\u00a0\u00a0\u00a0\u00a0\u00a0\u00a0\u00a0\u00a0\u00a0\u00a0\u00a0\u00a0\u00a0\u00a0\u00a0\u00a0<\/em><\/strong><\/p>\n<p><strong><em>M\u00f3vil 3156358479<\/em><\/strong><\/p>\n<p>&nbsp;<\/p>\n<p><strong><em>Comunicaciones Bogot\u00e1:<\/em><\/strong><\/p>\n<p><strong><em>Johanna Casta\u00f1eda C. <\/em><\/strong><\/p>\n<p><strong><em><a href=\"mailto:jcastaneda@corferias.com\">jcastaneda@corferias.com<\/a><\/em><\/strong><\/p>\n<p><strong><em>M\u00f3vil. 300 8821146<\/em><\/strong><\/p>\n<p><strong><em>\u00a0<\/em><\/strong><\/p>\n<p>Fuente: Adaptado de comunicado de prensa AGROEXPO caribe.<\/p>\n<div id=\"attachment_5246\" style=\"width: 130px\" class=\"wp-caption alignright\"><a href=\"http:\/\/www.agromundo.co\/aqua-fan-sas.html\"><img aria-describedby=\"caption-attachment-5246\" loading=\"lazy\" class=\"wp-image-5246\" src=\"http:\/\/www.agromundo.co\/blog\/wp-content\/uploads\/2016\/07\/Ventilador-aspersor-de-agua-Aquafan.jpg\" alt=\"Ventilador aspersor de agua Aquafan\" width=\"120\" height=\"120\" srcset=\"https:\/\/www.agromundo.co\/blog\/wp-content\/uploads\/2016\/07\/Ventilador-aspersor-de-agua-Aquafan.jpg 160w, https:\/\/www.agromundo.co\/blog\/wp-content\/uploads\/2016\/07\/Ventilador-aspersor-de-agua-Aquafan-150x150.jpg 150w\" sizes=\"(max-width: 120px) 100vw, 120px\" \/><\/a><p id=\"caption-attachment-5246\" class=\"wp-caption-text\">Ventilador aspersor de agua<\/p><\/div>\n<p>Con el patrocinio de:<\/p>\n<div id=\"attachment_5411\" style=\"width: 130px\" class=\"wp-caption alignnone\"><a href=\"http:\/\/www.agromundo.co\/plastigoma-pisos-de-caucho.html\"><img aria-describedby=\"caption-attachment-5411\" loading=\"lazy\" class=\"wp-image-5411\" src=\"http:\/\/www.agromundo.co\/blog\/wp-content\/uploads\/2016\/09\/Pisos-de-caucho-para-ganado.jpg\" alt=\"pisos-de-caucho-para-ganado\" width=\"120\" height=\"120\" srcset=\"https:\/\/www.agromundo.co\/blog\/wp-content\/uploads\/2016\/09\/Pisos-de-caucho-para-ganado.jpg 160w, https:\/\/www.agromundo.co\/blog\/wp-content\/uploads\/2016\/09\/Pisos-de-caucho-para-ganado-150x150.jpg 150w\" sizes=\"(max-width: 120px) 100vw, 120px\" \/><\/a><p id=\"caption-attachment-5411\" class=\"wp-caption-text\">Pisos de caucho para ganado.<\/p><\/div>\n","protected":false},"excerpt":{"rendered":"<p>Cerca de 1.800 ejemplares de especies diferentes, unos 250 equinos y 200 bovinos, as\u00ed como ejemplares de granja har\u00e1n parte de la muestra pecuaria que se realizar\u00e1 del 5 al 9 de octubre en las instalaciones de Puerta de Oro, Centro de Eventos del Caribe. El sector agropecuario estar\u00e1 representado por FEDEPALMA, los productores de [&hellip;]<\/p>\n","protected":false},"author":1,"featured_media":5413,"comment_status":"open","ping_status":"open","sticky":false,"template":"","format":"standard","meta":[],"categories":[5,22,3,18,6],"tags":[2878,2107,2105,1000,54],"yoast_head":"<!-- This site is optimized with the Yoast SEO plugin v17.3 - https:\/\/yoast.com\/wordpress\/plugins\/seo\/ -->\n<meta name=\"description\" content=\"AGROEXPO Caribe, lo mejor del campo llega a Barranquilla del 5 al 9 de octubre del 2016 en las instalaciones de Puerta de Oro, Centro de Eventos del Caribe.\" \/>\n<meta name=\"robots\" content=\"index, follow, max-snippet:-1, max-image-preview:large, max-video-preview:-1\" \/>\n<meta property=\"og:locale\" content=\"es_ES\" \/>\n<meta property=\"og:type\" content=\"article\" \/>\n<meta property=\"og:title\" content=\"AGROEXPO Caribe, lo mejor del campo llega a Barranquilla - Notiagro\" \/>\n<meta property=\"og:description\" content=\"AGROEXPO Caribe, lo mejor del campo llega a Barranquilla del 5 al 9 de octubre del 2016 en las instalaciones de Puerta de Oro, Centro de Eventos del Caribe.\" \/>\n<meta property=\"og:site_name\" content=\"Notiagro\" \/>\n<meta property=\"article:published_time\" content=\"2016-09-15T16:20:26+00:00\" \/>\n<meta property=\"og:image\" content=\"http:\/\/www.agromundo.co\/blog\/wp-content\/uploads\/2016\/09\/Logo-1.png\" \/>\n\t<meta property=\"og:image:width\" content=\"619\" \/>\n\t<meta property=\"og:image:height\" content=\"246\" \/>\n<meta name=\"twitter:label1\" content=\"Escrito por\" \/>\n\t<meta name=\"twitter:data1\" content=\"admin\" \/>\n\t<meta name=\"twitter:label2\" content=\"Tiempo de lectura\" \/>\n\t<meta name=\"twitter:data2\" content=\"4 minutos\" \/>\n<script type=\"application\/ld+json\" class=\"yoast-schema-graph\">{\"@context\":\"https:\/\/schema.org\",\"@graph\":[{\"@type\":\"WebSite\",\"@id\":\"https:\/\/www.agromundo.co\/blog\/#website\",\"url\":\"https:\/\/www.agromundo.co\/blog\/\",\"name\":\"Notiagro\",\"description\":\"Noticias y eventos sector agropecuario colombiano\",\"potentialAction\":[{\"@type\":\"SearchAction\",\"target\":{\"@type\":\"EntryPoint\",\"urlTemplate\":\"https:\/\/www.agromundo.co\/blog\/?s={search_term_string}\"},\"query-input\":\"required name=search_term_string\"}],\"inLanguage\":\"es\"},{\"@type\":\"ImageObject\",\"@id\":\"#primaryimage\",\"inLanguage\":\"es\",\"url\":\"https:\/\/www.agromundo.co\/blog\/wp-content\/uploads\/2016\/09\/Logo-1.png\",\"contentUrl\":\"https:\/\/www.agromundo.co\/blog\/wp-content\/uploads\/2016\/09\/Logo-1.png\",\"width\":619,\"height\":246},{\"@type\":\"WebPage\",\"@id\":\"#webpage\",\"url\":null,\"name\":\"AGROEXPO Caribe, lo mejor del campo llega a Barranquilla - Notiagro\",\"isPartOf\":{\"@id\":\"https:\/\/www.agromundo.co\/blog\/#website\"},\"primaryImageOfPage\":{\"@id\":\"#primaryimage\"},\"datePublished\":\"2016-09-15T16:20:26+00:00\",\"dateModified\":\"2016-09-15T16:20:26+00:00\",\"author\":{\"@id\":\"https:\/\/www.agromundo.co\/blog\/#\/schema\/person\/3e07d858c3c7a93ebf4ad3785559d35d\"},\"description\":\"AGROEXPO Caribe, lo mejor del campo llega a Barranquilla del 5 al 9 de octubre del 2016 en las instalaciones de Puerta de Oro, Centro de Eventos del Caribe.\",\"breadcrumb\":{\"@id\":\"#breadcrumb\"},\"inLanguage\":\"es\",\"potentialAction\":[{\"@type\":\"ReadAction\",\"target\":[null]}]},{\"@type\":\"BreadcrumbList\",\"@id\":\"#breadcrumb\",\"itemListElement\":[{\"@type\":\"ListItem\",\"position\":1,\"name\":\"Portada\",\"item\":\"https:\/\/www.agromundo.co\/blog\/\"},{\"@type\":\"ListItem\",\"position\":2,\"name\":\"AGROEXPO Caribe, lo mejor del campo llega a Barranquilla\"}]},{\"@type\":\"Person\",\"@id\":\"https:\/\/www.agromundo.co\/blog\/#\/schema\/person\/3e07d858c3c7a93ebf4ad3785559d35d\",\"name\":\"admin\",\"image\":{\"@type\":\"ImageObject\",\"@id\":\"https:\/\/www.agromundo.co\/blog\/#personlogo\",\"inLanguage\":\"es\",\"url\":\"https:\/\/secure.gravatar.com\/avatar\/f990c4c6d966ea7f7bec9cc10bcda5ce?s=96&d=mm&r=g\",\"contentUrl\":\"https:\/\/secure.gravatar.com\/avatar\/f990c4c6d966ea7f7bec9cc10bcda5ce?s=96&d=mm&r=g\",\"caption\":\"admin\"},\"url\":\"https:\/\/www.agromundo.co\/blog\/author\/admin\/\"}]}<\/script>\n<!-- \/ Yoast SEO plugin. -->","yoast_head_json":{"description":"AGROEXPO Caribe, lo mejor del campo llega a Barranquilla del 5 al 9 de octubre del 2016 en las instalaciones de Puerta de Oro, Centro de Eventos del Caribe.","robots":{"index":"index","follow":"follow","max-snippet":"max-snippet:-1","max-image-preview":"max-image-preview:large","max-video-preview":"max-video-preview:-1"},"og_locale":"es_ES","og_type":"article","og_title":"AGROEXPO Caribe, lo mejor del campo llega a Barranquilla - Notiagro","og_description":"AGROEXPO Caribe, lo mejor del campo llega a Barranquilla del 5 al 9 de octubre del 2016 en las instalaciones de Puerta de Oro, Centro de Eventos del Caribe.","og_site_name":"Notiagro","article_published_time":"2016-09-15T16:20:26+00:00","og_image":[{"width":619,"height":246,"url":"http:\/\/www.agromundo.co\/blog\/wp-content\/uploads\/2016\/09\/Logo-1.png","type":"image\/png"}],"twitter_misc":{"Escrito por":"admin","Tiempo de lectura":"4 minutos"},"schema":{"@context":"https:\/\/schema.org","@graph":[{"@type":"WebSite","@id":"https:\/\/www.agromundo.co\/blog\/#website","url":"https:\/\/www.agromundo.co\/blog\/","name":"Notiagro","description":"Noticias y eventos sector agropecuario colombiano","potentialAction":[{"@type":"SearchAction","target":{"@type":"EntryPoint","urlTemplate":"https:\/\/www.agromundo.co\/blog\/?s={search_term_string}"},"query-input":"required name=search_term_string"}],"inLanguage":"es"},{"@type":"ImageObject","@id":"#primaryimage","inLanguage":"es","url":"https:\/\/www.agromundo.co\/blog\/wp-content\/uploads\/2016\/09\/Logo-1.png","contentUrl":"https:\/\/www.agromundo.co\/blog\/wp-content\/uploads\/2016\/09\/Logo-1.png","width":619,"height":246},{"@type":"WebPage","@id":"#webpage","url":null,"name":"AGROEXPO Caribe, lo mejor del campo llega a Barranquilla - Notiagro","isPartOf":{"@id":"https:\/\/www.agromundo.co\/blog\/#website"},"primaryImageOfPage":{"@id":"#primaryimage"},"datePublished":"2016-09-15T16:20:26+00:00","dateModified":"2016-09-15T16:20:26+00:00","author":{"@id":"https:\/\/www.agromundo.co\/blog\/#\/schema\/person\/3e07d858c3c7a93ebf4ad3785559d35d"},"description":"AGROEXPO Caribe, lo mejor del campo llega a Barranquilla del 5 al 9 de octubre del 2016 en las instalaciones de Puerta de Oro, Centro de Eventos del Caribe.","breadcrumb":{"@id":"#breadcrumb"},"inLanguage":"es","potentialAction":[{"@type":"ReadAction","target":[null]}]},{"@type":"BreadcrumbList","@id":"#breadcrumb","itemListElement":[{"@type":"ListItem","position":1,"name":"Portada","item":"https:\/\/www.agromundo.co\/blog\/"},{"@type":"ListItem","position":2,"name":"AGROEXPO Caribe, lo mejor del campo llega a Barranquilla"}]},{"@type":"Person","@id":"https:\/\/www.agromundo.co\/blog\/#\/schema\/person\/3e07d858c3c7a93ebf4ad3785559d35d","name":"admin","image":{"@type":"ImageObject","@id":"https:\/\/www.agromundo.co\/blog\/#personlogo","inLanguage":"es","url":"https:\/\/secure.gravatar.com\/avatar\/f990c4c6d966ea7f7bec9cc10bcda5ce?s=96&d=mm&r=g","contentUrl":"https:\/\/secure.gravatar.com\/avatar\/f990c4c6d966ea7f7bec9cc10bcda5ce?s=96&d=mm&r=g","caption":"admin"},"url":"https:\/\/www.agromundo.co\/blog\/author\/admin\/"}]}},"_links":{"self":[{"href":"https:\/\/www.agromundo.co\/blog\/wp-json\/wp\/v2\/posts\/5409"}],"collection":[{"href":"https:\/\/www.agromundo.co\/blog\/wp-json\/wp\/v2\/posts"}],"about":[{"href":"https:\/\/www.agromundo.co\/blog\/wp-json\/wp\/v2\/types\/post"}],"author":[{"embeddable":true,"href":"https:\/\/www.agromundo.co\/blog\/wp-json\/wp\/v2\/users\/1"}],"replies":[{"embeddable":true,"href":"https:\/\/www.agromundo.co\/blog\/wp-json\/wp\/v2\/comments?post=5409"}],"version-history":[{"count":2,"href":"https:\/\/www.agromundo.co\/blog\/wp-json\/wp\/v2\/posts\/5409\/revisions"}],"predecessor-version":[{"id":5414,"href":"https:\/\/www.agromundo.co\/blog\/wp-json\/wp\/v2\/posts\/5409\/revisions\/5414"}],"wp:featuredmedia":[{"embeddable":true,"href":"https:\/\/www.agromundo.co\/blog\/wp-json\/wp\/v2\/media\/5413"}],"wp:attachment":[{"href":"https:\/\/www.agromundo.co\/blog\/wp-json\/wp\/v2\/media?parent=5409"}],"wp:term":[{"taxonomy":"category","embeddable":true,"href":"https:\/\/www.agromundo.co\/blog\/wp-json\/wp\/v2\/categories?post=5409"},{"taxonomy":"post_tag","embeddable":true,"href":"https:\/\/www.agromundo.co\/blog\/wp-json\/wp\/v2\/tags?post=5409"}],"curies":[{"name":"wp","href":"https:\/\/api.w.org\/{rel}","templated":true}]}}