{"id":5484,"date":"2016-10-12T14:47:20","date_gmt":"2016-10-12T14:47:20","guid":{"rendered":"http:\/\/www.agromundo.co\/blog\/?p=5484"},"modified":"2016-10-12T14:47:20","modified_gmt":"2016-10-12T14:47:20","slug":"rabia-silvestre-dos-focos-tolima","status":"publish","type":"post","link":"https:\/\/www.agromundo.co\/blog\/rabia-silvestre-dos-focos-tolima\/","title":{"rendered":"Rabia Silvestre. Dos focos en el departamento del Tolima"},"content":{"rendered":"<p><a href=\"http:\/\/www.agromundo.co\/blog\/wp-content\/uploads\/2016\/10\/Rabia-Silvestre.jpg\"><img loading=\"lazy\" class=\"alignnone size-full wp-image-5485\" src=\"http:\/\/www.agromundo.co\/blog\/wp-content\/uploads\/2016\/10\/Rabia-Silvestre.jpg\" alt=\"rabia-silvestre\" width=\"293\" height=\"220\" srcset=\"https:\/\/www.agromundo.co\/blog\/wp-content\/uploads\/2016\/10\/Rabia-Silvestre.jpg 293w, https:\/\/www.agromundo.co\/blog\/wp-content\/uploads\/2016\/10\/Rabia-Silvestre-100x75.jpg 100w\" sizes=\"(max-width: 293px) 100vw, 293px\" \/><\/a><\/p>\n<ul>\n<li><em>Seg\u00fan la informaci\u00f3n registrada oficialmente en el Sistema de Vigilancia Epidemiol\u00f3gica Veterinaria del ICA, los focos positivos se han localizado en zonas aleda\u00f1as a quebradas, r\u00edos, alturas por debajo de los 1.500 m.s.n.m., piedemonte de cordilleras y zonas boscosas.<\/em><\/li>\n<\/ul>\n<p>El Instituto Colombiano Agropecuario (ICA), atiende dos focos de <a href=\"http:\/\/www.ica.gov.co\/getdoc\/c4c86212-5967-4588-a733-9e7aa53ac2ab\/Rabia-Silvestre-(1).aspx\" target=\"_blank\">Rabia Silvestre<\/a> presentados en bovinos en el municipio de Prado en el departamento del Tolima.<\/p>\n<p>Luego de que el Laboratorio Nacional de Diagn\u00f3stico Veterinario, confirmara los casos, El ICA activ\u00f3 los protocolos de prevenci\u00f3n en 2 kil\u00f3metros a la redonda de los focos, donde funcionarios de la entidad, efectuaron visitas a diferentes predios para verificar si se han producido ataques de murci\u00e9lagos hemat\u00f3fagos en el ganado.<br \/>\nDentro de las medidas, tambi\u00e9n se realizan talleres de educaci\u00f3n y comunicaci\u00f3n en el \u00e1rea urbana y en la zona rural del municipio\u00a0 para darle a conocer a los ganaderos lo que es la Rabia Silvestre, su sintomatolog\u00eda, las medidas de prevenci\u00f3n y la manera de vigilar la enfermedad.<\/p>\n<p>Para evitar que se siga presentando la Rabia Silvestre en el municipio de Prado, se vacunar\u00e1 toda la poblaci\u00f3n bovina del municipio durante el segundo ciclo de vacunaci\u00f3n contra Fiebre Aftosa y Brucelosis Bovina del a\u00f1o 2016.<\/p>\n<p>De otra parte, en los predios donde se detect\u00f3 el foco, la Secretar\u00eda de Salud del Departamento del Tolima, efectu\u00f3 la vacunaci\u00f3n \u00a0antirr\u00e1bica a aquellas personas que estuvieron en contacto con los animales afectados, como medida de prevenci\u00f3n para la poblaci\u00f3n.<\/p>\n<p>La Rabia Silvestre es una enfermedad viral prevenible de los mam\u00edferos. El virus de la enfermedad infecta el sistema nervioso central y puede llegar a producir la muerte. Afecta a animales dom\u00e9sticos como bovinos, equinos, caprinos, ovinos, caninos, porcinos y felinos. Adem\u00e1s, se considera como una de las principales enfermedades zoon\u00f3ticas (que puede transmitirse de los animales a los humanos).<\/p>\n<p>Los animales que son afectados con Rabia Silvestre, presentan variaciones en su comportamiento como incoordinaci\u00f3n y ca\u00edda del tren posterior, ceguera, salivaci\u00f3n abundante, temblores musculares y par\u00e1lisis. Adem\u00e1s presentan enflaquecimiento progresivo y deshidrataci\u00f3n por su imposibilidad de beber agua y alimentarse. Avanzada la enfermedad permanecen ca\u00eddos y mueren entre 1 y 10 d\u00edas luego de iniciados los s\u00edntomas.<br \/>\nPara la prevenci\u00f3n y el control de la enfermedad, el ICA recomienda la vacunaci\u00f3n de los animales contra la Rabia Silvestre y realizar permanentes controles de los murci\u00e9lagos hemat\u00f3fagos por medio de capturas.<\/p>\n<p>Fuente: Adaptado de Instituto Colombiano Agropecuario.<\/p>\n<div id=\"attachment_4976\" style=\"width: 130px\" class=\"wp-caption alignright\"><a href=\"http:\/\/www.agromundo.co\/pisos-en-caucho-para-salas-de-ordeno-y-pesebrera.html\"><img aria-describedby=\"caption-attachment-4976\" loading=\"lazy\" class=\"wp-image-4976\" src=\"http:\/\/www.agromundo.co\/blog\/wp-content\/uploads\/2016\/04\/Pisos-de-caucho-para-ganado.jpg\" alt=\"Pisos de caucho para ganado\" width=\"120\" height=\"120\" srcset=\"https:\/\/www.agromundo.co\/blog\/wp-content\/uploads\/2016\/04\/Pisos-de-caucho-para-ganado.jpg 160w, https:\/\/www.agromundo.co\/blog\/wp-content\/uploads\/2016\/04\/Pisos-de-caucho-para-ganado-150x150.jpg 150w\" sizes=\"(max-width: 120px) 100vw, 120px\" \/><\/a><p id=\"caption-attachment-4976\" class=\"wp-caption-text\">Pisos de caucho para ganado<\/p><\/div>\n<p>Con el patrocinio de:<\/p>\n<div id=\"attachment_5246\" style=\"width: 130px\" class=\"wp-caption alignnone\"><a href=\"http:\/\/www.agromundo.co\/aqua-fan-sas.html\"><img aria-describedby=\"caption-attachment-5246\" loading=\"lazy\" class=\"wp-image-5246\" src=\"http:\/\/www.agromundo.co\/blog\/wp-content\/uploads\/2016\/07\/Ventilador-aspersor-de-agua-Aquafan.jpg\" alt=\"Ventilador aspersor de agua Aquafan\" width=\"120\" height=\"120\" srcset=\"https:\/\/www.agromundo.co\/blog\/wp-content\/uploads\/2016\/07\/Ventilador-aspersor-de-agua-Aquafan.jpg 160w, https:\/\/www.agromundo.co\/blog\/wp-content\/uploads\/2016\/07\/Ventilador-aspersor-de-agua-Aquafan-150x150.jpg 150w\" sizes=\"(max-width: 120px) 100vw, 120px\" \/><\/a><p id=\"caption-attachment-5246\" class=\"wp-caption-text\">Ventilador aspersor de agua<\/p><\/div>\n","protected":false},"excerpt":{"rendered":"<p>Seg\u00fan la informaci\u00f3n registrada oficialmente en el Sistema de Vigilancia Epidemiol\u00f3gica Veterinaria del ICA, los focos positivos se han localizado en zonas aleda\u00f1as a quebradas, r\u00edos, alturas por debajo de los 1.500 m.s.n.m., piedemonte de cordilleras y zonas boscosas. El Instituto Colombiano Agropecuario (ICA), atiende dos focos de Rabia Silvestre presentados en bovinos en el [&hellip;]<\/p>\n","protected":false},"author":1,"featured_media":5485,"comment_status":"open","ping_status":"open","sticky":false,"template":"","format":"standard","meta":[],"categories":[3,18,6],"tags":[366,1433,464,2618,1628,1401,639],"yoast_head":"<!-- This site is optimized with the Yoast SEO plugin v17.3 - https:\/\/yoast.com\/wordpress\/plugins\/seo\/ -->\n<meta name=\"description\" content=\"Dos focos de Rabia Silvestre fueron detectados en el municipio de Prado del departamento del Tolima en Colombia. Vacunaci\u00f3n.\" \/>\n<meta name=\"robots\" content=\"index, follow, max-snippet:-1, max-image-preview:large, max-video-preview:-1\" \/>\n<meta property=\"og:locale\" content=\"es_ES\" \/>\n<meta property=\"og:type\" content=\"article\" \/>\n<meta property=\"og:title\" content=\"Rabia Silvestre. Dos focos en el departamento del Tolima - Notiagro\" \/>\n<meta property=\"og:description\" content=\"Dos focos de Rabia Silvestre fueron detectados en el municipio de Prado del departamento del Tolima en Colombia. Vacunaci\u00f3n.\" \/>\n<meta property=\"og:site_name\" content=\"Notiagro\" \/>\n<meta property=\"article:published_time\" content=\"2016-10-12T14:47:20+00:00\" \/>\n<meta property=\"og:image\" content=\"https:\/\/www.agromundo.co\/blog\/wp-content\/uploads\/2016\/10\/Rabia-Silvestre.jpg\" \/>\n\t<meta property=\"og:image:width\" content=\"293\" \/>\n\t<meta property=\"og:image:height\" content=\"220\" \/>\n<meta name=\"twitter:label1\" content=\"Escrito por\" \/>\n\t<meta name=\"twitter:data1\" content=\"admin\" \/>\n\t<meta name=\"twitter:label2\" content=\"Tiempo de lectura\" \/>\n\t<meta name=\"twitter:data2\" content=\"2 minutos\" \/>\n<script type=\"application\/ld+json\" class=\"yoast-schema-graph\">{\"@context\":\"https:\/\/schema.org\",\"@graph\":[{\"@type\":\"WebSite\",\"@id\":\"https:\/\/www.agromundo.co\/blog\/#website\",\"url\":\"https:\/\/www.agromundo.co\/blog\/\",\"name\":\"Notiagro\",\"description\":\"Noticias y eventos sector agropecuario colombiano\",\"potentialAction\":[{\"@type\":\"SearchAction\",\"target\":{\"@type\":\"EntryPoint\",\"urlTemplate\":\"https:\/\/www.agromundo.co\/blog\/?s={search_term_string}\"},\"query-input\":\"required name=search_term_string\"}],\"inLanguage\":\"es\"},{\"@type\":\"ImageObject\",\"@id\":\"#primaryimage\",\"inLanguage\":\"es\",\"url\":\"https:\/\/www.agromundo.co\/blog\/wp-content\/uploads\/2016\/10\/Rabia-Silvestre.jpg\",\"contentUrl\":\"https:\/\/www.agromundo.co\/blog\/wp-content\/uploads\/2016\/10\/Rabia-Silvestre.jpg\",\"width\":293,\"height\":220},{\"@type\":\"WebPage\",\"@id\":\"#webpage\",\"url\":null,\"name\":\"Rabia Silvestre. Dos focos en el departamento del Tolima - Notiagro\",\"isPartOf\":{\"@id\":\"https:\/\/www.agromundo.co\/blog\/#website\"},\"primaryImageOfPage\":{\"@id\":\"#primaryimage\"},\"datePublished\":\"2016-10-12T14:47:20+00:00\",\"dateModified\":\"2016-10-12T14:47:20+00:00\",\"author\":{\"@id\":\"https:\/\/www.agromundo.co\/blog\/#\/schema\/person\/3e07d858c3c7a93ebf4ad3785559d35d\"},\"description\":\"Dos focos de Rabia Silvestre fueron detectados en el municipio de Prado del departamento del Tolima en Colombia. Vacunaci\\u00f3n.\",\"breadcrumb\":{\"@id\":\"#breadcrumb\"},\"inLanguage\":\"es\",\"potentialAction\":[{\"@type\":\"ReadAction\",\"target\":[null]}]},{\"@type\":\"BreadcrumbList\",\"@id\":\"#breadcrumb\",\"itemListElement\":[{\"@type\":\"ListItem\",\"position\":1,\"name\":\"Portada\",\"item\":\"https:\/\/www.agromundo.co\/blog\/\"},{\"@type\":\"ListItem\",\"position\":2,\"name\":\"Rabia Silvestre. Dos focos en el departamento del Tolima\"}]},{\"@type\":\"Person\",\"@id\":\"https:\/\/www.agromundo.co\/blog\/#\/schema\/person\/3e07d858c3c7a93ebf4ad3785559d35d\",\"name\":\"admin\",\"image\":{\"@type\":\"ImageObject\",\"@id\":\"https:\/\/www.agromundo.co\/blog\/#personlogo\",\"inLanguage\":\"es\",\"url\":\"https:\/\/secure.gravatar.com\/avatar\/f990c4c6d966ea7f7bec9cc10bcda5ce?s=96&d=mm&r=g\",\"contentUrl\":\"https:\/\/secure.gravatar.com\/avatar\/f990c4c6d966ea7f7bec9cc10bcda5ce?s=96&d=mm&r=g\",\"caption\":\"admin\"},\"url\":\"https:\/\/www.agromundo.co\/blog\/author\/admin\/\"}]}<\/script>\n<!-- \/ Yoast SEO plugin. -->","yoast_head_json":{"description":"Dos focos de Rabia Silvestre fueron detectados en el municipio de Prado del departamento del Tolima en Colombia. Vacunaci\u00f3n.","robots":{"index":"index","follow":"follow","max-snippet":"max-snippet:-1","max-image-preview":"max-image-preview:large","max-video-preview":"max-video-preview:-1"},"og_locale":"es_ES","og_type":"article","og_title":"Rabia Silvestre. Dos focos en el departamento del Tolima - Notiagro","og_description":"Dos focos de Rabia Silvestre fueron detectados en el municipio de Prado del departamento del Tolima en Colombia. Vacunaci\u00f3n.","og_site_name":"Notiagro","article_published_time":"2016-10-12T14:47:20+00:00","og_image":[{"width":293,"height":220,"url":"https:\/\/www.agromundo.co\/blog\/wp-content\/uploads\/2016\/10\/Rabia-Silvestre.jpg","type":"image\/jpeg"}],"twitter_misc":{"Escrito por":"admin","Tiempo de lectura":"2 minutos"},"schema":{"@context":"https:\/\/schema.org","@graph":[{"@type":"WebSite","@id":"https:\/\/www.agromundo.co\/blog\/#website","url":"https:\/\/www.agromundo.co\/blog\/","name":"Notiagro","description":"Noticias y eventos sector agropecuario colombiano","potentialAction":[{"@type":"SearchAction","target":{"@type":"EntryPoint","urlTemplate":"https:\/\/www.agromundo.co\/blog\/?s={search_term_string}"},"query-input":"required name=search_term_string"}],"inLanguage":"es"},{"@type":"ImageObject","@id":"#primaryimage","inLanguage":"es","url":"https:\/\/www.agromundo.co\/blog\/wp-content\/uploads\/2016\/10\/Rabia-Silvestre.jpg","contentUrl":"https:\/\/www.agromundo.co\/blog\/wp-content\/uploads\/2016\/10\/Rabia-Silvestre.jpg","width":293,"height":220},{"@type":"WebPage","@id":"#webpage","url":null,"name":"Rabia Silvestre. Dos focos en el departamento del Tolima - Notiagro","isPartOf":{"@id":"https:\/\/www.agromundo.co\/blog\/#website"},"primaryImageOfPage":{"@id":"#primaryimage"},"datePublished":"2016-10-12T14:47:20+00:00","dateModified":"2016-10-12T14:47:20+00:00","author":{"@id":"https:\/\/www.agromundo.co\/blog\/#\/schema\/person\/3e07d858c3c7a93ebf4ad3785559d35d"},"description":"Dos focos de Rabia Silvestre fueron detectados en el municipio de Prado del departamento del Tolima en Colombia. Vacunaci\u00f3n.","breadcrumb":{"@id":"#breadcrumb"},"inLanguage":"es","potentialAction":[{"@type":"ReadAction","target":[null]}]},{"@type":"BreadcrumbList","@id":"#breadcrumb","itemListElement":[{"@type":"ListItem","position":1,"name":"Portada","item":"https:\/\/www.agromundo.co\/blog\/"},{"@type":"ListItem","position":2,"name":"Rabia Silvestre. Dos focos en el departamento del Tolima"}]},{"@type":"Person","@id":"https:\/\/www.agromundo.co\/blog\/#\/schema\/person\/3e07d858c3c7a93ebf4ad3785559d35d","name":"admin","image":{"@type":"ImageObject","@id":"https:\/\/www.agromundo.co\/blog\/#personlogo","inLanguage":"es","url":"https:\/\/secure.gravatar.com\/avatar\/f990c4c6d966ea7f7bec9cc10bcda5ce?s=96&d=mm&r=g","contentUrl":"https:\/\/secure.gravatar.com\/avatar\/f990c4c6d966ea7f7bec9cc10bcda5ce?s=96&d=mm&r=g","caption":"admin"},"url":"https:\/\/www.agromundo.co\/blog\/author\/admin\/"}]}},"_links":{"self":[{"href":"https:\/\/www.agromundo.co\/blog\/wp-json\/wp\/v2\/posts\/5484"}],"collection":[{"href":"https:\/\/www.agromundo.co\/blog\/wp-json\/wp\/v2\/posts"}],"about":[{"href":"https:\/\/www.agromundo.co\/blog\/wp-json\/wp\/v2\/types\/post"}],"author":[{"embeddable":true,"href":"https:\/\/www.agromundo.co\/blog\/wp-json\/wp\/v2\/users\/1"}],"replies":[{"embeddable":true,"href":"https:\/\/www.agromundo.co\/blog\/wp-json\/wp\/v2\/comments?post=5484"}],"version-history":[{"count":1,"href":"https:\/\/www.agromundo.co\/blog\/wp-json\/wp\/v2\/posts\/5484\/revisions"}],"predecessor-version":[{"id":5486,"href":"https:\/\/www.agromundo.co\/blog\/wp-json\/wp\/v2\/posts\/5484\/revisions\/5486"}],"wp:featuredmedia":[{"embeddable":true,"href":"https:\/\/www.agromundo.co\/blog\/wp-json\/wp\/v2\/media\/5485"}],"wp:attachment":[{"href":"https:\/\/www.agromundo.co\/blog\/wp-json\/wp\/v2\/media?parent=5484"}],"wp:term":[{"taxonomy":"category","embeddable":true,"href":"https:\/\/www.agromundo.co\/blog\/wp-json\/wp\/v2\/categories?post=5484"},{"taxonomy":"post_tag","embeddable":true,"href":"https:\/\/www.agromundo.co\/blog\/wp-json\/wp\/v2\/tags?post=5484"}],"curies":[{"name":"wp","href":"https:\/\/api.w.org\/{rel}","templated":true}]}}