{"id":5523,"date":"2016-10-26T15:29:45","date_gmt":"2016-10-26T15:29:45","guid":{"rendered":"http:\/\/www.agromundo.co\/blog\/?p=5523"},"modified":"2016-10-26T15:29:45","modified_gmt":"2016-10-26T15:29:45","slug":"fiebre-aftosa-segundo-ciclo-vacunacion-2","status":"publish","type":"post","link":"https:\/\/www.agromundo.co\/blog\/fiebre-aftosa-segundo-ciclo-vacunacion-2\/","title":{"rendered":"Fiebre Aftosa. Segundo ciclo de vacunaci\u00f3n"},"content":{"rendered":"<p><a href=\"http:\/\/www.agromundo.co\/blog\/wp-content\/uploads\/2016\/10\/Aftosa.jpg\"><img loading=\"lazy\" class=\"alignnone size-full wp-image-5525\" src=\"http:\/\/www.agromundo.co\/blog\/wp-content\/uploads\/2016\/10\/Aftosa.jpg\" alt=\"aftosa\" width=\"293\" height=\"220\" srcset=\"https:\/\/www.agromundo.co\/blog\/wp-content\/uploads\/2016\/10\/Aftosa.jpg 293w, https:\/\/www.agromundo.co\/blog\/wp-content\/uploads\/2016\/10\/Aftosa-100x75.jpg 100w\" sizes=\"(max-width: 293px) 100vw, 293px\" \/><\/a><\/p>\n<ul>\n<li><em>En el primer ciclo de vacunaci\u00f3n del a\u00f1o 2016 contra la Fiebre Aftosa se increment\u00f3 la cobertura llegando al 96.7% del territorio nacional. En \u00a0Brucelosis Bovina la cobertura fue del 97.1% del territorio nacional.<\/em><\/li>\n<\/ul>\n<ul>\n<li><em>Las labores del ciclo de vacunaci\u00f3n fueron realizadas por cerca de 85 Organizaciones Gremiales Ganaderas, Cooperativas y organizaciones del sector autorizadas.<\/em><\/li>\n<\/ul>\n<p>Del 8 de noviembre al 22 de diciembre de 2016 se desarrollar\u00e1 el segundo ciclo de vacunaci\u00f3n contra Fiebre Aftosa y Brucelosis Bovina. As\u00ed lo dispuso el ICA, mediante Resoluci\u00f3n ICA #14921 de octubre de 2016. En este segundo ciclo\u00a0 participar\u00e1n m\u00e1s de 4.000 personas entre programadores, vacunadores, m\u00e9dicos veterinarios y supervisores.<\/p>\n<p>El ICA determin\u00f3 que la vacunaci\u00f3n contra la Fiebre Aftosa y la Brucelosis Bovina est\u00e1 bajo responsabilidad de la Cuenta Nacional de Carne y Leche y de su administrador, el Ministerio de Agricultura y Desarrollo Rural con encargo fiduciario con la Sociedad Fiduciaria de Colombia S.A. (FIDUAGRARIA), quien\u00a0 vigilar\u00e1 el cumplimiento de las responsabilidades de las Organizaciones Gremiales Ganaderas.<\/p>\n<p>El gerente general del ICA, Luis Humberto Mart\u00ednez Lacouture, se\u00f1al\u00f3 que la ganader\u00eda colombiana contin\u00faa abri\u00e9ndose paso en los mercados internacionales, lo que se debe al trabajo responsable de gremios y ganaderos en el estricto cumplimiento de los ciclos de vacunaci\u00f3n contra Fiebre Aftosa, lo que ha permitido\u00a0 mantener la sanidad animal y conquistar nuevos mercados.<br \/>\nPara el ciclo de vacunaci\u00f3n, \u00fanicamente se podr\u00e1n usar lotes de vacunas registradas, que hayan sido evaluados y aprobados por el ICA, de acuerdo con los par\u00e1metros de inocuidad, esterilidad, pureza y potencia establecidos en las normas vigentes.<br \/>\nLas zonas donde no se vacunar\u00e1 por haber sido declaradas como libres de Fiebre Aftosa sin vacunaci\u00f3n son las islas de Gorgona y Malpelo y el archipi\u00e9lago de San Andr\u00e9s, Providencia y Santa Catalina.<\/p>\n<p>As\u00ed mismo, la regi\u00f3n del\u00a0 Urab\u00e1 Chocoano, conformada por los municipios de Bah\u00eda Solano, Acand\u00ed, Bojay\u00e1, Jurad\u00f3, Carmen del Dari\u00e9n (margen izquierda del r\u00edo Atrato), Riosucio (margen izquierda del r\u00edo Atrato), Ung\u00eda y su zona de vigilancia que incluye la franja de 10 Km de ancho, localizada a lo largo de la margen oriental del r\u00edo Atrato, y que va desde la desembocadura del Atrato en el Oc\u00e9ano Atl\u00e1ntico (Golfo de Urab\u00e1) hasta la desembocadura del r\u00edo Murr\u00ed en el r\u00edo Atrato, y los municipios de Vig\u00eda del Fuerte y Murind\u00f3 en el departamento de Antioquia.<\/p>\n<p>En los predios determinados por el ICA como de riesgo alto de ocurrencia de Fiebre Aftosa y en aquellos con poblaciones mayores a 500 bovinos, la vacunaci\u00f3n deber\u00e1 realizarse durante las 3 primeras semanas del ciclo, por lo que las organizaciones ejecutoras deber\u00e1n ajustar sus programaciones para\u00a0 efectuar estas vacunaciones durante este periodo.<\/p>\n<p>Los animales procedentes de las zonas libres de Fiebre Aftosa sin vacunaci\u00f3n que se movilicen a las zonas donde la vacunaci\u00f3n es obligatoria, deber\u00e1n vacunarse contra la enfermedad en los lugares de destino. Esas vacunaciones deben registrarse ante el ICA.<\/p>\n<p>Con respecto a la Brucelosis Bovina, se vacunar\u00e1n todas las hembras bovinas y bufalinas entre los 3 y los 8 meses de edad, con excepci\u00f3n de aquellas que se encuentren en la Provincia Norte y Guti\u00e9rrez en el departamento de Boyac\u00e1, la Provincia de Garc\u00eda Rovira en el departamento de Santander y el Archipi\u00e9lago de San Andr\u00e9s, Providencia y Santa Catalina.<\/p>\n<p>De otro lado, determin\u00f3 el ICA que durante este ciclo de vacunaci\u00f3n, los ganaderos que no hayan vacunado sus animales contra la Rabia de origen silvestre durante el \u00faltimo a\u00f1o, est\u00e1n obligados a vacunar contra esta enfermedad en aquellas zonas definidas como de riesgo seg\u00fan lo indicado en la resoluci\u00f3n.<br \/>\nFuente: Adaptado de Instituto Colombiano Agropecuario.<\/p>\n<div id=\"attachment_5524\" style=\"width: 164px\" class=\"wp-caption alignright\"><a href=\"http:\/\/www.agromundo.co\/blog\/wp-content\/uploads\/2016\/10\/Tanque-enfriador-de-leche-Friomax.jpg\"><img aria-describedby=\"caption-attachment-5524\" loading=\"lazy\" class=\"wp-image-5524\" src=\"http:\/\/www.agromundo.co\/blog\/wp-content\/uploads\/2016\/10\/Tanque-enfriador-de-leche-Friomax.jpg\" alt=\"tanque-enfriador-de-leche-friomax\" width=\"154\" height=\"120\" \/><\/a><p id=\"caption-attachment-5524\" class=\"wp-caption-text\">Tanque enfriador de leche Friomax<\/p><\/div>\n<p>Con el patrocinio de:<\/p>\n<div id=\"attachment_5508\" style=\"width: 130px\" class=\"wp-caption alignnone\"><a href=\"http:\/\/www.agromundo.co\/aqua-fan-sas.html\"><img aria-describedby=\"caption-attachment-5508\" loading=\"lazy\" class=\"wp-image-5508\" src=\"http:\/\/www.agromundo.co\/blog\/wp-content\/uploads\/2016\/10\/Ventilador-aspersor-de-agua-Aquafan.jpg\" alt=\"ventilador-aspersor-de-agua-aquafan\" width=\"120\" height=\"120\" srcset=\"https:\/\/www.agromundo.co\/blog\/wp-content\/uploads\/2016\/10\/Ventilador-aspersor-de-agua-Aquafan.jpg 160w, https:\/\/www.agromundo.co\/blog\/wp-content\/uploads\/2016\/10\/Ventilador-aspersor-de-agua-Aquafan-150x150.jpg 150w\" sizes=\"(max-width: 120px) 100vw, 120px\" \/><\/a><p id=\"caption-attachment-5508\" class=\"wp-caption-text\">Ventilador con aspersor de agua<\/p><\/div>\n<p>&nbsp;<\/p>\n<p>&nbsp;<\/p>\n<p>&nbsp;<\/p>\n","protected":false},"excerpt":{"rendered":"<p>En el primer ciclo de vacunaci\u00f3n del a\u00f1o 2016 contra la Fiebre Aftosa se increment\u00f3 la cobertura llegando al 96.7% del territorio nacional. En \u00a0Brucelosis Bovina la cobertura fue del 97.1% del territorio nacional. Las labores del ciclo de vacunaci\u00f3n fueron realizadas por cerca de 85 Organizaciones Gremiales Ganaderas, Cooperativas y organizaciones del sector autorizadas. [&hellip;]<\/p>\n","protected":false},"author":1,"featured_media":5525,"comment_status":"open","ping_status":"open","sticky":false,"template":"","format":"standard","meta":[],"categories":[22,3,18,6],"tags":[366,2508,1008,464,639],"yoast_head":"<!-- This site is optimized with the Yoast SEO plugin v17.3 - https:\/\/yoast.com\/wordpress\/plugins\/seo\/ -->\n<meta name=\"description\" content=\"Fiebre Aftosa y Brucelosis Bovina. Del 8 de noviembre al 22 de diciembre de 2016 se realizar\u00e1 el segundo ciclo de vacunaci\u00f3n.\" \/>\n<meta name=\"robots\" content=\"index, follow, max-snippet:-1, max-image-preview:large, max-video-preview:-1\" \/>\n<meta property=\"og:locale\" content=\"es_ES\" \/>\n<meta property=\"og:type\" content=\"article\" \/>\n<meta property=\"og:title\" content=\"Fiebre Aftosa. Segundo ciclo de vacunaci\u00f3n - Notiagro\" \/>\n<meta property=\"og:description\" content=\"Fiebre Aftosa y Brucelosis Bovina. Del 8 de noviembre al 22 de diciembre de 2016 se realizar\u00e1 el segundo ciclo de vacunaci\u00f3n.\" \/>\n<meta property=\"og:site_name\" content=\"Notiagro\" \/>\n<meta property=\"article:published_time\" content=\"2016-10-26T15:29:45+00:00\" \/>\n<meta property=\"og:image\" content=\"http:\/\/www.agromundo.co\/blog\/wp-content\/uploads\/2016\/10\/Aftosa.jpg\" \/>\n\t<meta property=\"og:image:width\" content=\"293\" \/>\n\t<meta property=\"og:image:height\" content=\"220\" \/>\n<meta name=\"twitter:label1\" content=\"Escrito por\" \/>\n\t<meta name=\"twitter:data1\" content=\"admin\" \/>\n\t<meta name=\"twitter:label2\" content=\"Tiempo de lectura\" \/>\n\t<meta name=\"twitter:data2\" content=\"3 minutos\" \/>\n<script type=\"application\/ld+json\" class=\"yoast-schema-graph\">{\"@context\":\"https:\/\/schema.org\",\"@graph\":[{\"@type\":\"WebSite\",\"@id\":\"https:\/\/www.agromundo.co\/blog\/#website\",\"url\":\"https:\/\/www.agromundo.co\/blog\/\",\"name\":\"Notiagro\",\"description\":\"Noticias y eventos sector agropecuario colombiano\",\"potentialAction\":[{\"@type\":\"SearchAction\",\"target\":{\"@type\":\"EntryPoint\",\"urlTemplate\":\"https:\/\/www.agromundo.co\/blog\/?s={search_term_string}\"},\"query-input\":\"required name=search_term_string\"}],\"inLanguage\":\"es\"},{\"@type\":\"ImageObject\",\"@id\":\"#primaryimage\",\"inLanguage\":\"es\",\"url\":\"https:\/\/www.agromundo.co\/blog\/wp-content\/uploads\/2016\/10\/Aftosa.jpg\",\"contentUrl\":\"https:\/\/www.agromundo.co\/blog\/wp-content\/uploads\/2016\/10\/Aftosa.jpg\",\"width\":293,\"height\":220},{\"@type\":\"WebPage\",\"@id\":\"#webpage\",\"url\":null,\"name\":\"Fiebre Aftosa. Segundo ciclo de vacunaci\\u00f3n - Notiagro\",\"isPartOf\":{\"@id\":\"https:\/\/www.agromundo.co\/blog\/#website\"},\"primaryImageOfPage\":{\"@id\":\"#primaryimage\"},\"datePublished\":\"2016-10-26T15:29:45+00:00\",\"dateModified\":\"2016-10-26T15:29:45+00:00\",\"author\":{\"@id\":\"https:\/\/www.agromundo.co\/blog\/#\/schema\/person\/3e07d858c3c7a93ebf4ad3785559d35d\"},\"description\":\"Fiebre Aftosa y Brucelosis Bovina. Del 8 de noviembre al 22 de diciembre de 2016 se realizar\\u00e1 el segundo ciclo de vacunaci\\u00f3n.\",\"breadcrumb\":{\"@id\":\"#breadcrumb\"},\"inLanguage\":\"es\",\"potentialAction\":[{\"@type\":\"ReadAction\",\"target\":[null]}]},{\"@type\":\"BreadcrumbList\",\"@id\":\"#breadcrumb\",\"itemListElement\":[{\"@type\":\"ListItem\",\"position\":1,\"name\":\"Portada\",\"item\":\"https:\/\/www.agromundo.co\/blog\/\"},{\"@type\":\"ListItem\",\"position\":2,\"name\":\"Fiebre Aftosa. Segundo ciclo de vacunaci\\u00f3n\"}]},{\"@type\":\"Person\",\"@id\":\"https:\/\/www.agromundo.co\/blog\/#\/schema\/person\/3e07d858c3c7a93ebf4ad3785559d35d\",\"name\":\"admin\",\"image\":{\"@type\":\"ImageObject\",\"@id\":\"https:\/\/www.agromundo.co\/blog\/#personlogo\",\"inLanguage\":\"es\",\"url\":\"https:\/\/secure.gravatar.com\/avatar\/f990c4c6d966ea7f7bec9cc10bcda5ce?s=96&d=mm&r=g\",\"contentUrl\":\"https:\/\/secure.gravatar.com\/avatar\/f990c4c6d966ea7f7bec9cc10bcda5ce?s=96&d=mm&r=g\",\"caption\":\"admin\"},\"url\":\"https:\/\/www.agromundo.co\/blog\/author\/admin\/\"}]}<\/script>\n<!-- \/ Yoast SEO plugin. -->","yoast_head_json":{"description":"Fiebre Aftosa y Brucelosis Bovina. Del 8 de noviembre al 22 de diciembre de 2016 se realizar\u00e1 el segundo ciclo de vacunaci\u00f3n.","robots":{"index":"index","follow":"follow","max-snippet":"max-snippet:-1","max-image-preview":"max-image-preview:large","max-video-preview":"max-video-preview:-1"},"og_locale":"es_ES","og_type":"article","og_title":"Fiebre Aftosa. Segundo ciclo de vacunaci\u00f3n - Notiagro","og_description":"Fiebre Aftosa y Brucelosis Bovina. Del 8 de noviembre al 22 de diciembre de 2016 se realizar\u00e1 el segundo ciclo de vacunaci\u00f3n.","og_site_name":"Notiagro","article_published_time":"2016-10-26T15:29:45+00:00","og_image":[{"width":293,"height":220,"url":"http:\/\/www.agromundo.co\/blog\/wp-content\/uploads\/2016\/10\/Aftosa.jpg","type":"image\/jpeg"}],"twitter_misc":{"Escrito por":"admin","Tiempo de lectura":"3 minutos"},"schema":{"@context":"https:\/\/schema.org","@graph":[{"@type":"WebSite","@id":"https:\/\/www.agromundo.co\/blog\/#website","url":"https:\/\/www.agromundo.co\/blog\/","name":"Notiagro","description":"Noticias y eventos sector agropecuario colombiano","potentialAction":[{"@type":"SearchAction","target":{"@type":"EntryPoint","urlTemplate":"https:\/\/www.agromundo.co\/blog\/?s={search_term_string}"},"query-input":"required name=search_term_string"}],"inLanguage":"es"},{"@type":"ImageObject","@id":"#primaryimage","inLanguage":"es","url":"https:\/\/www.agromundo.co\/blog\/wp-content\/uploads\/2016\/10\/Aftosa.jpg","contentUrl":"https:\/\/www.agromundo.co\/blog\/wp-content\/uploads\/2016\/10\/Aftosa.jpg","width":293,"height":220},{"@type":"WebPage","@id":"#webpage","url":null,"name":"Fiebre Aftosa. Segundo ciclo de vacunaci\u00f3n - Notiagro","isPartOf":{"@id":"https:\/\/www.agromundo.co\/blog\/#website"},"primaryImageOfPage":{"@id":"#primaryimage"},"datePublished":"2016-10-26T15:29:45+00:00","dateModified":"2016-10-26T15:29:45+00:00","author":{"@id":"https:\/\/www.agromundo.co\/blog\/#\/schema\/person\/3e07d858c3c7a93ebf4ad3785559d35d"},"description":"Fiebre Aftosa y Brucelosis Bovina. Del 8 de noviembre al 22 de diciembre de 2016 se realizar\u00e1 el segundo ciclo de vacunaci\u00f3n.","breadcrumb":{"@id":"#breadcrumb"},"inLanguage":"es","potentialAction":[{"@type":"ReadAction","target":[null]}]},{"@type":"BreadcrumbList","@id":"#breadcrumb","itemListElement":[{"@type":"ListItem","position":1,"name":"Portada","item":"https:\/\/www.agromundo.co\/blog\/"},{"@type":"ListItem","position":2,"name":"Fiebre Aftosa. Segundo ciclo de vacunaci\u00f3n"}]},{"@type":"Person","@id":"https:\/\/www.agromundo.co\/blog\/#\/schema\/person\/3e07d858c3c7a93ebf4ad3785559d35d","name":"admin","image":{"@type":"ImageObject","@id":"https:\/\/www.agromundo.co\/blog\/#personlogo","inLanguage":"es","url":"https:\/\/secure.gravatar.com\/avatar\/f990c4c6d966ea7f7bec9cc10bcda5ce?s=96&d=mm&r=g","contentUrl":"https:\/\/secure.gravatar.com\/avatar\/f990c4c6d966ea7f7bec9cc10bcda5ce?s=96&d=mm&r=g","caption":"admin"},"url":"https:\/\/www.agromundo.co\/blog\/author\/admin\/"}]}},"_links":{"self":[{"href":"https:\/\/www.agromundo.co\/blog\/wp-json\/wp\/v2\/posts\/5523"}],"collection":[{"href":"https:\/\/www.agromundo.co\/blog\/wp-json\/wp\/v2\/posts"}],"about":[{"href":"https:\/\/www.agromundo.co\/blog\/wp-json\/wp\/v2\/types\/post"}],"author":[{"embeddable":true,"href":"https:\/\/www.agromundo.co\/blog\/wp-json\/wp\/v2\/users\/1"}],"replies":[{"embeddable":true,"href":"https:\/\/www.agromundo.co\/blog\/wp-json\/wp\/v2\/comments?post=5523"}],"version-history":[{"count":1,"href":"https:\/\/www.agromundo.co\/blog\/wp-json\/wp\/v2\/posts\/5523\/revisions"}],"predecessor-version":[{"id":5526,"href":"https:\/\/www.agromundo.co\/blog\/wp-json\/wp\/v2\/posts\/5523\/revisions\/5526"}],"wp:featuredmedia":[{"embeddable":true,"href":"https:\/\/www.agromundo.co\/blog\/wp-json\/wp\/v2\/media\/5525"}],"wp:attachment":[{"href":"https:\/\/www.agromundo.co\/blog\/wp-json\/wp\/v2\/media?parent=5523"}],"wp:term":[{"taxonomy":"category","embeddable":true,"href":"https:\/\/www.agromundo.co\/blog\/wp-json\/wp\/v2\/categories?post=5523"},{"taxonomy":"post_tag","embeddable":true,"href":"https:\/\/www.agromundo.co\/blog\/wp-json\/wp\/v2\/tags?post=5523"}],"curies":[{"name":"wp","href":"https:\/\/api.w.org\/{rel}","templated":true}]}}