{"id":5699,"date":"2017-01-18T15:10:51","date_gmt":"2017-01-18T15:10:51","guid":{"rendered":"http:\/\/www.agromundo.co\/blog\/?p=5699"},"modified":"2017-01-18T15:10:51","modified_gmt":"2017-01-18T15:10:51","slug":"ferias-equinas-principales-2017","status":"publish","type":"post","link":"https:\/\/www.agromundo.co\/blog\/ferias-equinas-principales-2017\/","title":{"rendered":"Ferias equinas principales durante el a\u00f1o 2017"},"content":{"rendered":"<p><a href=\"http:\/\/www.agromundo.co\/blog\/wp-content\/uploads\/2017\/01\/Eventos-equinos.jpg\"><img loading=\"lazy\" class=\"alignnone size-full wp-image-5700\" src=\"http:\/\/www.agromundo.co\/blog\/wp-content\/uploads\/2017\/01\/Eventos-equinos.jpg\" alt=\"Eventos equinos\" width=\"341\" height=\"210\" srcset=\"https:\/\/www.agromundo.co\/blog\/wp-content\/uploads\/2017\/01\/Eventos-equinos.jpg 341w, https:\/\/www.agromundo.co\/blog\/wp-content\/uploads\/2017\/01\/Eventos-equinos-300x185.jpg 300w\" sizes=\"(max-width: 341px) 100vw, 341px\" \/><\/a><\/p>\n<p>Ferias equinas<\/p>\n<p>El calendario de ferias equinas del 2017 ya est\u00e1 listo y programado por la Federaci\u00f3n Colombiana de Asociaciones Equinas (Fedequinas). Indica la programaci\u00f3n que en total se realizar\u00e1n 186 eventos entre exhibiciones Grado A y Grado B. En la categor\u00eda Grado A est\u00e1n programadas 36 ferias y las restantes en la categor\u00eda Grado B.<\/p>\n<p>Dentro de ese ramillete de actividades hay 2 que aparecen como las m\u00e1s destacadas: la Nacional Equina, que cada a\u00f1o se efect\u00faa en el mes de febrero y La Mundial de Confepaso, un certamen internacional que por primera vez tendr\u00e1 como sede a la ciudad de Bogot\u00e1.<\/p>\n<p>Fabio Jaramillo, director Ejecutivo de Fedequinas manifest\u00f3 que podr\u00eda afirmarse que en casi todos los departamentos del pa\u00eds se realizar\u00e1 por lo menos una feria. Solamente en Cundinamarca se realizan unas 28 ferias cada a\u00f1o. Incluso, agreg\u00f3 Mauricio Cardona, presidente de la Junta Directiva de la agremiaci\u00f3n, hay fines de semana con ocho y hasta diez exhibiciones.<\/p>\n<p>Indic\u00f3 que cada fin de semana, con excepci\u00f3n de dos o tres en el a\u00f1o, en alg\u00fan lugar de Colombia hay una feria y en muchos municipios es el principal evento que se realiza.<\/p>\n<p>Se estima que a una feria Grado A, entre el viernes y el domingo, en promedio asisten unas 5.000 personas y en todos los eventos de un a\u00f1o se exhiben unos 7.000 ejemplares que salen varias veces a pista durante la temporada. Seg\u00fan dijo Jaramillo, el registro de inscripciones en todas las ferias alcanza unos 24.000 equinos.<\/p>\n<p>Aunque son muchas las ferias, Agronegocios destaca 5 eventos del calendario del 2017, por ejemplares en competencia en las 4 modalidades y p\u00fablico asistente, que encabezan y la Mundial y la Nacional Equina.<\/p>\n<ol>\n<li><strong> MUNDIAL CONFEPASO 2017<\/strong>. En el medio equino es el principal evento internacional que concita a los ejemplares \u00e9lites del mundo. Se realiza cada 2 a\u00f1os y Colombia ser\u00e1 el pa\u00eds anfitri\u00f3n. El Hip\u00f3dromo \u00a0los Andes de Bogot\u00e1 que fue elegido como sede, ser\u00e1 el escenario que reunir\u00e1, en noviembre, unos 850 ejemplares. \u00a0Participar\u00e1n los 11 pa\u00edses que conforman la Confederaci\u00f3n Internacional de Caballos de Paso (Confepaso). Desde el a\u00f1o 2009 no se realiza este evento en el pa\u00eds.<\/li>\n<li><strong> EXPOSICI\u00d3N NACIONAL EQUINA.<\/strong>Se llevar\u00e1 a cabo entre el 15 y 19 de febrero en el coliseo de Asdeoccidente, localizado en la recta entre Cali y Palmira. Se trata de uno de los eventos equinos nacionales de mayor concurrencia, al cual asiste lo mejor del caballo criollo colombiano. En este certamen participan unos 750 ejemplar de todo el pa\u00eds que son juzgados en pista en los cuatro andares.<\/li>\n<li><strong> EXPOSICI\u00d3N GRADO A AGROEXPO 2017<\/strong>.\u00a0Cada 2 a\u00f1os se efect\u00faa en Corferias, en Bogot\u00e1, Agroexpo, considerada como la m\u00e1s importante feria agropecuaria del pa\u00eds. En su marco, se realiza una feria equina Grado A que re\u00fane unos 400 caballos en competencia. En el 2017, Agroexpo se realizar\u00e1 del 13 al 23 de julio.<\/li>\n<li><strong> EXHIBICIONES EN EL TERRITORIO ANTIOQUE\u00d1O.<\/strong>Asdesilla realiza 2 exposiciones equinas Grado A en el a\u00f1o. Las del 2017 ser\u00e1n entre el 20 y el 22 de enero y entre el 4 y el 7 de agosto. En abril, Asocaba realiza otra exposici\u00f3n.<\/li>\n<li><strong> COPA AM\u00c9RICA EQUINA EN CALI<\/strong>.\u00a0Asdeoccidente es la organizadora de este evento programado para el mes de diciembre de 2017. Por la participaci\u00f3n de ejemplares, es uno de los m\u00e1s representativos cert\u00e1menes equinos del occidente colombiano.<\/li>\n<\/ol>\n<p>Fuente: Adaptado de Agronegocios. La Rep\u00fablica. Autor:\u00a0Teresita Celis A.<\/p>\n<div id=\"attachment_5567\" style=\"width: 162px\" class=\"wp-caption alignright\"><a href=\"http:\/\/www.agromundo.co\/herraduras-clavos-y-accesorios-para-herraje-mustad-emcoclavos.html\"><img aria-describedby=\"caption-attachment-5567\" loading=\"lazy\" class=\"wp-image-5567\" src=\"http:\/\/www.agromundo.co\/blog\/wp-content\/uploads\/2016\/11\/Kit-b\u00e1sico-para-herrer\u00eda-Derby.jpg\" alt=\"kit-basico-para-herreria-derby\" width=\"152\" height=\"120\" \/><\/a><p id=\"caption-attachment-5567\" class=\"wp-caption-text\">Kit b\u00e1sico para herrer\u00eda Derby<\/p><\/div>\n<p>Con el patrocinio de:<\/p>\n<div id=\"attachment_5508\" style=\"width: 130px\" class=\"wp-caption alignnone\"><a href=\"http:\/\/www.agromundo.co\/aqua-fan-sas.html\"><img aria-describedby=\"caption-attachment-5508\" loading=\"lazy\" class=\"wp-image-5508\" src=\"http:\/\/www.agromundo.co\/blog\/wp-content\/uploads\/2016\/10\/Ventilador-aspersor-de-agua-Aquafan.jpg\" alt=\"ventilador-aspersor-de-agua-aquafan\" width=\"120\" height=\"120\" srcset=\"https:\/\/www.agromundo.co\/blog\/wp-content\/uploads\/2016\/10\/Ventilador-aspersor-de-agua-Aquafan.jpg 160w, https:\/\/www.agromundo.co\/blog\/wp-content\/uploads\/2016\/10\/Ventilador-aspersor-de-agua-Aquafan-150x150.jpg 150w\" sizes=\"(max-width: 120px) 100vw, 120px\" \/><\/a><p id=\"caption-attachment-5508\" class=\"wp-caption-text\">Ventiladores con aspersor de agua<\/p><\/div>\n","protected":false},"excerpt":{"rendered":"<p>Ferias equinas El calendario de ferias equinas del 2017 ya est\u00e1 listo y programado por la Federaci\u00f3n Colombiana de Asociaciones Equinas (Fedequinas). Indica la programaci\u00f3n que en total se realizar\u00e1n 186 eventos entre exhibiciones Grado A y Grado B. En la categor\u00eda Grado A est\u00e1n programadas 36 ferias y las restantes en la categor\u00eda Grado [&hellip;]<\/p>\n","protected":false},"author":1,"featured_media":5700,"comment_status":"open","ping_status":"open","sticky":false,"template":"","format":"standard","meta":[],"categories":[22,3,18,6],"tags":[1182,1539,875,232,1000,1267,1009],"yoast_head":"<!-- This site is optimized with the Yoast SEO plugin v17.3 - https:\/\/yoast.com\/wordpress\/plugins\/seo\/ -->\n<meta name=\"description\" content=\"Ferias equinas principales programadas en Colombia para el a\u00f1o 2017. En noviembre se llevar\u00e1 a cabo la mundial equina de Confepaso.\" \/>\n<meta name=\"robots\" content=\"index, follow, max-snippet:-1, max-image-preview:large, max-video-preview:-1\" \/>\n<meta property=\"og:locale\" content=\"es_ES\" \/>\n<meta property=\"og:type\" content=\"article\" \/>\n<meta property=\"og:title\" content=\"Ferias equinas principales durante el a\u00f1o 2017 - Notiagro\" \/>\n<meta property=\"og:description\" content=\"Ferias equinas principales programadas en Colombia para el a\u00f1o 2017. En noviembre se llevar\u00e1 a cabo la mundial equina de Confepaso.\" \/>\n<meta property=\"og:site_name\" content=\"Notiagro\" \/>\n<meta property=\"article:published_time\" content=\"2017-01-18T15:10:51+00:00\" \/>\n<meta property=\"og:image\" content=\"http:\/\/www.agromundo.co\/blog\/wp-content\/uploads\/2017\/01\/Eventos-equinos.jpg\" \/>\n\t<meta property=\"og:image:width\" content=\"341\" \/>\n\t<meta property=\"og:image:height\" content=\"210\" \/>\n<meta name=\"twitter:label1\" content=\"Escrito por\" \/>\n\t<meta name=\"twitter:data1\" content=\"admin\" \/>\n\t<meta name=\"twitter:label2\" content=\"Tiempo de lectura\" \/>\n\t<meta name=\"twitter:data2\" content=\"3 minutos\" \/>\n<script type=\"application\/ld+json\" class=\"yoast-schema-graph\">{\"@context\":\"https:\/\/schema.org\",\"@graph\":[{\"@type\":\"WebSite\",\"@id\":\"https:\/\/www.agromundo.co\/blog\/#website\",\"url\":\"https:\/\/www.agromundo.co\/blog\/\",\"name\":\"Notiagro\",\"description\":\"Noticias y eventos sector agropecuario colombiano\",\"potentialAction\":[{\"@type\":\"SearchAction\",\"target\":{\"@type\":\"EntryPoint\",\"urlTemplate\":\"https:\/\/www.agromundo.co\/blog\/?s={search_term_string}\"},\"query-input\":\"required name=search_term_string\"}],\"inLanguage\":\"es\"},{\"@type\":\"ImageObject\",\"@id\":\"#primaryimage\",\"inLanguage\":\"es\",\"url\":\"https:\/\/www.agromundo.co\/blog\/wp-content\/uploads\/2017\/01\/Eventos-equinos.jpg\",\"contentUrl\":\"https:\/\/www.agromundo.co\/blog\/wp-content\/uploads\/2017\/01\/Eventos-equinos.jpg\",\"width\":341,\"height\":210},{\"@type\":\"WebPage\",\"@id\":\"#webpage\",\"url\":null,\"name\":\"Ferias equinas principales durante el a\\u00f1o 2017 - Notiagro\",\"isPartOf\":{\"@id\":\"https:\/\/www.agromundo.co\/blog\/#website\"},\"primaryImageOfPage\":{\"@id\":\"#primaryimage\"},\"datePublished\":\"2017-01-18T15:10:51+00:00\",\"dateModified\":\"2017-01-18T15:10:51+00:00\",\"author\":{\"@id\":\"https:\/\/www.agromundo.co\/blog\/#\/schema\/person\/3e07d858c3c7a93ebf4ad3785559d35d\"},\"description\":\"Ferias equinas principales programadas en Colombia para el a\\u00f1o 2017. En noviembre se llevar\\u00e1 a cabo la mundial equina de Confepaso.\",\"breadcrumb\":{\"@id\":\"#breadcrumb\"},\"inLanguage\":\"es\",\"potentialAction\":[{\"@type\":\"ReadAction\",\"target\":[null]}]},{\"@type\":\"BreadcrumbList\",\"@id\":\"#breadcrumb\",\"itemListElement\":[{\"@type\":\"ListItem\",\"position\":1,\"name\":\"Portada\",\"item\":\"https:\/\/www.agromundo.co\/blog\/\"},{\"@type\":\"ListItem\",\"position\":2,\"name\":\"Ferias equinas principales durante el a\\u00f1o 2017\"}]},{\"@type\":\"Person\",\"@id\":\"https:\/\/www.agromundo.co\/blog\/#\/schema\/person\/3e07d858c3c7a93ebf4ad3785559d35d\",\"name\":\"admin\",\"image\":{\"@type\":\"ImageObject\",\"@id\":\"https:\/\/www.agromundo.co\/blog\/#personlogo\",\"inLanguage\":\"es\",\"url\":\"https:\/\/secure.gravatar.com\/avatar\/f990c4c6d966ea7f7bec9cc10bcda5ce?s=96&d=mm&r=g\",\"contentUrl\":\"https:\/\/secure.gravatar.com\/avatar\/f990c4c6d966ea7f7bec9cc10bcda5ce?s=96&d=mm&r=g\",\"caption\":\"admin\"},\"url\":\"https:\/\/www.agromundo.co\/blog\/author\/admin\/\"}]}<\/script>\n<!-- \/ Yoast SEO plugin. -->","yoast_head_json":{"description":"Ferias equinas principales programadas en Colombia para el a\u00f1o 2017. En noviembre se llevar\u00e1 a cabo la mundial equina de Confepaso.","robots":{"index":"index","follow":"follow","max-snippet":"max-snippet:-1","max-image-preview":"max-image-preview:large","max-video-preview":"max-video-preview:-1"},"og_locale":"es_ES","og_type":"article","og_title":"Ferias equinas principales durante el a\u00f1o 2017 - Notiagro","og_description":"Ferias equinas principales programadas en Colombia para el a\u00f1o 2017. En noviembre se llevar\u00e1 a cabo la mundial equina de Confepaso.","og_site_name":"Notiagro","article_published_time":"2017-01-18T15:10:51+00:00","og_image":[{"width":341,"height":210,"url":"http:\/\/www.agromundo.co\/blog\/wp-content\/uploads\/2017\/01\/Eventos-equinos.jpg","type":"image\/jpeg"}],"twitter_misc":{"Escrito por":"admin","Tiempo de lectura":"3 minutos"},"schema":{"@context":"https:\/\/schema.org","@graph":[{"@type":"WebSite","@id":"https:\/\/www.agromundo.co\/blog\/#website","url":"https:\/\/www.agromundo.co\/blog\/","name":"Notiagro","description":"Noticias y eventos sector agropecuario colombiano","potentialAction":[{"@type":"SearchAction","target":{"@type":"EntryPoint","urlTemplate":"https:\/\/www.agromundo.co\/blog\/?s={search_term_string}"},"query-input":"required name=search_term_string"}],"inLanguage":"es"},{"@type":"ImageObject","@id":"#primaryimage","inLanguage":"es","url":"https:\/\/www.agromundo.co\/blog\/wp-content\/uploads\/2017\/01\/Eventos-equinos.jpg","contentUrl":"https:\/\/www.agromundo.co\/blog\/wp-content\/uploads\/2017\/01\/Eventos-equinos.jpg","width":341,"height":210},{"@type":"WebPage","@id":"#webpage","url":null,"name":"Ferias equinas principales durante el a\u00f1o 2017 - Notiagro","isPartOf":{"@id":"https:\/\/www.agromundo.co\/blog\/#website"},"primaryImageOfPage":{"@id":"#primaryimage"},"datePublished":"2017-01-18T15:10:51+00:00","dateModified":"2017-01-18T15:10:51+00:00","author":{"@id":"https:\/\/www.agromundo.co\/blog\/#\/schema\/person\/3e07d858c3c7a93ebf4ad3785559d35d"},"description":"Ferias equinas principales programadas en Colombia para el a\u00f1o 2017. En noviembre se llevar\u00e1 a cabo la mundial equina de Confepaso.","breadcrumb":{"@id":"#breadcrumb"},"inLanguage":"es","potentialAction":[{"@type":"ReadAction","target":[null]}]},{"@type":"BreadcrumbList","@id":"#breadcrumb","itemListElement":[{"@type":"ListItem","position":1,"name":"Portada","item":"https:\/\/www.agromundo.co\/blog\/"},{"@type":"ListItem","position":2,"name":"Ferias equinas principales durante el a\u00f1o 2017"}]},{"@type":"Person","@id":"https:\/\/www.agromundo.co\/blog\/#\/schema\/person\/3e07d858c3c7a93ebf4ad3785559d35d","name":"admin","image":{"@type":"ImageObject","@id":"https:\/\/www.agromundo.co\/blog\/#personlogo","inLanguage":"es","url":"https:\/\/secure.gravatar.com\/avatar\/f990c4c6d966ea7f7bec9cc10bcda5ce?s=96&d=mm&r=g","contentUrl":"https:\/\/secure.gravatar.com\/avatar\/f990c4c6d966ea7f7bec9cc10bcda5ce?s=96&d=mm&r=g","caption":"admin"},"url":"https:\/\/www.agromundo.co\/blog\/author\/admin\/"}]}},"_links":{"self":[{"href":"https:\/\/www.agromundo.co\/blog\/wp-json\/wp\/v2\/posts\/5699"}],"collection":[{"href":"https:\/\/www.agromundo.co\/blog\/wp-json\/wp\/v2\/posts"}],"about":[{"href":"https:\/\/www.agromundo.co\/blog\/wp-json\/wp\/v2\/types\/post"}],"author":[{"embeddable":true,"href":"https:\/\/www.agromundo.co\/blog\/wp-json\/wp\/v2\/users\/1"}],"replies":[{"embeddable":true,"href":"https:\/\/www.agromundo.co\/blog\/wp-json\/wp\/v2\/comments?post=5699"}],"version-history":[{"count":1,"href":"https:\/\/www.agromundo.co\/blog\/wp-json\/wp\/v2\/posts\/5699\/revisions"}],"predecessor-version":[{"id":5701,"href":"https:\/\/www.agromundo.co\/blog\/wp-json\/wp\/v2\/posts\/5699\/revisions\/5701"}],"wp:featuredmedia":[{"embeddable":true,"href":"https:\/\/www.agromundo.co\/blog\/wp-json\/wp\/v2\/media\/5700"}],"wp:attachment":[{"href":"https:\/\/www.agromundo.co\/blog\/wp-json\/wp\/v2\/media?parent=5699"}],"wp:term":[{"taxonomy":"category","embeddable":true,"href":"https:\/\/www.agromundo.co\/blog\/wp-json\/wp\/v2\/categories?post=5699"},{"taxonomy":"post_tag","embeddable":true,"href":"https:\/\/www.agromundo.co\/blog\/wp-json\/wp\/v2\/tags?post=5699"}],"curies":[{"name":"wp","href":"https:\/\/api.w.org\/{rel}","templated":true}]}}