{"id":5849,"date":"2017-02-27T15:12:05","date_gmt":"2017-02-27T15:12:05","guid":{"rendered":"http:\/\/www.agromundo.co\/blog\/?p=5849"},"modified":"2017-02-27T15:12:05","modified_gmt":"2017-02-27T15:12:05","slug":"rabia-silvestre-departamento-caqueta","status":"publish","type":"post","link":"https:\/\/www.agromundo.co\/blog\/rabia-silvestre-departamento-caqueta\/","title":{"rendered":"Rabia Silvestre en el departamento de Caquet\u00e1"},"content":{"rendered":"<div id=\"attachment_5851\" style=\"width: 290px\" class=\"wp-caption alignnone\"><a href=\"http:\/\/www.agromundo.co\/blog\/wp-content\/uploads\/2017\/02\/Rabia-Silvestre.jpg\"><img aria-describedby=\"caption-attachment-5851\" loading=\"lazy\" class=\"wp-image-5851 size-full\" src=\"http:\/\/www.agromundo.co\/blog\/wp-content\/uploads\/2017\/02\/Rabia-Silvestre.jpg\" alt=\"Rabia Silvestre\" width=\"280\" height=\"210\" srcset=\"https:\/\/www.agromundo.co\/blog\/wp-content\/uploads\/2017\/02\/Rabia-Silvestre.jpg 280w, https:\/\/www.agromundo.co\/blog\/wp-content\/uploads\/2017\/02\/Rabia-Silvestre-100x75.jpg 100w\" sizes=\"(max-width: 280px) 100vw, 280px\" \/><\/a><p id=\"caption-attachment-5851\" class=\"wp-caption-text\">El ICA atiende foco de rabia silvestre en Valpara\u00edso, Caquet\u00e1<\/p><\/div>\n<ul>\n<li><em>Las autoridades administrativas y sanitarias del departamento de Caquet\u00e1 est\u00e1n atentas de la situaci\u00f3n para garantizar la erradicaci\u00f3n de los riesgos en la ganader\u00eda y la salud humana.<\/em><\/li>\n<\/ul>\n<ul>\n<li><em>La Rabia Silvestre es una enfermedad mortal que afecta a las especies de sangre caliente, incluidos los seres humanos.<\/em><\/li>\n<\/ul>\n<p>El Instituto Colombia Agropecuario (ICA), como ente responsable de la sanidad pecuaria y agr\u00edcola de Colombia, atendi\u00f3 caso de Rabia Silvestre en la vereda La Macarena, municipio de Valpara\u00edso, en el departamento de Caquet\u00e1.<\/p>\n<p>Luego de confirmarse el positivo de esta enfermedad por el Laboratorio Nacional de Diagnostico Veterinario del ICA,\u00a0 se estableci\u00f3 la vacunaci\u00f3n obligatoria contra Rabia Bovina de todos los animales mayores de 3 meses de edad de las veredas Primavera Baja, Primavera Alta, Santa Helena Baja, El Palmito, Maticur\u00fa y Manaure.<\/p>\n<p>Con el objeto de prevenir la presencia y difusi\u00f3n de la Rabia Silvestre Bovina, el ICA realiza visitas a los predios de la zona con el fin de verificar si existen animales con s\u00edntomas compatibles con la enfermedad. Esta actividad se est\u00e1 complementando con la realizaci\u00f3n\u00a0de talleres en actualizaci\u00f3n y control de esa enfermedad.<\/p>\n<p>La Rabia Silvestre es una enfermedad viral, que afecta el sistema nervioso central de los mam\u00edferos incluyendo el ser humano.<\/p>\n<p>Los animales infectados de Rabia Silvestre, presentan alteraciones en su comportamiento como descoordinaci\u00f3n del tren posterior y ca\u00eddas, ceguera, salivaci\u00f3n abundante, temblores musculares y par\u00e1lisis. Presentan adem\u00e1s deshidrataci\u00f3n y enflaquecimiento progresivo debido a su imposibilidad de beber agua y alimentarse. Avanzada la enfermedad, permanecen ca\u00eddos y mueren entre 1 y 10 d\u00edas luego de iniciados los s\u00edntomas.<\/p>\n<p>Para la prevenci\u00f3n y el control de la enfermedad, recomienda el ICA vacunar a los animales contra la Rabia Silvestre y realizar un control permanente de los murci\u00e9lagos hemat\u00f3fagos por medio de capturas.<\/p>\n<p>Fuente: Adaptado de Instituto Colombiano Agropecuario.<\/p>\n<div id=\"attachment_5850\" style=\"width: 146px\" class=\"wp-caption alignright\"><a href=\"http:\/\/www.agromundo.co\/plastigoma-pisos-de-caucho.html\"><img aria-describedby=\"caption-attachment-5850\" loading=\"lazy\" class=\"wp-image-5850 size-full\" src=\"http:\/\/www.agromundo.co\/blog\/wp-content\/uploads\/2017\/02\/Pisos-en-caucho-para-pesebreras-establos-y-transporte.jpg\" alt=\"Pisos en caucho para pesebreras, establos y transporte\" width=\"136\" height=\"120\" \/><\/a><p id=\"caption-attachment-5850\" class=\"wp-caption-text\">Pisos en caucho vulcanizado para pesebreras, establos y transporte<\/p><\/div>\n<p>Con el patrocinio de:<\/p>\n<div id=\"attachment_5508\" style=\"width: 130px\" class=\"wp-caption alignnone\"><a href=\"http:\/\/www.agromundo.co\/aqua-fan-sas.html\"><img aria-describedby=\"caption-attachment-5508\" loading=\"lazy\" class=\"wp-image-5508\" src=\"http:\/\/www.agromundo.co\/blog\/wp-content\/uploads\/2016\/10\/Ventilador-aspersor-de-agua-Aquafan.jpg\" alt=\"ventilador-aspersor-de-agua-aquafan\" width=\"120\" height=\"120\" srcset=\"https:\/\/www.agromundo.co\/blog\/wp-content\/uploads\/2016\/10\/Ventilador-aspersor-de-agua-Aquafan.jpg 160w, https:\/\/www.agromundo.co\/blog\/wp-content\/uploads\/2016\/10\/Ventilador-aspersor-de-agua-Aquafan-150x150.jpg 150w\" sizes=\"(max-width: 120px) 100vw, 120px\" \/><\/a><p id=\"caption-attachment-5508\" class=\"wp-caption-text\">Ventiladores con aspersor de agua<\/p><\/div>\n","protected":false},"excerpt":{"rendered":"<p>Las autoridades administrativas y sanitarias del departamento de Caquet\u00e1 est\u00e1n atentas de la situaci\u00f3n para garantizar la erradicaci\u00f3n de los riesgos en la ganader\u00eda y la salud humana. La Rabia Silvestre es una enfermedad mortal que afecta a las especies de sangre caliente, incluidos los seres humanos. El Instituto Colombia Agropecuario (ICA), como ente responsable [&hellip;]<\/p>\n","protected":false},"author":1,"featured_media":5851,"comment_status":"open","ping_status":"open","sticky":false,"template":"","format":"standard","meta":[],"categories":[3,18,6],"tags":[1008,1628,1401,639,3085],"yoast_head":"<!-- This site is optimized with the Yoast SEO plugin v17.3 - https:\/\/yoast.com\/wordpress\/plugins\/seo\/ -->\n<meta name=\"description\" content=\"Rabia Silvestre. Un foco de la enfermedad fue detectado y atendido en el municipio de Valpara\u00edso en el departamento de Caquet\u00e1.\" \/>\n<meta name=\"robots\" content=\"index, follow, max-snippet:-1, max-image-preview:large, max-video-preview:-1\" \/>\n<meta property=\"og:locale\" content=\"es_ES\" \/>\n<meta property=\"og:type\" content=\"article\" \/>\n<meta property=\"og:title\" content=\"Rabia Silvestre en el departamento de Caquet\u00e1 - Notiagro\" \/>\n<meta property=\"og:description\" content=\"Rabia Silvestre. Un foco de la enfermedad fue detectado y atendido en el municipio de Valpara\u00edso en el departamento de Caquet\u00e1.\" \/>\n<meta property=\"og:site_name\" content=\"Notiagro\" \/>\n<meta property=\"article:published_time\" content=\"2017-02-27T15:12:05+00:00\" \/>\n<meta property=\"og:image\" content=\"https:\/\/www.agromundo.co\/blog\/wp-content\/uploads\/2017\/02\/Rabia-Silvestre.jpg\" \/>\n\t<meta property=\"og:image:width\" content=\"280\" \/>\n\t<meta property=\"og:image:height\" content=\"210\" \/>\n<meta name=\"twitter:label1\" content=\"Escrito por\" \/>\n\t<meta name=\"twitter:data1\" content=\"admin\" \/>\n\t<meta name=\"twitter:label2\" content=\"Tiempo de lectura\" \/>\n\t<meta name=\"twitter:data2\" content=\"2 minutos\" \/>\n<script type=\"application\/ld+json\" class=\"yoast-schema-graph\">{\"@context\":\"https:\/\/schema.org\",\"@graph\":[{\"@type\":\"WebSite\",\"@id\":\"https:\/\/www.agromundo.co\/blog\/#website\",\"url\":\"https:\/\/www.agromundo.co\/blog\/\",\"name\":\"Notiagro\",\"description\":\"Noticias y eventos sector agropecuario colombiano\",\"potentialAction\":[{\"@type\":\"SearchAction\",\"target\":{\"@type\":\"EntryPoint\",\"urlTemplate\":\"https:\/\/www.agromundo.co\/blog\/?s={search_term_string}\"},\"query-input\":\"required name=search_term_string\"}],\"inLanguage\":\"es\"},{\"@type\":\"ImageObject\",\"@id\":\"#primaryimage\",\"inLanguage\":\"es\",\"url\":\"https:\/\/www.agromundo.co\/blog\/wp-content\/uploads\/2017\/02\/Rabia-Silvestre.jpg\",\"contentUrl\":\"https:\/\/www.agromundo.co\/blog\/wp-content\/uploads\/2017\/02\/Rabia-Silvestre.jpg\",\"width\":280,\"height\":210},{\"@type\":\"WebPage\",\"@id\":\"#webpage\",\"url\":null,\"name\":\"Rabia Silvestre en el departamento de Caquet\\u00e1 - Notiagro\",\"isPartOf\":{\"@id\":\"https:\/\/www.agromundo.co\/blog\/#website\"},\"primaryImageOfPage\":{\"@id\":\"#primaryimage\"},\"datePublished\":\"2017-02-27T15:12:05+00:00\",\"dateModified\":\"2017-02-27T15:12:05+00:00\",\"author\":{\"@id\":\"https:\/\/www.agromundo.co\/blog\/#\/schema\/person\/3e07d858c3c7a93ebf4ad3785559d35d\"},\"description\":\"Rabia Silvestre. Un foco de la enfermedad fue detectado y atendido en el municipio de Valpara\\u00edso en el departamento de Caquet\\u00e1.\",\"breadcrumb\":{\"@id\":\"#breadcrumb\"},\"inLanguage\":\"es\",\"potentialAction\":[{\"@type\":\"ReadAction\",\"target\":[null]}]},{\"@type\":\"BreadcrumbList\",\"@id\":\"#breadcrumb\",\"itemListElement\":[{\"@type\":\"ListItem\",\"position\":1,\"name\":\"Portada\",\"item\":\"https:\/\/www.agromundo.co\/blog\/\"},{\"@type\":\"ListItem\",\"position\":2,\"name\":\"Rabia Silvestre en el departamento de Caquet\\u00e1\"}]},{\"@type\":\"Person\",\"@id\":\"https:\/\/www.agromundo.co\/blog\/#\/schema\/person\/3e07d858c3c7a93ebf4ad3785559d35d\",\"name\":\"admin\",\"image\":{\"@type\":\"ImageObject\",\"@id\":\"https:\/\/www.agromundo.co\/blog\/#personlogo\",\"inLanguage\":\"es\",\"url\":\"https:\/\/secure.gravatar.com\/avatar\/f990c4c6d966ea7f7bec9cc10bcda5ce?s=96&d=mm&r=g\",\"contentUrl\":\"https:\/\/secure.gravatar.com\/avatar\/f990c4c6d966ea7f7bec9cc10bcda5ce?s=96&d=mm&r=g\",\"caption\":\"admin\"},\"url\":\"https:\/\/www.agromundo.co\/blog\/author\/admin\/\"}]}<\/script>\n<!-- \/ Yoast SEO plugin. -->","yoast_head_json":{"description":"Rabia Silvestre. Un foco de la enfermedad fue detectado y atendido en el municipio de Valpara\u00edso en el departamento de Caquet\u00e1.","robots":{"index":"index","follow":"follow","max-snippet":"max-snippet:-1","max-image-preview":"max-image-preview:large","max-video-preview":"max-video-preview:-1"},"og_locale":"es_ES","og_type":"article","og_title":"Rabia Silvestre en el departamento de Caquet\u00e1 - Notiagro","og_description":"Rabia Silvestre. Un foco de la enfermedad fue detectado y atendido en el municipio de Valpara\u00edso en el departamento de Caquet\u00e1.","og_site_name":"Notiagro","article_published_time":"2017-02-27T15:12:05+00:00","og_image":[{"width":280,"height":210,"url":"https:\/\/www.agromundo.co\/blog\/wp-content\/uploads\/2017\/02\/Rabia-Silvestre.jpg","type":"image\/jpeg"}],"twitter_misc":{"Escrito por":"admin","Tiempo de lectura":"2 minutos"},"schema":{"@context":"https:\/\/schema.org","@graph":[{"@type":"WebSite","@id":"https:\/\/www.agromundo.co\/blog\/#website","url":"https:\/\/www.agromundo.co\/blog\/","name":"Notiagro","description":"Noticias y eventos sector agropecuario colombiano","potentialAction":[{"@type":"SearchAction","target":{"@type":"EntryPoint","urlTemplate":"https:\/\/www.agromundo.co\/blog\/?s={search_term_string}"},"query-input":"required name=search_term_string"}],"inLanguage":"es"},{"@type":"ImageObject","@id":"#primaryimage","inLanguage":"es","url":"https:\/\/www.agromundo.co\/blog\/wp-content\/uploads\/2017\/02\/Rabia-Silvestre.jpg","contentUrl":"https:\/\/www.agromundo.co\/blog\/wp-content\/uploads\/2017\/02\/Rabia-Silvestre.jpg","width":280,"height":210},{"@type":"WebPage","@id":"#webpage","url":null,"name":"Rabia Silvestre en el departamento de Caquet\u00e1 - Notiagro","isPartOf":{"@id":"https:\/\/www.agromundo.co\/blog\/#website"},"primaryImageOfPage":{"@id":"#primaryimage"},"datePublished":"2017-02-27T15:12:05+00:00","dateModified":"2017-02-27T15:12:05+00:00","author":{"@id":"https:\/\/www.agromundo.co\/blog\/#\/schema\/person\/3e07d858c3c7a93ebf4ad3785559d35d"},"description":"Rabia Silvestre. Un foco de la enfermedad fue detectado y atendido en el municipio de Valpara\u00edso en el departamento de Caquet\u00e1.","breadcrumb":{"@id":"#breadcrumb"},"inLanguage":"es","potentialAction":[{"@type":"ReadAction","target":[null]}]},{"@type":"BreadcrumbList","@id":"#breadcrumb","itemListElement":[{"@type":"ListItem","position":1,"name":"Portada","item":"https:\/\/www.agromundo.co\/blog\/"},{"@type":"ListItem","position":2,"name":"Rabia Silvestre en el departamento de Caquet\u00e1"}]},{"@type":"Person","@id":"https:\/\/www.agromundo.co\/blog\/#\/schema\/person\/3e07d858c3c7a93ebf4ad3785559d35d","name":"admin","image":{"@type":"ImageObject","@id":"https:\/\/www.agromundo.co\/blog\/#personlogo","inLanguage":"es","url":"https:\/\/secure.gravatar.com\/avatar\/f990c4c6d966ea7f7bec9cc10bcda5ce?s=96&d=mm&r=g","contentUrl":"https:\/\/secure.gravatar.com\/avatar\/f990c4c6d966ea7f7bec9cc10bcda5ce?s=96&d=mm&r=g","caption":"admin"},"url":"https:\/\/www.agromundo.co\/blog\/author\/admin\/"}]}},"_links":{"self":[{"href":"https:\/\/www.agromundo.co\/blog\/wp-json\/wp\/v2\/posts\/5849"}],"collection":[{"href":"https:\/\/www.agromundo.co\/blog\/wp-json\/wp\/v2\/posts"}],"about":[{"href":"https:\/\/www.agromundo.co\/blog\/wp-json\/wp\/v2\/types\/post"}],"author":[{"embeddable":true,"href":"https:\/\/www.agromundo.co\/blog\/wp-json\/wp\/v2\/users\/1"}],"replies":[{"embeddable":true,"href":"https:\/\/www.agromundo.co\/blog\/wp-json\/wp\/v2\/comments?post=5849"}],"version-history":[{"count":1,"href":"https:\/\/www.agromundo.co\/blog\/wp-json\/wp\/v2\/posts\/5849\/revisions"}],"predecessor-version":[{"id":5852,"href":"https:\/\/www.agromundo.co\/blog\/wp-json\/wp\/v2\/posts\/5849\/revisions\/5852"}],"wp:featuredmedia":[{"embeddable":true,"href":"https:\/\/www.agromundo.co\/blog\/wp-json\/wp\/v2\/media\/5851"}],"wp:attachment":[{"href":"https:\/\/www.agromundo.co\/blog\/wp-json\/wp\/v2\/media?parent=5849"}],"wp:term":[{"taxonomy":"category","embeddable":true,"href":"https:\/\/www.agromundo.co\/blog\/wp-json\/wp\/v2\/categories?post=5849"},{"taxonomy":"post_tag","embeddable":true,"href":"https:\/\/www.agromundo.co\/blog\/wp-json\/wp\/v2\/tags?post=5849"}],"curies":[{"name":"wp","href":"https:\/\/api.w.org\/{rel}","templated":true}]}}