{"id":6084,"date":"2017-05-05T15:30:37","date_gmt":"2017-05-05T15:30:37","guid":{"rendered":"http:\/\/www.agromundo.co\/blog\/?p=6084"},"modified":"2017-05-05T15:30:37","modified_gmt":"2017-05-05T15:30:37","slug":"fiebre-aftosa-primer-ciclo-vacunacion-2017","status":"publish","type":"post","link":"https:\/\/www.agromundo.co\/blog\/fiebre-aftosa-primer-ciclo-vacunacion-2017\/","title":{"rendered":"Fiebre Aftosa. Primer ciclo de vacunaci\u00f3n 2017"},"content":{"rendered":"<p><img loading=\"lazy\" class=\"aligncenter size-full wp-image-6085\" src=\"http:\/\/www.agromundo.co\/blog\/wp-content\/uploads\/2017\/05\/Aftosa.jpg\" alt=\"Aftosa\" width=\"293\" height=\"220\" srcset=\"https:\/\/www.agromundo.co\/blog\/wp-content\/uploads\/2017\/05\/Aftosa.jpg 293w, https:\/\/www.agromundo.co\/blog\/wp-content\/uploads\/2017\/05\/Aftosa-100x75.jpg 100w\" sizes=\"(max-width: 293px) 100vw, 293px\" \/><\/p>\n<ul>\n<li><em>La ejecuci\u00f3n del segundo ciclo de vacunaci\u00f3n estar\u00e1 bajo la responsabilidad de la Cuenta Nacional de Carne y Leche y su administrador, el Ministerio de Agricultura de Colombia.<\/em><\/li>\n<\/ul>\n<ul>\n<li><em>En el segundo ciclo de vacunaci\u00f3n del a\u00f1o 2016 contra la <a href=\"http:\/\/www.fedegan.org.co\/programas\/fiebre-aftosa\">Fiebre Aftosa<\/a> la cantidad de predios visitados y de animales vacunados fue mayor, alcanzando una cobertura del 97.8%.<\/em><\/li>\n<\/ul>\n<p>Desde el \u00a0 lunes 8 de mayo y hasta el 21 de junio de 2017, se llevar\u00e1 a cabo el primer ciclo de vacunaci\u00f3n contra Fiebre Aftosa y Brucelosis Bovina, en todo el territorio colombiano.<\/p>\n<p>As\u00ed lo estableci\u00f3 el ICA como autoridad sanitaria nacional, mediante la Resoluci\u00f3n ICA 4992 de abril de 2017, actividad en la \u00a0cual participar\u00e1n cerca de 4.500 personas entre programadores, supervisores, vacunadores y m\u00e9dicos veterinarios.<\/p>\n<p>Luis Humberto Mart\u00ednez Lacouture, gerente general del ICA, se\u00f1al\u00f3 que como siempre se cuenta con la responsabilidad de los ganaderos, porque justamente por su compromiso y trabajo es que el pa\u00eds est\u00e1 libre de Fiebre Aftosa. La meta\u00a0 para este ciclo de vacunaci\u00f3n es continuar superando las coberturas alcanzadas en los ciclos anteriores.<\/p>\n<p>El ICA determin\u00f3 la vacunaci\u00f3n contra la Fiebre Aftosa y la Brucelosis Bovina estar\u00e1 bajo la responsabilidad de la Cuenta Nacional de Carne y Leche administrada por el Ministerio de Agricultura y Desarrollo Rural mediante encargo fiduciario con la Sociedad Fiduciaria de Colombia S.A. (FIDUAGRARIA S.A.), quien vigilar\u00e1 el cumplimiento de las obligaciones de las organizaciones ganaderas gremiales.<\/p>\n<p>Igualmente, estipul\u00f3 el Instituto que ser\u00e1 responsabilidad de los ganaderos vacunar la poblaci\u00f3n bovina y bufalina contra Fiebre Aftosa, Brucelosis Bovina y Rabia de origen silvestre, en las fechas establecidas en el programa local donde se localiza el predio.<\/p>\n<p>Para el ciclo de vacunaci\u00f3n podr\u00e1n usarse \u00fanicamente lotes de vacunas que hayan sido previamente evaluados y aprobados por el ICA, seg\u00fan los par\u00e1metros de inocuidad, esterilidad, potencia y pureza establecidos en las normas vigentes.<\/p>\n<p>Las zonas en las cuales no se vacunar\u00e1 por estar declaradas libres de Fiebre Aftosa sin vacunaci\u00f3n son el archipi\u00e9lago de San Andr\u00e9s, Providencia y Santa Catalina y las islas de Malpelo y Gorgona.<\/p>\n<p>As\u00ed mismo, \u00a0el \u00a0Urab\u00e1 Chocoano, conformado por los municipios de Bah\u00eda Solano, Acand\u00ed, Bojay\u00e1, Jurad\u00f3 Carmen del Dari\u00e9n (margen izquierda del r\u00edo Atrato), Riosucio (margen izquierda del r\u00edo Atrato), Ung\u00eda y su \u00e1rea de vigilancia que incluye la franja de 10 kil\u00f3metros de ancho a lo largo de la margen oriental del r\u00edo Atrato, y que va desde la desembocadura del Atrato en el Oc\u00e9ano Atl\u00e1ntico, aguas arriba hasta la desembocadura del r\u00edo Murr\u00ed en el Atrato, y los municipios de Vig\u00eda del Fuerte y Murind\u00f3 en el departamento de Antioquia.<\/p>\n<p>La vacunaci\u00f3n contra Fiebre Aftosa se efectuar\u00e1 en barrido, al inicio del ciclo,\u00a0 y tendr\u00e1 la supervisi\u00f3n oficial del ICA en los municipios de frontera de Vichada, Arauca y Boyac\u00e1; en la Zona de Protecci\u00f3n de Norte de Santander determinada en la Resoluci\u00f3n 2141 del 2009, as\u00ed como en los municipios de frontera de los departamentos de Nari\u00f1o, La Guajira y Putumayo.<\/p>\n<p>En los predios determinados por el ICA como de riesgo alto de ocurrencia de Fiebre Aftosa y en aquellos que tengan m\u00e1s de 500 bovinos, la vacunaci\u00f3n deber\u00e1 realizarse durante las 3 primeras semanas del ciclo, por lo que las organizaciones ejecutoras deber\u00e1n ajustar sus programaciones para\u00a0 llevar a cabo las vacunaciones durante este periodo.<\/p>\n<p>Los animales procedentes de los municipios y departamentos de las zonas libres de Fiebre Aftosa sin vacunaci\u00f3n que se movilicen a las zonas donde es obligatoria la vacunaci\u00f3n, deber\u00e1n vacunarse contra la enfermedad en el lugar de destino y esas vacunaciones deben ser registradas ante el ICA.<\/p>\n<p>Con respecto a la Brucelosis Bovina, se vacunar\u00e1n todas las hembras bovinas y bufalinas entre los 3 y los 8 meses de edad existentes en el territorio nacional, con excepci\u00f3n de las que se encuentren localizadas en la Provincia de Garc\u00eda Rovira (Santander), la Provincia Norte y Guti\u00e9rrez (Boyac\u00e1) y el Archipi\u00e9lago de San Andr\u00e9s y Providencia y Santa Catalina.<\/p>\n<p>Con relaci\u00f3n a la Rabia de origen silvestre, todos los bovinos ubicados en las zonas de riesgo, deber\u00e1n ser vacunados tambi\u00e9n contra esa enfermedad, para lo cual Fiduagraria S.A. \u2013 CNCL, dispondr\u00e1 de los vacunadores, quienes contar\u00e1n con los respectivos biol\u00f3gicos. Las zonas de \u00a0riesgo de\u00a0 Rabia Bovina, \u00a0son los departamentos de C\u00f3rdoba, Cesar, Putumayo y Magdalena.<\/p>\n<p>&nbsp;<\/p>\n<p>Fuente: Adaptado de Instituto Colombiano Agropecuario (ICA).<\/p>\n<div id=\"attachment_5076\" style=\"width: 147px\" class=\"wp-caption alignright\"><a href=\"http:\/\/www.agromundo.co\/actual-biotec.html\"><img aria-describedby=\"caption-attachment-5076\" loading=\"lazy\" class=\"wp-image-5076\" src=\"http:\/\/www.agromundo.co\/blog\/wp-content\/uploads\/2016\/05\/Logo.jpg\" alt=\"Logo\" width=\"137\" height=\"120\" \/><\/a><p id=\"caption-attachment-5076\" class=\"wp-caption-text\">Equipos veterinarios Actual Biotec<\/p><\/div>\n<p>Con el patrocinio de:<\/p>\n<div id=\"attachment_5984\" style=\"width: 130px\" class=\"wp-caption alignleft\"><a href=\"http:\/\/www.agromundo.co\/plastigoma-pisos-de-caucho.html\"><img aria-describedby=\"caption-attachment-5984\" loading=\"lazy\" class=\"wp-image-5984\" src=\"http:\/\/www.agromundo.co\/blog\/wp-content\/uploads\/2017\/03\/Pisos-de-caucho-para-ganado.jpg\" alt=\"Pisos de caucho para ganado\" width=\"120\" height=\"120\" srcset=\"https:\/\/www.agromundo.co\/blog\/wp-content\/uploads\/2017\/03\/Pisos-de-caucho-para-ganado.jpg 160w, https:\/\/www.agromundo.co\/blog\/wp-content\/uploads\/2017\/03\/Pisos-de-caucho-para-ganado-150x150.jpg 150w\" sizes=\"(max-width: 120px) 100vw, 120px\" \/><\/a><p id=\"caption-attachment-5984\" class=\"wp-caption-text\">Pisos de caucho vulcanizado para ganado<\/p><\/div>\n","protected":false},"excerpt":{"rendered":"<p>La ejecuci\u00f3n del segundo ciclo de vacunaci\u00f3n estar\u00e1 bajo la responsabilidad de la Cuenta Nacional de Carne y Leche y su administrador, el Ministerio de Agricultura de Colombia. En el segundo ciclo de vacunaci\u00f3n del a\u00f1o 2016 contra la Fiebre Aftosa la cantidad de predios visitados y de animales vacunados fue mayor, alcanzando una cobertura [&hellip;]<\/p>\n","protected":false},"author":1,"featured_media":6085,"comment_status":"open","ping_status":"open","sticky":false,"template":"","format":"standard","meta":[],"categories":[3,18,6],"tags":[366,2508,464,3114,639],"yoast_head":"<!-- This site is optimized with the Yoast SEO plugin v17.3 - https:\/\/yoast.com\/wordpress\/plugins\/seo\/ -->\n<meta name=\"description\" content=\"Fiebre Aftosa. Del 8 de mayo hasta el 21 de junio de 2017, se realizar\u00e1 el primer ciclo de vacunaci\u00f3n contra Fiebre Aftosa y Brucelosis Bovina en Colombia.\" \/>\n<meta name=\"robots\" content=\"index, follow, max-snippet:-1, max-image-preview:large, max-video-preview:-1\" \/>\n<meta property=\"og:locale\" content=\"es_ES\" \/>\n<meta property=\"og:type\" content=\"article\" \/>\n<meta property=\"og:title\" content=\"Fiebre Aftosa. Primer ciclo de vacunaci\u00f3n 2017 - Notiagro\" \/>\n<meta property=\"og:description\" content=\"Fiebre Aftosa. Del 8 de mayo hasta el 21 de junio de 2017, se realizar\u00e1 el primer ciclo de vacunaci\u00f3n contra Fiebre Aftosa y Brucelosis Bovina en Colombia.\" \/>\n<meta property=\"og:site_name\" content=\"Notiagro\" \/>\n<meta property=\"article:published_time\" content=\"2017-05-05T15:30:37+00:00\" \/>\n<meta property=\"og:image\" content=\"http:\/\/www.agromundo.co\/blog\/wp-content\/uploads\/2017\/05\/Aftosa.jpg\" \/>\n\t<meta property=\"og:image:width\" content=\"293\" \/>\n\t<meta property=\"og:image:height\" content=\"220\" \/>\n<meta name=\"twitter:label1\" content=\"Escrito por\" \/>\n\t<meta name=\"twitter:data1\" content=\"admin\" \/>\n\t<meta name=\"twitter:label2\" content=\"Tiempo de lectura\" \/>\n\t<meta name=\"twitter:data2\" content=\"4 minutos\" \/>\n<script type=\"application\/ld+json\" class=\"yoast-schema-graph\">{\"@context\":\"https:\/\/schema.org\",\"@graph\":[{\"@type\":\"WebSite\",\"@id\":\"https:\/\/www.agromundo.co\/blog\/#website\",\"url\":\"https:\/\/www.agromundo.co\/blog\/\",\"name\":\"Notiagro\",\"description\":\"Noticias y eventos sector agropecuario colombiano\",\"potentialAction\":[{\"@type\":\"SearchAction\",\"target\":{\"@type\":\"EntryPoint\",\"urlTemplate\":\"https:\/\/www.agromundo.co\/blog\/?s={search_term_string}\"},\"query-input\":\"required name=search_term_string\"}],\"inLanguage\":\"es\"},{\"@type\":\"ImageObject\",\"@id\":\"#primaryimage\",\"inLanguage\":\"es\",\"url\":\"https:\/\/www.agromundo.co\/blog\/wp-content\/uploads\/2017\/05\/Aftosa.jpg\",\"contentUrl\":\"https:\/\/www.agromundo.co\/blog\/wp-content\/uploads\/2017\/05\/Aftosa.jpg\",\"width\":293,\"height\":220},{\"@type\":\"WebPage\",\"@id\":\"#webpage\",\"url\":null,\"name\":\"Fiebre Aftosa. Primer ciclo de vacunaci\\u00f3n 2017 - Notiagro\",\"isPartOf\":{\"@id\":\"https:\/\/www.agromundo.co\/blog\/#website\"},\"primaryImageOfPage\":{\"@id\":\"#primaryimage\"},\"datePublished\":\"2017-05-05T15:30:37+00:00\",\"dateModified\":\"2017-05-05T15:30:37+00:00\",\"author\":{\"@id\":\"https:\/\/www.agromundo.co\/blog\/#\/schema\/person\/3e07d858c3c7a93ebf4ad3785559d35d\"},\"description\":\"Fiebre Aftosa. Del 8 de mayo hasta el 21 de junio de 2017, se realizar\\u00e1 el primer ciclo de vacunaci\\u00f3n contra Fiebre Aftosa y Brucelosis Bovina en Colombia.\",\"breadcrumb\":{\"@id\":\"#breadcrumb\"},\"inLanguage\":\"es\",\"potentialAction\":[{\"@type\":\"ReadAction\",\"target\":[null]}]},{\"@type\":\"BreadcrumbList\",\"@id\":\"#breadcrumb\",\"itemListElement\":[{\"@type\":\"ListItem\",\"position\":1,\"name\":\"Portada\",\"item\":\"https:\/\/www.agromundo.co\/blog\/\"},{\"@type\":\"ListItem\",\"position\":2,\"name\":\"Fiebre Aftosa. Primer ciclo de vacunaci\\u00f3n 2017\"}]},{\"@type\":\"Person\",\"@id\":\"https:\/\/www.agromundo.co\/blog\/#\/schema\/person\/3e07d858c3c7a93ebf4ad3785559d35d\",\"name\":\"admin\",\"image\":{\"@type\":\"ImageObject\",\"@id\":\"https:\/\/www.agromundo.co\/blog\/#personlogo\",\"inLanguage\":\"es\",\"url\":\"https:\/\/secure.gravatar.com\/avatar\/f990c4c6d966ea7f7bec9cc10bcda5ce?s=96&d=mm&r=g\",\"contentUrl\":\"https:\/\/secure.gravatar.com\/avatar\/f990c4c6d966ea7f7bec9cc10bcda5ce?s=96&d=mm&r=g\",\"caption\":\"admin\"},\"url\":\"https:\/\/www.agromundo.co\/blog\/author\/admin\/\"}]}<\/script>\n<!-- \/ Yoast SEO plugin. -->","yoast_head_json":{"description":"Fiebre Aftosa. Del 8 de mayo hasta el 21 de junio de 2017, se realizar\u00e1 el primer ciclo de vacunaci\u00f3n contra Fiebre Aftosa y Brucelosis Bovina en Colombia.","robots":{"index":"index","follow":"follow","max-snippet":"max-snippet:-1","max-image-preview":"max-image-preview:large","max-video-preview":"max-video-preview:-1"},"og_locale":"es_ES","og_type":"article","og_title":"Fiebre Aftosa. Primer ciclo de vacunaci\u00f3n 2017 - Notiagro","og_description":"Fiebre Aftosa. Del 8 de mayo hasta el 21 de junio de 2017, se realizar\u00e1 el primer ciclo de vacunaci\u00f3n contra Fiebre Aftosa y Brucelosis Bovina en Colombia.","og_site_name":"Notiagro","article_published_time":"2017-05-05T15:30:37+00:00","og_image":[{"width":293,"height":220,"url":"http:\/\/www.agromundo.co\/blog\/wp-content\/uploads\/2017\/05\/Aftosa.jpg","type":"image\/jpeg"}],"twitter_misc":{"Escrito por":"admin","Tiempo de lectura":"4 minutos"},"schema":{"@context":"https:\/\/schema.org","@graph":[{"@type":"WebSite","@id":"https:\/\/www.agromundo.co\/blog\/#website","url":"https:\/\/www.agromundo.co\/blog\/","name":"Notiagro","description":"Noticias y eventos sector agropecuario colombiano","potentialAction":[{"@type":"SearchAction","target":{"@type":"EntryPoint","urlTemplate":"https:\/\/www.agromundo.co\/blog\/?s={search_term_string}"},"query-input":"required name=search_term_string"}],"inLanguage":"es"},{"@type":"ImageObject","@id":"#primaryimage","inLanguage":"es","url":"https:\/\/www.agromundo.co\/blog\/wp-content\/uploads\/2017\/05\/Aftosa.jpg","contentUrl":"https:\/\/www.agromundo.co\/blog\/wp-content\/uploads\/2017\/05\/Aftosa.jpg","width":293,"height":220},{"@type":"WebPage","@id":"#webpage","url":null,"name":"Fiebre Aftosa. Primer ciclo de vacunaci\u00f3n 2017 - Notiagro","isPartOf":{"@id":"https:\/\/www.agromundo.co\/blog\/#website"},"primaryImageOfPage":{"@id":"#primaryimage"},"datePublished":"2017-05-05T15:30:37+00:00","dateModified":"2017-05-05T15:30:37+00:00","author":{"@id":"https:\/\/www.agromundo.co\/blog\/#\/schema\/person\/3e07d858c3c7a93ebf4ad3785559d35d"},"description":"Fiebre Aftosa. Del 8 de mayo hasta el 21 de junio de 2017, se realizar\u00e1 el primer ciclo de vacunaci\u00f3n contra Fiebre Aftosa y Brucelosis Bovina en Colombia.","breadcrumb":{"@id":"#breadcrumb"},"inLanguage":"es","potentialAction":[{"@type":"ReadAction","target":[null]}]},{"@type":"BreadcrumbList","@id":"#breadcrumb","itemListElement":[{"@type":"ListItem","position":1,"name":"Portada","item":"https:\/\/www.agromundo.co\/blog\/"},{"@type":"ListItem","position":2,"name":"Fiebre Aftosa. Primer ciclo de vacunaci\u00f3n 2017"}]},{"@type":"Person","@id":"https:\/\/www.agromundo.co\/blog\/#\/schema\/person\/3e07d858c3c7a93ebf4ad3785559d35d","name":"admin","image":{"@type":"ImageObject","@id":"https:\/\/www.agromundo.co\/blog\/#personlogo","inLanguage":"es","url":"https:\/\/secure.gravatar.com\/avatar\/f990c4c6d966ea7f7bec9cc10bcda5ce?s=96&d=mm&r=g","contentUrl":"https:\/\/secure.gravatar.com\/avatar\/f990c4c6d966ea7f7bec9cc10bcda5ce?s=96&d=mm&r=g","caption":"admin"},"url":"https:\/\/www.agromundo.co\/blog\/author\/admin\/"}]}},"_links":{"self":[{"href":"https:\/\/www.agromundo.co\/blog\/wp-json\/wp\/v2\/posts\/6084"}],"collection":[{"href":"https:\/\/www.agromundo.co\/blog\/wp-json\/wp\/v2\/posts"}],"about":[{"href":"https:\/\/www.agromundo.co\/blog\/wp-json\/wp\/v2\/types\/post"}],"author":[{"embeddable":true,"href":"https:\/\/www.agromundo.co\/blog\/wp-json\/wp\/v2\/users\/1"}],"replies":[{"embeddable":true,"href":"https:\/\/www.agromundo.co\/blog\/wp-json\/wp\/v2\/comments?post=6084"}],"version-history":[{"count":2,"href":"https:\/\/www.agromundo.co\/blog\/wp-json\/wp\/v2\/posts\/6084\/revisions"}],"predecessor-version":[{"id":6087,"href":"https:\/\/www.agromundo.co\/blog\/wp-json\/wp\/v2\/posts\/6084\/revisions\/6087"}],"wp:featuredmedia":[{"embeddable":true,"href":"https:\/\/www.agromundo.co\/blog\/wp-json\/wp\/v2\/media\/6085"}],"wp:attachment":[{"href":"https:\/\/www.agromundo.co\/blog\/wp-json\/wp\/v2\/media?parent=6084"}],"wp:term":[{"taxonomy":"category","embeddable":true,"href":"https:\/\/www.agromundo.co\/blog\/wp-json\/wp\/v2\/categories?post=6084"},{"taxonomy":"post_tag","embeddable":true,"href":"https:\/\/www.agromundo.co\/blog\/wp-json\/wp\/v2\/tags?post=6084"}],"curies":[{"name":"wp","href":"https:\/\/api.w.org\/{rel}","templated":true}]}}