{"id":6236,"date":"2017-06-27T13:50:56","date_gmt":"2017-06-27T13:50:56","guid":{"rendered":"http:\/\/www.agromundo.co\/blog\/?p=6236"},"modified":"2017-06-27T13:50:56","modified_gmt":"2017-06-27T13:50:56","slug":"fiebre-aftosa-alerta-ganaderos-colombianos","status":"publish","type":"post","link":"https:\/\/www.agromundo.co\/blog\/fiebre-aftosa-alerta-ganaderos-colombianos\/","title":{"rendered":"Fiebre Aftosa. Alerta a ganaderos colombianos"},"content":{"rendered":"<p><img loading=\"lazy\" class=\"aligncenter size-full wp-image-6238\" src=\"http:\/\/www.agromundo.co\/blog\/wp-content\/uploads\/2017\/06\/Aftosa.jpg\" alt=\"Aftosa\" width=\"273\" height=\"205\" srcset=\"https:\/\/www.agromundo.co\/blog\/wp-content\/uploads\/2017\/06\/Aftosa.jpg 273w, https:\/\/www.agromundo.co\/blog\/wp-content\/uploads\/2017\/06\/Aftosa-100x75.jpg 100w\" sizes=\"(max-width: 273px) 100vw, 273px\" \/><\/p>\n<ul>\n<li><em>Desde el a\u00f1o 2009 Colombia est\u00e1 declarado como libre de Fiebre Aftosa con vacunaci\u00f3n.<\/em><\/li>\n<\/ul>\n<ul>\n<li><em>La Fiebre Aftosa no es enfermedad zoon\u00f3tica, es decir, no afecta a los seres\u00a0 humanos.<\/em><\/li>\n<li><em>La Organizaci\u00f3n Mundial de Sanidad Animal (OIE), es la m\u00e1xima autoridad sanitaria ante la que los pa\u00edses notifican las enfermedades de control oficial en los animales.<\/em><strong>\u00a0<\/strong><\/li>\n<\/ul>\n<p>El Instituto Colombiano Agropecuario (ICA), notific\u00f3 a la Organizaci\u00f3n Mundial de Sanidad Animal, un foco de <a href=\"http:\/\/www.fedegan.org.co\/programas\/fiebre-aftosa\">Fiebre Aftosa<\/a>, luego de confirmarse en laboratorio.<\/p>\n<p>Colombia fue declarada como libre de Fiebre Aftosa con vacunaci\u00f3n por la Organizaci\u00f3n Mundial de Sanidad Animal el 28 de mayo de 2009. Desde ese a\u00f1o, en el pa\u00eds no se hab\u00eda registrado ning\u00fan caso positivo de la enfermedad.<\/p>\n<p>El foco se detect\u00f3 en el departamento de Arauca, en un predio debidamente registrado ante el ICA y que cumple con todos los requisitos sanitarios. De los 136 animales que tiene el predio, 7 mostraron lesiones vesiculares que dieron resultado positivo para Fiebre Aftosa tipo \u201c0\u201d.<\/p>\n<p>Luis Humberto Mart\u00ednez Lacouture gerente general del ICA indic\u00f3 que veterinarios, t\u00e9cnicos \u00a0 y epidemi\u00f3logos del ICA, se desplazaron al predio para determinar el \u00e1rea del foco y efectuar una vigilancia activa que permita evaluar la situaci\u00f3n sanitaria de la zona. Agreg\u00f3 que el procedimiento a seguir \u00a0es determinar una zona de contenci\u00f3n, delimitar la enfermedad y erradicarla.<\/p>\n<p>Cabe destacar que entre los a\u00f1os 2004 y 2009, antes de la declaratoria de pa\u00eds como\u00a0 libre de Fiebre Aftosa, se presentaron en el pa\u00eds 5 focos, que fueron erradicados por el ICA en un tiempo inferior a los 5 meses.<\/p>\n<p>Esta enfermedad no afecta la salud de las personas, por lo que el consumo de leche y carne no tiene riesgo para los seres humanos.<\/p>\n<p>La Fiebre Aftosa afecta a bovinos, caprinos, ovinos, porcinos y otros rumiantes. El signo cl\u00ednico m\u00e1s \u00a0caracter\u00edstico es la aparici\u00f3n de ampollas o ves\u00edculas en la nariz, la lengua, los labios, la cavidad oral, encima de las pezu\u00f1as, entre los dedos y en las ubres.<\/p>\n<p>Las ampollas reventadas pueden ocasionar dificultad para moverse, cojera extrema e inapetencia. Tambi\u00e9n pueden dar lugar a la aparici\u00f3n de infecciones bacterianas secundarias. Otros s\u00edntomas observados son fiebre, hipersalivaci\u00f3n, depresi\u00f3n, p\u00e9rdida del apetito y de peso y ca\u00edda de la producci\u00f3n de leche.<\/p>\n<p>El Programa Nacional de Fiebre Aftosa del ICA establece que la vacunaci\u00f3n se realice de forma obligatoria, masiva y c\u00edclica en todos los animales de las especies bovina y bufalina, independientemente de la edad.\u00a0 La vacunaci\u00f3n se efect\u00faa en 2 ciclos anuales, que se llevan a cabo en los per\u00edodos mayo &#8211; junio y noviembre &#8211; diciembre, cada uno con duraci\u00f3n de 45 d\u00edas.<\/p>\n<p>El primer caso de Fiebre Aftosa en Colombia se registr\u00f3 en 1950 y se estableci\u00f3 que proced\u00eda de Venezuela. En ese momento ocasion\u00f3 graves consecuencias econ\u00f3micas a los ganaderos, teniendo en cuenta su facilidad de transmisi\u00f3n.<br \/>\nEl ICA hace un llamado a los ganaderos colombianos para que acaten las medidas que la Entidad implementar\u00e1 para el control de foco y para \u00a0\u00a0trabajar articuladamente para la notificaci\u00f3n de sospechas sobre animales con s\u00edntomas compatibles con la enfermedad.<\/p>\n<p>&nbsp;<\/p>\n<p>Fuente: Adaptado de Instituto Colombiano Agropecuario.<\/p>\n<p>Con el patrocinio de:<\/p>\n<div id=\"attachment_5984\" style=\"width: 130px\" class=\"wp-caption alignleft\"><a href=\"http:\/\/www.agromundo.co\/plastigoma-pisos-de-caucho.html\"><img aria-describedby=\"caption-attachment-5984\" loading=\"lazy\" class=\"wp-image-5984\" src=\"http:\/\/www.agromundo.co\/blog\/wp-content\/uploads\/2017\/03\/Pisos-de-caucho-para-ganado.jpg\" alt=\"Pisos de caucho para ganado\" width=\"120\" height=\"120\" srcset=\"https:\/\/www.agromundo.co\/blog\/wp-content\/uploads\/2017\/03\/Pisos-de-caucho-para-ganado.jpg 160w, https:\/\/www.agromundo.co\/blog\/wp-content\/uploads\/2017\/03\/Pisos-de-caucho-para-ganado-150x150.jpg 150w\" sizes=\"(max-width: 120px) 100vw, 120px\" \/><\/a><p id=\"caption-attachment-5984\" class=\"wp-caption-text\">Pisos de caucho vulcanizado para ganado<\/p><\/div>\n<div id=\"attachment_6174\" style=\"width: 130px\" class=\"wp-caption alignright\"><a href=\"http:\/\/www.agromundo.co\/aqua-fan-sas.html\"><img aria-describedby=\"caption-attachment-6174\" loading=\"lazy\" class=\"wp-image-6174\" src=\"http:\/\/www.agromundo.co\/blog\/wp-content\/uploads\/2017\/06\/Ventilador-aspersor-de-agua-Aquafan.jpg\" alt=\"Ventilador aspersor de agua Aquafan\" width=\"120\" height=\"120\" srcset=\"https:\/\/www.agromundo.co\/blog\/wp-content\/uploads\/2017\/06\/Ventilador-aspersor-de-agua-Aquafan.jpg 160w, https:\/\/www.agromundo.co\/blog\/wp-content\/uploads\/2017\/06\/Ventilador-aspersor-de-agua-Aquafan-150x150.jpg 150w\" sizes=\"(max-width: 120px) 100vw, 120px\" \/><\/a><p id=\"caption-attachment-6174\" class=\"wp-caption-text\">Ventilador aspersor de agua<\/p><\/div>\n","protected":false},"excerpt":{"rendered":"<p>Desde el a\u00f1o 2009 Colombia est\u00e1 declarado como libre de Fiebre Aftosa con vacunaci\u00f3n. La Fiebre Aftosa no es enfermedad zoon\u00f3tica, es decir, no afecta a los seres\u00a0 humanos. La Organizaci\u00f3n Mundial de Sanidad Animal (OIE), es la m\u00e1xima autoridad sanitaria ante la que los pa\u00edses notifican las enfermedades de control oficial en los animales.\u00a0 [&hellip;]<\/p>\n","protected":false},"author":1,"featured_media":6238,"comment_status":"open","ping_status":"open","sticky":false,"template":"","format":"standard","meta":[],"categories":[3,18,6],"tags":[1008,2542,464,1628,1994],"yoast_head":"<!-- This site is optimized with the Yoast SEO plugin v17.3 - https:\/\/yoast.com\/wordpress\/plugins\/seo\/ -->\n<meta name=\"description\" content=\"Fiebre Aftosa. El ICA notific\u00f3 a la Organizaci\u00f3n Mundial de Sanidad Animal, un foco de la enfermedad, luego de confirmarse en laboratorio.\" \/>\n<meta name=\"robots\" content=\"index, follow, max-snippet:-1, max-image-preview:large, max-video-preview:-1\" \/>\n<meta property=\"og:locale\" content=\"es_ES\" \/>\n<meta property=\"og:type\" content=\"article\" \/>\n<meta property=\"og:title\" content=\"Fiebre Aftosa. Alerta a ganaderos colombianos - Notiagro\" \/>\n<meta property=\"og:description\" content=\"Fiebre Aftosa. El ICA notific\u00f3 a la Organizaci\u00f3n Mundial de Sanidad Animal, un foco de la enfermedad, luego de confirmarse en laboratorio.\" \/>\n<meta property=\"og:site_name\" content=\"Notiagro\" \/>\n<meta property=\"article:published_time\" content=\"2017-06-27T13:50:56+00:00\" \/>\n<meta property=\"og:image\" content=\"http:\/\/www.agromundo.co\/blog\/wp-content\/uploads\/2017\/06\/Aftosa.jpg\" \/>\n\t<meta property=\"og:image:width\" content=\"273\" \/>\n\t<meta property=\"og:image:height\" content=\"205\" \/>\n<meta name=\"twitter:label1\" content=\"Escrito por\" \/>\n\t<meta name=\"twitter:data1\" content=\"admin\" \/>\n\t<meta name=\"twitter:label2\" content=\"Tiempo de lectura\" \/>\n\t<meta name=\"twitter:data2\" content=\"3 minutos\" \/>\n<script type=\"application\/ld+json\" class=\"yoast-schema-graph\">{\"@context\":\"https:\/\/schema.org\",\"@graph\":[{\"@type\":\"WebSite\",\"@id\":\"https:\/\/www.agromundo.co\/blog\/#website\",\"url\":\"https:\/\/www.agromundo.co\/blog\/\",\"name\":\"Notiagro\",\"description\":\"Noticias y eventos sector agropecuario colombiano\",\"potentialAction\":[{\"@type\":\"SearchAction\",\"target\":{\"@type\":\"EntryPoint\",\"urlTemplate\":\"https:\/\/www.agromundo.co\/blog\/?s={search_term_string}\"},\"query-input\":\"required name=search_term_string\"}],\"inLanguage\":\"es\"},{\"@type\":\"ImageObject\",\"@id\":\"#primaryimage\",\"inLanguage\":\"es\",\"url\":\"https:\/\/www.agromundo.co\/blog\/wp-content\/uploads\/2017\/06\/Aftosa.jpg\",\"contentUrl\":\"https:\/\/www.agromundo.co\/blog\/wp-content\/uploads\/2017\/06\/Aftosa.jpg\",\"width\":273,\"height\":205},{\"@type\":\"WebPage\",\"@id\":\"#webpage\",\"url\":null,\"name\":\"Fiebre Aftosa. Alerta a ganaderos colombianos - Notiagro\",\"isPartOf\":{\"@id\":\"https:\/\/www.agromundo.co\/blog\/#website\"},\"primaryImageOfPage\":{\"@id\":\"#primaryimage\"},\"datePublished\":\"2017-06-27T13:50:56+00:00\",\"dateModified\":\"2017-06-27T13:50:56+00:00\",\"author\":{\"@id\":\"https:\/\/www.agromundo.co\/blog\/#\/schema\/person\/3e07d858c3c7a93ebf4ad3785559d35d\"},\"description\":\"Fiebre Aftosa. El ICA notific\\u00f3 a la Organizaci\\u00f3n Mundial de Sanidad Animal, un foco de la enfermedad, luego de confirmarse en laboratorio.\",\"breadcrumb\":{\"@id\":\"#breadcrumb\"},\"inLanguage\":\"es\",\"potentialAction\":[{\"@type\":\"ReadAction\",\"target\":[null]}]},{\"@type\":\"BreadcrumbList\",\"@id\":\"#breadcrumb\",\"itemListElement\":[{\"@type\":\"ListItem\",\"position\":1,\"name\":\"Portada\",\"item\":\"https:\/\/www.agromundo.co\/blog\/\"},{\"@type\":\"ListItem\",\"position\":2,\"name\":\"Fiebre Aftosa. Alerta a ganaderos colombianos\"}]},{\"@type\":\"Person\",\"@id\":\"https:\/\/www.agromundo.co\/blog\/#\/schema\/person\/3e07d858c3c7a93ebf4ad3785559d35d\",\"name\":\"admin\",\"image\":{\"@type\":\"ImageObject\",\"@id\":\"https:\/\/www.agromundo.co\/blog\/#personlogo\",\"inLanguage\":\"es\",\"url\":\"https:\/\/secure.gravatar.com\/avatar\/f990c4c6d966ea7f7bec9cc10bcda5ce?s=96&d=mm&r=g\",\"contentUrl\":\"https:\/\/secure.gravatar.com\/avatar\/f990c4c6d966ea7f7bec9cc10bcda5ce?s=96&d=mm&r=g\",\"caption\":\"admin\"},\"url\":\"https:\/\/www.agromundo.co\/blog\/author\/admin\/\"}]}<\/script>\n<!-- \/ Yoast SEO plugin. -->","yoast_head_json":{"description":"Fiebre Aftosa. El ICA notific\u00f3 a la Organizaci\u00f3n Mundial de Sanidad Animal, un foco de la enfermedad, luego de confirmarse en laboratorio.","robots":{"index":"index","follow":"follow","max-snippet":"max-snippet:-1","max-image-preview":"max-image-preview:large","max-video-preview":"max-video-preview:-1"},"og_locale":"es_ES","og_type":"article","og_title":"Fiebre Aftosa. Alerta a ganaderos colombianos - Notiagro","og_description":"Fiebre Aftosa. El ICA notific\u00f3 a la Organizaci\u00f3n Mundial de Sanidad Animal, un foco de la enfermedad, luego de confirmarse en laboratorio.","og_site_name":"Notiagro","article_published_time":"2017-06-27T13:50:56+00:00","og_image":[{"width":273,"height":205,"url":"http:\/\/www.agromundo.co\/blog\/wp-content\/uploads\/2017\/06\/Aftosa.jpg","type":"image\/jpeg"}],"twitter_misc":{"Escrito por":"admin","Tiempo de lectura":"3 minutos"},"schema":{"@context":"https:\/\/schema.org","@graph":[{"@type":"WebSite","@id":"https:\/\/www.agromundo.co\/blog\/#website","url":"https:\/\/www.agromundo.co\/blog\/","name":"Notiagro","description":"Noticias y eventos sector agropecuario colombiano","potentialAction":[{"@type":"SearchAction","target":{"@type":"EntryPoint","urlTemplate":"https:\/\/www.agromundo.co\/blog\/?s={search_term_string}"},"query-input":"required name=search_term_string"}],"inLanguage":"es"},{"@type":"ImageObject","@id":"#primaryimage","inLanguage":"es","url":"https:\/\/www.agromundo.co\/blog\/wp-content\/uploads\/2017\/06\/Aftosa.jpg","contentUrl":"https:\/\/www.agromundo.co\/blog\/wp-content\/uploads\/2017\/06\/Aftosa.jpg","width":273,"height":205},{"@type":"WebPage","@id":"#webpage","url":null,"name":"Fiebre Aftosa. Alerta a ganaderos colombianos - Notiagro","isPartOf":{"@id":"https:\/\/www.agromundo.co\/blog\/#website"},"primaryImageOfPage":{"@id":"#primaryimage"},"datePublished":"2017-06-27T13:50:56+00:00","dateModified":"2017-06-27T13:50:56+00:00","author":{"@id":"https:\/\/www.agromundo.co\/blog\/#\/schema\/person\/3e07d858c3c7a93ebf4ad3785559d35d"},"description":"Fiebre Aftosa. El ICA notific\u00f3 a la Organizaci\u00f3n Mundial de Sanidad Animal, un foco de la enfermedad, luego de confirmarse en laboratorio.","breadcrumb":{"@id":"#breadcrumb"},"inLanguage":"es","potentialAction":[{"@type":"ReadAction","target":[null]}]},{"@type":"BreadcrumbList","@id":"#breadcrumb","itemListElement":[{"@type":"ListItem","position":1,"name":"Portada","item":"https:\/\/www.agromundo.co\/blog\/"},{"@type":"ListItem","position":2,"name":"Fiebre Aftosa. Alerta a ganaderos colombianos"}]},{"@type":"Person","@id":"https:\/\/www.agromundo.co\/blog\/#\/schema\/person\/3e07d858c3c7a93ebf4ad3785559d35d","name":"admin","image":{"@type":"ImageObject","@id":"https:\/\/www.agromundo.co\/blog\/#personlogo","inLanguage":"es","url":"https:\/\/secure.gravatar.com\/avatar\/f990c4c6d966ea7f7bec9cc10bcda5ce?s=96&d=mm&r=g","contentUrl":"https:\/\/secure.gravatar.com\/avatar\/f990c4c6d966ea7f7bec9cc10bcda5ce?s=96&d=mm&r=g","caption":"admin"},"url":"https:\/\/www.agromundo.co\/blog\/author\/admin\/"}]}},"_links":{"self":[{"href":"https:\/\/www.agromundo.co\/blog\/wp-json\/wp\/v2\/posts\/6236"}],"collection":[{"href":"https:\/\/www.agromundo.co\/blog\/wp-json\/wp\/v2\/posts"}],"about":[{"href":"https:\/\/www.agromundo.co\/blog\/wp-json\/wp\/v2\/types\/post"}],"author":[{"embeddable":true,"href":"https:\/\/www.agromundo.co\/blog\/wp-json\/wp\/v2\/users\/1"}],"replies":[{"embeddable":true,"href":"https:\/\/www.agromundo.co\/blog\/wp-json\/wp\/v2\/comments?post=6236"}],"version-history":[{"count":2,"href":"https:\/\/www.agromundo.co\/blog\/wp-json\/wp\/v2\/posts\/6236\/revisions"}],"predecessor-version":[{"id":6239,"href":"https:\/\/www.agromundo.co\/blog\/wp-json\/wp\/v2\/posts\/6236\/revisions\/6239"}],"wp:featuredmedia":[{"embeddable":true,"href":"https:\/\/www.agromundo.co\/blog\/wp-json\/wp\/v2\/media\/6238"}],"wp:attachment":[{"href":"https:\/\/www.agromundo.co\/blog\/wp-json\/wp\/v2\/media?parent=6236"}],"wp:term":[{"taxonomy":"category","embeddable":true,"href":"https:\/\/www.agromundo.co\/blog\/wp-json\/wp\/v2\/categories?post=6236"},{"taxonomy":"post_tag","embeddable":true,"href":"https:\/\/www.agromundo.co\/blog\/wp-json\/wp\/v2\/tags?post=6236"}],"curies":[{"name":"wp","href":"https:\/\/api.w.org\/{rel}","templated":true}]}}