{"id":6246,"date":"2017-06-30T15:00:11","date_gmt":"2017-06-30T15:00:11","guid":{"rendered":"http:\/\/www.agromundo.co\/blog\/?p=6246"},"modified":"2017-06-30T15:00:11","modified_gmt":"2017-06-30T15:00:11","slug":"agroexpo-2017-salon-equino","status":"publish","type":"post","link":"https:\/\/www.agromundo.co\/blog\/agroexpo-2017-salon-equino\/","title":{"rendered":"Agroexpo 2017. Sal\u00f3n equino"},"content":{"rendered":"<p><img loading=\"lazy\" class=\"aligncenter size-full wp-image-6248\" src=\"http:\/\/www.agromundo.co\/blog\/wp-content\/uploads\/2017\/06\/Agroexpo-2017-equinos.png\" alt=\"Agroexpo 2017 equinos\" width=\"300\" height=\"205\" \/><\/p>\n<p>Foto: Agroexpo 2017<\/p>\n<ul>\n<li><em>M\u00e1s de 700 caballos participar\u00e1n en el Sal\u00f3n Equino de Corferias. Los de Tiro Pesado estar\u00e1n del 13 al 16 de julio; los Pura Sangre y el Show de Chalaner\u00eda el 18 y 19 y la Exposici\u00f3n Equina Grado A de Asdepaso, que se realizar\u00e1 del 20 al 23 de julio.<\/em><\/li>\n<\/ul>\n<p>Agroexpo 2017<\/p>\n<p>Los ejemplares de Paso Fino Colombiano\u00a0que ser\u00e1n exhibidos, son animales adaptados a las condiciones de la geograf\u00eda nacional y al trabajo que all\u00ed se realiza, de donde adem\u00e1s se extrajeron las modalidades de desfile dependiendo de si transitaban por terrenos llanos o de alta monta\u00f1a, indic\u00f3 la Oficina de Prensa de Agroexpo.<strong>\u00a0<\/strong><\/p>\n<p>Los animales que estar\u00e1n presentes en la exposici\u00f3n equina proceden de regiones como la Costa, Antioquia, Tolima, Boyac\u00e1 Valle del Cauca, entre otras zonas del pa\u00eds.<strong>\u00a0<\/strong><\/p>\n<p>La Exposici\u00f3n Equina Grado A de Asdepaso, considerada como la de m\u00e1s alto nivel del caballo criollo colombiano, se desarrollar\u00e1 as\u00ed: el 20 ser\u00e1 juzgado el trote y galope, el 21 trocha y galope, el 22 paso fino colombiano y el domingo 23 la trocha.<strong>\u00a0<\/strong><\/p>\n<p>Los jueces ser\u00e1n los responsables de votar de manera individual, para calificar tanto el fenotipo y la cadencia de cada animal, como las modalidades que\u00a0 califican el cruce de manos y patas por laterales y por diagonales.<\/p>\n<p>Para motivar la participaci\u00f3n en la Exposici\u00f3n, la organizaci\u00f3n otorgar\u00e1 a los 6 ejemplares finalistas de cada modalidad, premios en bonos cuya suma total supera los $50 millones.<\/p>\n<p><strong>Chalaner\u00eda.<\/strong><\/p>\n<p>As\u00ed mismo, se efectuar\u00e1 una v\u00e1lida regional de Chalaner\u00eda, deporte que muestra la elegancia de los caballos y sus chalanes, destacando a trav\u00e9s de ejercicios determinados el adiestramiento, los pasos y la distinci\u00f3n del equino.<\/p>\n<p>Participar\u00e1n las escuelas m\u00e1s sobresalientes del pa\u00eds, con cerca de 200 deportistas y los m\u00e1s destacados expositores nacionales del caballo criollo colombiano, esperando la participaci\u00f3n de m\u00e1s de 450 ejemplares.<\/p>\n<p>Las escuelas estar\u00e1n durante el 18 y 19 de julio, en un formato que se realizar\u00e1 alrededor de la familia.<\/p>\n<p><strong>Datos.<\/strong><\/p>\n<p>El Sal\u00f3n Equino tendr\u00e1 80 palcos para cerca de 400 asistentes, grader\u00edas para 1.000 personas y alrededor de 364\u00a0pesebreras para los mejores ejemplares del pa\u00eds.<\/p>\n<p><strong>Espacio acad\u00e9mico.<\/strong><\/p>\n<p>El d\u00eda mi\u00e9rcoles 19 se llevar\u00e1 a cabo\u00a0 una jornada acad\u00e9mica, con temas como el doping en los caballos.<\/p>\n<p>&nbsp;<\/p>\n<p>Fuente: Adaptado de CONtexto Ganadero.<\/p>\n<p>Con el patrocinio de:<\/p>\n<div id=\"attachment_6247\" style=\"width: 162px\" class=\"wp-caption alignleft\"><a href=\"http:\/\/www.agromundo.co\/herraduras-clavos-y-accesorios-para-herraje-mustad-emcoclavos.html\"><img aria-describedby=\"caption-attachment-6247\" loading=\"lazy\" class=\"wp-image-6247\" src=\"http:\/\/www.agromundo.co\/blog\/wp-content\/uploads\/2017\/06\/Kit-b\u00e1sico-para-herrer\u00eda-Derby.jpg\" alt=\"Kit b\u00e1sico para herrer\u00eda Derby\" width=\"152\" height=\"120\" \/><\/a><p id=\"caption-attachment-6247\" class=\"wp-caption-text\">Kit b\u00e1sico para herrer\u00eda Derby<\/p><\/div>\n<div id=\"attachment_6132\" style=\"width: 130px\" class=\"wp-caption alignright\"><a href=\"http:\/\/www.agromundo.co\/plastigoma-pisos-de-caucho.html\"><img aria-describedby=\"caption-attachment-6132\" loading=\"lazy\" class=\"wp-image-6132\" src=\"http:\/\/www.agromundo.co\/blog\/wp-content\/uploads\/2017\/05\/Pisos-antideslizantes-para-transporte-de-animales.jpg\" alt=\"Pisos antideslizantes para transporte de animales\" width=\"120\" height=\"120\" srcset=\"https:\/\/www.agromundo.co\/blog\/wp-content\/uploads\/2017\/05\/Pisos-antideslizantes-para-transporte-de-animales.jpg 160w, https:\/\/www.agromundo.co\/blog\/wp-content\/uploads\/2017\/05\/Pisos-antideslizantes-para-transporte-de-animales-150x150.jpg 150w\" sizes=\"(max-width: 120px) 100vw, 120px\" \/><\/a><p id=\"caption-attachment-6132\" class=\"wp-caption-text\">Pisos antideslizantes para transporte de animales<\/p><\/div>\n","protected":false},"excerpt":{"rendered":"<p>Foto: Agroexpo 2017 M\u00e1s de 700 caballos participar\u00e1n en el Sal\u00f3n Equino de Corferias. Los de Tiro Pesado estar\u00e1n del 13 al 16 de julio; los Pura Sangre y el Show de Chalaner\u00eda el 18 y 19 y la Exposici\u00f3n Equina Grado A de Asdepaso, que se realizar\u00e1 del 20 al 23 de julio. Agroexpo [&hellip;]<\/p>\n","protected":false},"author":1,"featured_media":6248,"comment_status":"open","ping_status":"open","sticky":false,"template":"","format":"standard","meta":[],"categories":[22,3,18,6],"tags":[3245,1339,1788,1000,1267,3270],"yoast_head":"<!-- This site is optimized with the Yoast SEO plugin v17.3 - https:\/\/yoast.com\/wordpress\/plugins\/seo\/ -->\n<meta name=\"description\" content=\"Agroexpo 2017. Exposici\u00f3n Equina Grado A de Asdepaso, considerada como la de m\u00e1s alto nivel del caballo criollo colombiano del 20 al 23 de julio.\" \/>\n<meta name=\"robots\" content=\"index, follow, max-snippet:-1, max-image-preview:large, max-video-preview:-1\" \/>\n<meta property=\"og:locale\" content=\"es_ES\" \/>\n<meta property=\"og:type\" content=\"article\" \/>\n<meta property=\"og:title\" content=\"Agroexpo 2017. Sal\u00f3n equino - Notiagro\" \/>\n<meta property=\"og:description\" content=\"Agroexpo 2017. Exposici\u00f3n Equina Grado A de Asdepaso, considerada como la de m\u00e1s alto nivel del caballo criollo colombiano del 20 al 23 de julio.\" \/>\n<meta property=\"og:site_name\" content=\"Notiagro\" \/>\n<meta property=\"article:published_time\" content=\"2017-06-30T15:00:11+00:00\" \/>\n<meta property=\"og:image\" content=\"https:\/\/www.agromundo.co\/blog\/wp-content\/uploads\/2017\/06\/Agroexpo-2017-equinos.png\" \/>\n\t<meta property=\"og:image:width\" content=\"300\" \/>\n\t<meta property=\"og:image:height\" content=\"205\" \/>\n<meta name=\"twitter:label1\" content=\"Escrito por\" \/>\n\t<meta name=\"twitter:data1\" content=\"admin\" \/>\n\t<meta name=\"twitter:label2\" content=\"Tiempo de lectura\" \/>\n\t<meta name=\"twitter:data2\" content=\"2 minutos\" \/>\n<script type=\"application\/ld+json\" class=\"yoast-schema-graph\">{\"@context\":\"https:\/\/schema.org\",\"@graph\":[{\"@type\":\"WebSite\",\"@id\":\"https:\/\/www.agromundo.co\/blog\/#website\",\"url\":\"https:\/\/www.agromundo.co\/blog\/\",\"name\":\"Notiagro\",\"description\":\"Noticias y eventos sector agropecuario colombiano\",\"potentialAction\":[{\"@type\":\"SearchAction\",\"target\":{\"@type\":\"EntryPoint\",\"urlTemplate\":\"https:\/\/www.agromundo.co\/blog\/?s={search_term_string}\"},\"query-input\":\"required name=search_term_string\"}],\"inLanguage\":\"es\"},{\"@type\":\"ImageObject\",\"@id\":\"#primaryimage\",\"inLanguage\":\"es\",\"url\":\"https:\/\/www.agromundo.co\/blog\/wp-content\/uploads\/2017\/06\/Agroexpo-2017-equinos.png\",\"contentUrl\":\"https:\/\/www.agromundo.co\/blog\/wp-content\/uploads\/2017\/06\/Agroexpo-2017-equinos.png\",\"width\":300,\"height\":205},{\"@type\":\"WebPage\",\"@id\":\"#webpage\",\"url\":null,\"name\":\"Agroexpo 2017. Sal\\u00f3n equino - Notiagro\",\"isPartOf\":{\"@id\":\"https:\/\/www.agromundo.co\/blog\/#website\"},\"primaryImageOfPage\":{\"@id\":\"#primaryimage\"},\"datePublished\":\"2017-06-30T15:00:11+00:00\",\"dateModified\":\"2017-06-30T15:00:11+00:00\",\"author\":{\"@id\":\"https:\/\/www.agromundo.co\/blog\/#\/schema\/person\/3e07d858c3c7a93ebf4ad3785559d35d\"},\"description\":\"Agroexpo 2017. Exposici\\u00f3n Equina Grado A de Asdepaso, considerada como la de m\\u00e1s alto nivel del caballo criollo colombiano del 20 al 23 de julio.\",\"breadcrumb\":{\"@id\":\"#breadcrumb\"},\"inLanguage\":\"es\",\"potentialAction\":[{\"@type\":\"ReadAction\",\"target\":[null]}]},{\"@type\":\"BreadcrumbList\",\"@id\":\"#breadcrumb\",\"itemListElement\":[{\"@type\":\"ListItem\",\"position\":1,\"name\":\"Portada\",\"item\":\"https:\/\/www.agromundo.co\/blog\/\"},{\"@type\":\"ListItem\",\"position\":2,\"name\":\"Agroexpo 2017. Sal\\u00f3n equino\"}]},{\"@type\":\"Person\",\"@id\":\"https:\/\/www.agromundo.co\/blog\/#\/schema\/person\/3e07d858c3c7a93ebf4ad3785559d35d\",\"name\":\"admin\",\"image\":{\"@type\":\"ImageObject\",\"@id\":\"https:\/\/www.agromundo.co\/blog\/#personlogo\",\"inLanguage\":\"es\",\"url\":\"https:\/\/secure.gravatar.com\/avatar\/f990c4c6d966ea7f7bec9cc10bcda5ce?s=96&d=mm&r=g\",\"contentUrl\":\"https:\/\/secure.gravatar.com\/avatar\/f990c4c6d966ea7f7bec9cc10bcda5ce?s=96&d=mm&r=g\",\"caption\":\"admin\"},\"url\":\"https:\/\/www.agromundo.co\/blog\/author\/admin\/\"}]}<\/script>\n<!-- \/ Yoast SEO plugin. -->","yoast_head_json":{"description":"Agroexpo 2017. Exposici\u00f3n Equina Grado A de Asdepaso, considerada como la de m\u00e1s alto nivel del caballo criollo colombiano del 20 al 23 de julio.","robots":{"index":"index","follow":"follow","max-snippet":"max-snippet:-1","max-image-preview":"max-image-preview:large","max-video-preview":"max-video-preview:-1"},"og_locale":"es_ES","og_type":"article","og_title":"Agroexpo 2017. Sal\u00f3n equino - Notiagro","og_description":"Agroexpo 2017. Exposici\u00f3n Equina Grado A de Asdepaso, considerada como la de m\u00e1s alto nivel del caballo criollo colombiano del 20 al 23 de julio.","og_site_name":"Notiagro","article_published_time":"2017-06-30T15:00:11+00:00","og_image":[{"width":300,"height":205,"url":"https:\/\/www.agromundo.co\/blog\/wp-content\/uploads\/2017\/06\/Agroexpo-2017-equinos.png","type":"image\/png"}],"twitter_misc":{"Escrito por":"admin","Tiempo de lectura":"2 minutos"},"schema":{"@context":"https:\/\/schema.org","@graph":[{"@type":"WebSite","@id":"https:\/\/www.agromundo.co\/blog\/#website","url":"https:\/\/www.agromundo.co\/blog\/","name":"Notiagro","description":"Noticias y eventos sector agropecuario colombiano","potentialAction":[{"@type":"SearchAction","target":{"@type":"EntryPoint","urlTemplate":"https:\/\/www.agromundo.co\/blog\/?s={search_term_string}"},"query-input":"required name=search_term_string"}],"inLanguage":"es"},{"@type":"ImageObject","@id":"#primaryimage","inLanguage":"es","url":"https:\/\/www.agromundo.co\/blog\/wp-content\/uploads\/2017\/06\/Agroexpo-2017-equinos.png","contentUrl":"https:\/\/www.agromundo.co\/blog\/wp-content\/uploads\/2017\/06\/Agroexpo-2017-equinos.png","width":300,"height":205},{"@type":"WebPage","@id":"#webpage","url":null,"name":"Agroexpo 2017. Sal\u00f3n equino - Notiagro","isPartOf":{"@id":"https:\/\/www.agromundo.co\/blog\/#website"},"primaryImageOfPage":{"@id":"#primaryimage"},"datePublished":"2017-06-30T15:00:11+00:00","dateModified":"2017-06-30T15:00:11+00:00","author":{"@id":"https:\/\/www.agromundo.co\/blog\/#\/schema\/person\/3e07d858c3c7a93ebf4ad3785559d35d"},"description":"Agroexpo 2017. Exposici\u00f3n Equina Grado A de Asdepaso, considerada como la de m\u00e1s alto nivel del caballo criollo colombiano del 20 al 23 de julio.","breadcrumb":{"@id":"#breadcrumb"},"inLanguage":"es","potentialAction":[{"@type":"ReadAction","target":[null]}]},{"@type":"BreadcrumbList","@id":"#breadcrumb","itemListElement":[{"@type":"ListItem","position":1,"name":"Portada","item":"https:\/\/www.agromundo.co\/blog\/"},{"@type":"ListItem","position":2,"name":"Agroexpo 2017. Sal\u00f3n equino"}]},{"@type":"Person","@id":"https:\/\/www.agromundo.co\/blog\/#\/schema\/person\/3e07d858c3c7a93ebf4ad3785559d35d","name":"admin","image":{"@type":"ImageObject","@id":"https:\/\/www.agromundo.co\/blog\/#personlogo","inLanguage":"es","url":"https:\/\/secure.gravatar.com\/avatar\/f990c4c6d966ea7f7bec9cc10bcda5ce?s=96&d=mm&r=g","contentUrl":"https:\/\/secure.gravatar.com\/avatar\/f990c4c6d966ea7f7bec9cc10bcda5ce?s=96&d=mm&r=g","caption":"admin"},"url":"https:\/\/www.agromundo.co\/blog\/author\/admin\/"}]}},"_links":{"self":[{"href":"https:\/\/www.agromundo.co\/blog\/wp-json\/wp\/v2\/posts\/6246"}],"collection":[{"href":"https:\/\/www.agromundo.co\/blog\/wp-json\/wp\/v2\/posts"}],"about":[{"href":"https:\/\/www.agromundo.co\/blog\/wp-json\/wp\/v2\/types\/post"}],"author":[{"embeddable":true,"href":"https:\/\/www.agromundo.co\/blog\/wp-json\/wp\/v2\/users\/1"}],"replies":[{"embeddable":true,"href":"https:\/\/www.agromundo.co\/blog\/wp-json\/wp\/v2\/comments?post=6246"}],"version-history":[{"count":1,"href":"https:\/\/www.agromundo.co\/blog\/wp-json\/wp\/v2\/posts\/6246\/revisions"}],"predecessor-version":[{"id":6249,"href":"https:\/\/www.agromundo.co\/blog\/wp-json\/wp\/v2\/posts\/6246\/revisions\/6249"}],"wp:featuredmedia":[{"embeddable":true,"href":"https:\/\/www.agromundo.co\/blog\/wp-json\/wp\/v2\/media\/6248"}],"wp:attachment":[{"href":"https:\/\/www.agromundo.co\/blog\/wp-json\/wp\/v2\/media?parent=6246"}],"wp:term":[{"taxonomy":"category","embeddable":true,"href":"https:\/\/www.agromundo.co\/blog\/wp-json\/wp\/v2\/categories?post=6246"},{"taxonomy":"post_tag","embeddable":true,"href":"https:\/\/www.agromundo.co\/blog\/wp-json\/wp\/v2\/tags?post=6246"}],"curies":[{"name":"wp","href":"https:\/\/api.w.org\/{rel}","templated":true}]}}