{"id":6267,"date":"2017-07-11T14:30:54","date_gmt":"2017-07-11T14:30:54","guid":{"rendered":"http:\/\/www.agromundo.co\/blog\/?p=6267"},"modified":"2017-07-11T14:30:54","modified_gmt":"2017-07-11T14:30:54","slug":"fiebre-aftosa-nuevo-brote-colombia","status":"publish","type":"post","link":"https:\/\/www.agromundo.co\/blog\/fiebre-aftosa-nuevo-brote-colombia\/","title":{"rendered":"Fiebre Aftosa. Nuevo brote en Colombia"},"content":{"rendered":"<div id=\"attachment_6269\" style=\"width: 310px\" class=\"wp-caption aligncenter\"><img aria-describedby=\"caption-attachment-6269\" loading=\"lazy\" class=\"wp-image-6269 size-full\" src=\"http:\/\/www.agromundo.co\/blog\/wp-content\/uploads\/2017\/07\/Fiebre-Aftosa.jpg\" alt=\"Fiebre Aftosa\" width=\"300\" height=\"205\" \/><p id=\"caption-attachment-6269\" class=\"wp-caption-text\">La cuarentena abarca a 10 municipios aleda\u00f1os a la poblaci\u00f3n en la que se encontr\u00f3 el virus<\/p><\/div>\n<p>Foto: CONtexto ganadero.<\/p>\n<ul>\n<li><em>La enfermedad se detect\u00f3 en 136 animales de 8 predios localizados en 3 veredas del municipio de Yacop\u00ed en el departamento de Cundinamarca.<\/em><strong>\u00a0<\/strong><\/li>\n<\/ul>\n<p>Tras superar el foco de Fiebre Aftosa que se present\u00f3 en el municipio de Tame (Arauca) el 23 de junio pasado, el Instituto Colombiano Agropecuario (ICA), confirm\u00f3 un nuevo brote de la enfermedad en el municipio de Yacop\u00ed (Cundinamarca).<\/p>\n<p>El virus fue detectado en 3 veredas apartadas del casco urbano, cuyo acceso solo puede realizarse caminando o en motocicleta. La zona es monta\u00f1osa y\u00a0 de dif\u00edcil acceso. All\u00ed fueron encontraron 136 animales afectados cuyas muestras fueron enviadas al laboratorio del ICA, donde se pudo confirmar la presencia de Fiebre Aftosa en 8 predios.<\/p>\n<p>De acuerdo con el gerente general del ICA, Luis Humberto Mart\u00ednez, tras la confirmaci\u00f3n de la enfermedad, se orden\u00f3 la cuarentena preventiva por un per\u00edodo de un mes para los municipios de\u00a0Yacop\u00ed, La Palma, Caparrap\u00ed, Topaip\u00ed, Puerto Salgar, La Dorada, Puerto Triunfo, Puerto Nare, Puerto Berr\u00edo, Sons\u00f3n, la parte baja de Cimitarra y Bol\u00edvar.<\/p>\n<p>Agreg\u00f3 que esa determinaci\u00f3n fue tomada para hacer un cerco sanitario por cuenta de la situaci\u00f3n que se est\u00e1 presentando. De paso agreg\u00f3 que la novedad ser\u00e1 notificada a la OIE, as\u00ed como establecer el n\u00famero de animales que se deben sacrificar ante el posible contacto con los animales aftosos.<\/p>\n<p>En rueda de prensa manifest\u00f3 que el protocolo ser\u00e1 muy similar al que se adelant\u00f3 en Arauca, que ha dado resultados satisfactorios hasta el momento, ya que no se han detectado nuevos casos en esa regi\u00f3n del pa\u00eds.<\/p>\n<p>Entre las otras medidas anunciadas el Instituto, se instalar\u00e1n 8 puestos de control sanitario para la desinfecci\u00f3n de los veh\u00edculos que transporten animales, as\u00ed como impedir la movilizaci\u00f3n de bovinos hacia y desde las zonas de cuarentena.<\/p>\n<p>Aurelio Iragorri Valencia, ministro de Agricultura y Desarrollo Rural dijo que el accionar del Gobierno en la situaci\u00f3n ha sido y seguir\u00e1 siendo de frente al pa\u00eds, con transparencia y con la decisi\u00f3n firme de recuperar el estatus sanitario del pa\u00eds.\u00a0Reiter\u00f3 el llamado a los ganaderos y a la industria c\u00e1rnica para trabajar unidos con el fin de sacar adelante las medidas sanitarias conducentes a la erradicaci\u00f3n de la Fiebre Aftosa en Yacop\u00ed.<\/p>\n<p>El ICA solicita a los ganaderos continuar reportando los signos cl\u00ednicos sospechosos en sus animales, de tal manera que la entidad pueda enviar sus t\u00e9cnicos para la revisi\u00f3n y recolecci\u00f3n de muestras para ser llevadas al laboratorio.<\/p>\n<p>&nbsp;<\/p>\n<p>Fuente: Adaptado de CONtexto Ganadero.<\/p>\n<p>Con el patrocinio de:<\/p>\n<div id=\"attachment_5400\" style=\"width: 130px\" class=\"wp-caption alignleft\"><a href=\"http:\/\/www.agromundo.co\/plastigoma-pisos-de-caucho.html\"><img aria-describedby=\"caption-attachment-5400\" loading=\"lazy\" class=\"wp-image-5400\" src=\"http:\/\/www.agromundo.co\/blog\/wp-content\/uploads\/2016\/09\/Pisos-antideslizantes-para-transporte-de-animales.jpg\" alt=\"pisos-antideslizantes-para-transporte-de-animales\" width=\"120\" height=\"120\" srcset=\"https:\/\/www.agromundo.co\/blog\/wp-content\/uploads\/2016\/09\/Pisos-antideslizantes-para-transporte-de-animales.jpg 160w, https:\/\/www.agromundo.co\/blog\/wp-content\/uploads\/2016\/09\/Pisos-antideslizantes-para-transporte-de-animales-150x150.jpg 150w\" sizes=\"(max-width: 120px) 100vw, 120px\" \/><\/a><p id=\"caption-attachment-5400\" class=\"wp-caption-text\">Pisos antideslizantes para transporte de animales<\/p><\/div>\n<div id=\"attachment_5580\" style=\"width: 134px\" class=\"wp-caption alignright\"><a href=\"http:\/\/www.agromundo.co\/actual-biotec.html\"><img aria-describedby=\"caption-attachment-5580\" loading=\"lazy\" class=\"wp-image-5580\" src=\"http:\/\/www.agromundo.co\/blog\/wp-content\/uploads\/2016\/11\/Kit-de-inseminaci\u00f3n-Actual-Biotec.jpg\" alt=\"kit-de-inseminacion-actual-biotec\" width=\"124\" height=\"120\" \/><\/a><p id=\"caption-attachment-5580\" class=\"wp-caption-text\">Kit de inseminaci\u00f3n Actual Biotec<\/p><\/div>\n<p>&nbsp;<\/p>\n","protected":false},"excerpt":{"rendered":"<p>Foto: CONtexto ganadero. La enfermedad se detect\u00f3 en 136 animales de 8 predios localizados en 3 veredas del municipio de Yacop\u00ed en el departamento de Cundinamarca.\u00a0 Tras superar el foco de Fiebre Aftosa que se present\u00f3 en el municipio de Tame (Arauca) el 23 de junio pasado, el Instituto Colombiano Agropecuario (ICA), confirm\u00f3 un nuevo [&hellip;]<\/p>\n","protected":false},"author":1,"featured_media":6269,"comment_status":"open","ping_status":"open","sticky":false,"template":"","format":"standard","meta":[],"categories":[3,18,6],"tags":[3269,2902,464,3272,1628,2215],"yoast_head":"<!-- This site is optimized with the Yoast SEO plugin v17.3 - https:\/\/yoast.com\/wordpress\/plugins\/seo\/ -->\n<meta name=\"description\" content=\"\u00a1ALERTA GANADEROS! Un nuevo foco de Fiebre Aftosa se presenta en Yacop\u00ed (Cundinamarca). Ordenada cuarentena en una amplia zona del territorio colombiano.\" \/>\n<meta name=\"robots\" content=\"index, follow, max-snippet:-1, max-image-preview:large, max-video-preview:-1\" \/>\n<meta property=\"og:locale\" content=\"es_ES\" \/>\n<meta property=\"og:type\" content=\"article\" \/>\n<meta property=\"og:title\" content=\"Fiebre Aftosa. Nuevo brote en Colombia - Notiagro\" \/>\n<meta property=\"og:description\" content=\"\u00a1ALERTA GANADEROS! Un nuevo foco de Fiebre Aftosa se presenta en Yacop\u00ed (Cundinamarca). Ordenada cuarentena en una amplia zona del territorio colombiano.\" \/>\n<meta property=\"og:site_name\" content=\"Notiagro\" \/>\n<meta property=\"article:published_time\" content=\"2017-07-11T14:30:54+00:00\" \/>\n<meta property=\"og:image\" content=\"https:\/\/www.agromundo.co\/blog\/wp-content\/uploads\/2017\/07\/Fiebre-Aftosa.jpg\" \/>\n\t<meta property=\"og:image:width\" content=\"300\" \/>\n\t<meta property=\"og:image:height\" content=\"205\" \/>\n<meta name=\"twitter:label1\" content=\"Escrito por\" \/>\n\t<meta name=\"twitter:data1\" content=\"admin\" \/>\n\t<meta name=\"twitter:label2\" content=\"Tiempo de lectura\" \/>\n\t<meta name=\"twitter:data2\" content=\"2 minutos\" \/>\n<script type=\"application\/ld+json\" class=\"yoast-schema-graph\">{\"@context\":\"https:\/\/schema.org\",\"@graph\":[{\"@type\":\"WebSite\",\"@id\":\"https:\/\/www.agromundo.co\/blog\/#website\",\"url\":\"https:\/\/www.agromundo.co\/blog\/\",\"name\":\"Notiagro\",\"description\":\"Noticias y eventos sector agropecuario colombiano\",\"potentialAction\":[{\"@type\":\"SearchAction\",\"target\":{\"@type\":\"EntryPoint\",\"urlTemplate\":\"https:\/\/www.agromundo.co\/blog\/?s={search_term_string}\"},\"query-input\":\"required name=search_term_string\"}],\"inLanguage\":\"es\"},{\"@type\":\"ImageObject\",\"@id\":\"#primaryimage\",\"inLanguage\":\"es\",\"url\":\"https:\/\/www.agromundo.co\/blog\/wp-content\/uploads\/2017\/07\/Fiebre-Aftosa.jpg\",\"contentUrl\":\"https:\/\/www.agromundo.co\/blog\/wp-content\/uploads\/2017\/07\/Fiebre-Aftosa.jpg\",\"width\":300,\"height\":205},{\"@type\":\"WebPage\",\"@id\":\"#webpage\",\"url\":null,\"name\":\"Fiebre Aftosa. Nuevo brote en Colombia - Notiagro\",\"isPartOf\":{\"@id\":\"https:\/\/www.agromundo.co\/blog\/#website\"},\"primaryImageOfPage\":{\"@id\":\"#primaryimage\"},\"datePublished\":\"2017-07-11T14:30:54+00:00\",\"dateModified\":\"2017-07-11T14:30:54+00:00\",\"author\":{\"@id\":\"https:\/\/www.agromundo.co\/blog\/#\/schema\/person\/3e07d858c3c7a93ebf4ad3785559d35d\"},\"description\":\"\\u00a1ALERTA GANADEROS! Un nuevo foco de Fiebre Aftosa se presenta en Yacop\\u00ed (Cundinamarca). Ordenada cuarentena en una amplia zona del territorio colombiano.\",\"breadcrumb\":{\"@id\":\"#breadcrumb\"},\"inLanguage\":\"es\",\"potentialAction\":[{\"@type\":\"ReadAction\",\"target\":[null]}]},{\"@type\":\"BreadcrumbList\",\"@id\":\"#breadcrumb\",\"itemListElement\":[{\"@type\":\"ListItem\",\"position\":1,\"name\":\"Portada\",\"item\":\"https:\/\/www.agromundo.co\/blog\/\"},{\"@type\":\"ListItem\",\"position\":2,\"name\":\"Fiebre Aftosa. Nuevo brote en Colombia\"}]},{\"@type\":\"Person\",\"@id\":\"https:\/\/www.agromundo.co\/blog\/#\/schema\/person\/3e07d858c3c7a93ebf4ad3785559d35d\",\"name\":\"admin\",\"image\":{\"@type\":\"ImageObject\",\"@id\":\"https:\/\/www.agromundo.co\/blog\/#personlogo\",\"inLanguage\":\"es\",\"url\":\"https:\/\/secure.gravatar.com\/avatar\/f990c4c6d966ea7f7bec9cc10bcda5ce?s=96&d=mm&r=g\",\"contentUrl\":\"https:\/\/secure.gravatar.com\/avatar\/f990c4c6d966ea7f7bec9cc10bcda5ce?s=96&d=mm&r=g\",\"caption\":\"admin\"},\"url\":\"https:\/\/www.agromundo.co\/blog\/author\/admin\/\"}]}<\/script>\n<!-- \/ Yoast SEO plugin. -->","yoast_head_json":{"description":"\u00a1ALERTA GANADEROS! Un nuevo foco de Fiebre Aftosa se presenta en Yacop\u00ed (Cundinamarca). Ordenada cuarentena en una amplia zona del territorio colombiano.","robots":{"index":"index","follow":"follow","max-snippet":"max-snippet:-1","max-image-preview":"max-image-preview:large","max-video-preview":"max-video-preview:-1"},"og_locale":"es_ES","og_type":"article","og_title":"Fiebre Aftosa. Nuevo brote en Colombia - Notiagro","og_description":"\u00a1ALERTA GANADEROS! Un nuevo foco de Fiebre Aftosa se presenta en Yacop\u00ed (Cundinamarca). Ordenada cuarentena en una amplia zona del territorio colombiano.","og_site_name":"Notiagro","article_published_time":"2017-07-11T14:30:54+00:00","og_image":[{"width":300,"height":205,"url":"https:\/\/www.agromundo.co\/blog\/wp-content\/uploads\/2017\/07\/Fiebre-Aftosa.jpg","type":"image\/jpeg"}],"twitter_misc":{"Escrito por":"admin","Tiempo de lectura":"2 minutos"},"schema":{"@context":"https:\/\/schema.org","@graph":[{"@type":"WebSite","@id":"https:\/\/www.agromundo.co\/blog\/#website","url":"https:\/\/www.agromundo.co\/blog\/","name":"Notiagro","description":"Noticias y eventos sector agropecuario colombiano","potentialAction":[{"@type":"SearchAction","target":{"@type":"EntryPoint","urlTemplate":"https:\/\/www.agromundo.co\/blog\/?s={search_term_string}"},"query-input":"required name=search_term_string"}],"inLanguage":"es"},{"@type":"ImageObject","@id":"#primaryimage","inLanguage":"es","url":"https:\/\/www.agromundo.co\/blog\/wp-content\/uploads\/2017\/07\/Fiebre-Aftosa.jpg","contentUrl":"https:\/\/www.agromundo.co\/blog\/wp-content\/uploads\/2017\/07\/Fiebre-Aftosa.jpg","width":300,"height":205},{"@type":"WebPage","@id":"#webpage","url":null,"name":"Fiebre Aftosa. Nuevo brote en Colombia - Notiagro","isPartOf":{"@id":"https:\/\/www.agromundo.co\/blog\/#website"},"primaryImageOfPage":{"@id":"#primaryimage"},"datePublished":"2017-07-11T14:30:54+00:00","dateModified":"2017-07-11T14:30:54+00:00","author":{"@id":"https:\/\/www.agromundo.co\/blog\/#\/schema\/person\/3e07d858c3c7a93ebf4ad3785559d35d"},"description":"\u00a1ALERTA GANADEROS! Un nuevo foco de Fiebre Aftosa se presenta en Yacop\u00ed (Cundinamarca). Ordenada cuarentena en una amplia zona del territorio colombiano.","breadcrumb":{"@id":"#breadcrumb"},"inLanguage":"es","potentialAction":[{"@type":"ReadAction","target":[null]}]},{"@type":"BreadcrumbList","@id":"#breadcrumb","itemListElement":[{"@type":"ListItem","position":1,"name":"Portada","item":"https:\/\/www.agromundo.co\/blog\/"},{"@type":"ListItem","position":2,"name":"Fiebre Aftosa. Nuevo brote en Colombia"}]},{"@type":"Person","@id":"https:\/\/www.agromundo.co\/blog\/#\/schema\/person\/3e07d858c3c7a93ebf4ad3785559d35d","name":"admin","image":{"@type":"ImageObject","@id":"https:\/\/www.agromundo.co\/blog\/#personlogo","inLanguage":"es","url":"https:\/\/secure.gravatar.com\/avatar\/f990c4c6d966ea7f7bec9cc10bcda5ce?s=96&d=mm&r=g","contentUrl":"https:\/\/secure.gravatar.com\/avatar\/f990c4c6d966ea7f7bec9cc10bcda5ce?s=96&d=mm&r=g","caption":"admin"},"url":"https:\/\/www.agromundo.co\/blog\/author\/admin\/"}]}},"_links":{"self":[{"href":"https:\/\/www.agromundo.co\/blog\/wp-json\/wp\/v2\/posts\/6267"}],"collection":[{"href":"https:\/\/www.agromundo.co\/blog\/wp-json\/wp\/v2\/posts"}],"about":[{"href":"https:\/\/www.agromundo.co\/blog\/wp-json\/wp\/v2\/types\/post"}],"author":[{"embeddable":true,"href":"https:\/\/www.agromundo.co\/blog\/wp-json\/wp\/v2\/users\/1"}],"replies":[{"embeddable":true,"href":"https:\/\/www.agromundo.co\/blog\/wp-json\/wp\/v2\/comments?post=6267"}],"version-history":[{"count":2,"href":"https:\/\/www.agromundo.co\/blog\/wp-json\/wp\/v2\/posts\/6267\/revisions"}],"predecessor-version":[{"id":6270,"href":"https:\/\/www.agromundo.co\/blog\/wp-json\/wp\/v2\/posts\/6267\/revisions\/6270"}],"wp:featuredmedia":[{"embeddable":true,"href":"https:\/\/www.agromundo.co\/blog\/wp-json\/wp\/v2\/media\/6269"}],"wp:attachment":[{"href":"https:\/\/www.agromundo.co\/blog\/wp-json\/wp\/v2\/media?parent=6267"}],"wp:term":[{"taxonomy":"category","embeddable":true,"href":"https:\/\/www.agromundo.co\/blog\/wp-json\/wp\/v2\/categories?post=6267"},{"taxonomy":"post_tag","embeddable":true,"href":"https:\/\/www.agromundo.co\/blog\/wp-json\/wp\/v2\/tags?post=6267"}],"curies":[{"name":"wp","href":"https:\/\/api.w.org\/{rel}","templated":true}]}}