{"id":6293,"date":"2017-07-18T15:09:31","date_gmt":"2017-07-18T15:09:31","guid":{"rendered":"http:\/\/www.agromundo.co\/blog\/?p=6293"},"modified":"2017-07-18T15:09:31","modified_gmt":"2017-07-18T15:09:31","slug":"fiebre-aftosa-nuevos-focos","status":"publish","type":"post","link":"https:\/\/www.agromundo.co\/blog\/fiebre-aftosa-nuevos-focos\/","title":{"rendered":"Fiebre Aftosa. \u00bfNuevos focos?"},"content":{"rendered":"<p><img loading=\"lazy\" class=\"aligncenter size-full wp-image-6294\" src=\"http:\/\/www.agromundo.co\/blog\/wp-content\/uploads\/2017\/07\/Aftosa-en-Neiva.jpg\" alt=\"Aftosa en Neiva\" width=\"300\" height=\"205\" \/><\/p>\n<ul>\n<li><em>El ganadero oriundo de Neiva (Huila), acudi\u00f3 angustiado a las instalaciones de Fedeg\u00e1n, a manifestar que sus animales se encontraban enfermos y que necesitaba asesor\u00eda.<\/em><\/li>\n<\/ul>\n<p>\u201cNecesito asesor\u00eda para saber lo que\u00a0tengo que hacer\u201d, manifest\u00f3 Hip\u00f3lito P\u00e9rez, un ganadero que lleg\u00f3 desesperado a la sede del gremio, a plantear el caso de vacas enfermas en su hato de Neiva (Huila). Seg\u00fan \u00e9l, de acuerdo con los s\u00edntomas, tienen Fiebre Aftosa.<strong>\u00a0<\/strong><\/p>\n<p>Don Hip\u00f3lito P\u00e9rez es un \u201cganadero de pura cepa\u201d, que habla con seguridad y se expresa con propiedad del tema ganadero. Su voz firme y su \u00a0mirada recia son las de un productor luchador, de aquellos que no se amilanan ante cualquier dificultad. No obstante, su rostro mostraba la angustia de la situaci\u00f3n.<\/p>\n<p>Seg\u00fan explic\u00f3, orde\u00f1a 48 diariamente, espec\u00edficamente en la vereda Yucales en Neiva. Son vacas F1 resultantes de un cruce de Gyr y Holstein que reci\u00e9n paridas tienen una alta producci\u00f3n.<strong>\u00a0<\/strong><\/p>\n<p><strong>La enfermedad\u2026 <\/strong><\/p>\n<p>A\u00f1adi\u00f3 que hace 12 d\u00edas observa que a 8 de sus vacas les suda el hocico y 14 presentan mastitis, a la vez que narr\u00f3 que tiene un toro al que se le hinch\u00f3 el pene y cuando orina expulsa chorros de sangre.<\/p>\n<p>Para \u00e9l, sus animales tienen Fiebre Aftosa, y fue enf\u00e1tico en manifestar que tiene sus registros de vacunaci\u00f3n al d\u00eda. \u201cEl 17 de mayo vacun\u00e9 a\u00a0mis animales\u201d, afirm\u00f3.<\/p>\n<p><strong>Traslad\u00f3 sus animales.<\/strong><\/p>\n<p>El ganadero de Neiva, Huila, manifest\u00f3 que traslad\u00f3 sus animales enfermos para otra finca de su propiedad ubicada en el municipio Vega Larga, en la vereda el Carillo, distante 4 horas de camino.<\/p>\n<p>Remat\u00f3 indicando que las llev\u00f3 para all\u00e1 porque all\u00e1 tiene comida para darles y expres\u00f3 su preocupaci\u00f3n por el cambio de clima.<\/p>\n<p>&nbsp;<\/p>\n<p>Fuente: Adaptado de CONtexto Ganadero.<\/p>\n<p>Con el patrocinio de:<\/p>\n<div id=\"attachment_6026\" style=\"width: 130px\" class=\"wp-caption alignleft\"><a href=\"http:\/\/www.agromundo.co\/plastigoma-pisos-de-caucho.html\"><img aria-describedby=\"caption-attachment-6026\" loading=\"lazy\" class=\"wp-image-6026\" src=\"http:\/\/www.agromundo.co\/blog\/wp-content\/uploads\/2017\/04\/Pisos-para-salas-de-orde\u00f1o-Plastigoma.jpg\" alt=\"Pisos para salas de orde\u00f1o \" width=\"120\" height=\"120\" srcset=\"https:\/\/www.agromundo.co\/blog\/wp-content\/uploads\/2017\/04\/Pisos-para-salas-de-orde\u00f1o-Plastigoma.jpg 160w, https:\/\/www.agromundo.co\/blog\/wp-content\/uploads\/2017\/04\/Pisos-para-salas-de-orde\u00f1o-Plastigoma-150x150.jpg 150w\" sizes=\"(max-width: 120px) 100vw, 120px\" \/><\/a><p id=\"caption-attachment-6026\" class=\"wp-caption-text\">Pisos de caucho vulcanizado para salas de orde\u00f1o<\/p><\/div>\n<div id=\"attachment_6149\" style=\"width: 226px\" class=\"wp-caption alignright\"><a href=\"http:\/\/www.agromundo.co\/eco-maderas-plasticas.html\"><img aria-describedby=\"caption-attachment-6149\" loading=\"lazy\" class=\"wp-image-6149\" src=\"http:\/\/www.agromundo.co\/blog\/wp-content\/uploads\/2017\/05\/Corrales-en-pl\u00e1stico-para-ganado-Eco-maderas-pl\u00e1sticas..jpg\" alt=\"Corrales en pl\u00e1stico para ganado Eco maderas pl\u00e1sticas.\" width=\"216\" height=\"120\" \/><\/a><p id=\"caption-attachment-6149\" class=\"wp-caption-text\">Corrales en pl\u00e1stico para ganado Eco Maderas Pl\u00e1sticas.<\/p><\/div>\n","protected":false},"excerpt":{"rendered":"<p>El ganadero oriundo de Neiva (Huila), acudi\u00f3 angustiado a las instalaciones de Fedeg\u00e1n, a manifestar que sus animales se encontraban enfermos y que necesitaba asesor\u00eda. \u201cNecesito asesor\u00eda para saber lo que\u00a0tengo que hacer\u201d, manifest\u00f3 Hip\u00f3lito P\u00e9rez, un ganadero que lleg\u00f3 desesperado a la sede del gremio, a plantear el caso de vacas enfermas en su [&hellip;]<\/p>\n","protected":false},"author":1,"featured_media":6294,"comment_status":"open","ping_status":"open","sticky":false,"template":"","format":"standard","meta":[],"categories":[3,18,6],"tags":[3282,1433,464,1628],"yoast_head":"<!-- This site is optimized with the Yoast SEO plugin v17.3 - https:\/\/yoast.com\/wordpress\/plugins\/seo\/ -->\n<meta name=\"description\" content=\"Fiebre Aftosa en Colombia. La alarma de un ganadero huilense por los preocupantes s\u00edntomas que presentan sus animales en su hato ganadero.\" \/>\n<meta name=\"robots\" content=\"index, follow, max-snippet:-1, max-image-preview:large, max-video-preview:-1\" \/>\n<meta property=\"og:locale\" content=\"es_ES\" \/>\n<meta property=\"og:type\" content=\"article\" \/>\n<meta property=\"og:title\" content=\"Fiebre Aftosa. \u00bfNuevos focos? - Notiagro\" \/>\n<meta property=\"og:description\" content=\"Fiebre Aftosa en Colombia. La alarma de un ganadero huilense por los preocupantes s\u00edntomas que presentan sus animales en su hato ganadero.\" \/>\n<meta property=\"og:site_name\" content=\"Notiagro\" \/>\n<meta property=\"article:published_time\" content=\"2017-07-18T15:09:31+00:00\" \/>\n<meta property=\"og:image\" content=\"https:\/\/www.agromundo.co\/blog\/wp-content\/uploads\/2017\/07\/Aftosa-en-Neiva.jpg\" \/>\n\t<meta property=\"og:image:width\" content=\"300\" \/>\n\t<meta property=\"og:image:height\" content=\"205\" \/>\n<meta name=\"twitter:label1\" content=\"Escrito por\" \/>\n\t<meta name=\"twitter:data1\" content=\"admin\" \/>\n\t<meta name=\"twitter:label2\" content=\"Tiempo de lectura\" \/>\n\t<meta name=\"twitter:data2\" content=\"2 minutos\" \/>\n<script type=\"application\/ld+json\" class=\"yoast-schema-graph\">{\"@context\":\"https:\/\/schema.org\",\"@graph\":[{\"@type\":\"WebSite\",\"@id\":\"https:\/\/www.agromundo.co\/blog\/#website\",\"url\":\"https:\/\/www.agromundo.co\/blog\/\",\"name\":\"Notiagro\",\"description\":\"Noticias y eventos sector agropecuario colombiano\",\"potentialAction\":[{\"@type\":\"SearchAction\",\"target\":{\"@type\":\"EntryPoint\",\"urlTemplate\":\"https:\/\/www.agromundo.co\/blog\/?s={search_term_string}\"},\"query-input\":\"required name=search_term_string\"}],\"inLanguage\":\"es\"},{\"@type\":\"ImageObject\",\"@id\":\"#primaryimage\",\"inLanguage\":\"es\",\"url\":\"https:\/\/www.agromundo.co\/blog\/wp-content\/uploads\/2017\/07\/Aftosa-en-Neiva.jpg\",\"contentUrl\":\"https:\/\/www.agromundo.co\/blog\/wp-content\/uploads\/2017\/07\/Aftosa-en-Neiva.jpg\",\"width\":300,\"height\":205},{\"@type\":\"WebPage\",\"@id\":\"#webpage\",\"url\":null,\"name\":\"Fiebre Aftosa. \\u00bfNuevos focos? - Notiagro\",\"isPartOf\":{\"@id\":\"https:\/\/www.agromundo.co\/blog\/#website\"},\"primaryImageOfPage\":{\"@id\":\"#primaryimage\"},\"datePublished\":\"2017-07-18T15:09:31+00:00\",\"dateModified\":\"2017-07-18T15:09:31+00:00\",\"author\":{\"@id\":\"https:\/\/www.agromundo.co\/blog\/#\/schema\/person\/3e07d858c3c7a93ebf4ad3785559d35d\"},\"description\":\"Fiebre Aftosa en Colombia. La alarma de un ganadero huilense por los preocupantes s\\u00edntomas que presentan sus animales en su hato ganadero.\",\"breadcrumb\":{\"@id\":\"#breadcrumb\"},\"inLanguage\":\"es\",\"potentialAction\":[{\"@type\":\"ReadAction\",\"target\":[null]}]},{\"@type\":\"BreadcrumbList\",\"@id\":\"#breadcrumb\",\"itemListElement\":[{\"@type\":\"ListItem\",\"position\":1,\"name\":\"Portada\",\"item\":\"https:\/\/www.agromundo.co\/blog\/\"},{\"@type\":\"ListItem\",\"position\":2,\"name\":\"Fiebre Aftosa. \\u00bfNuevos focos?\"}]},{\"@type\":\"Person\",\"@id\":\"https:\/\/www.agromundo.co\/blog\/#\/schema\/person\/3e07d858c3c7a93ebf4ad3785559d35d\",\"name\":\"admin\",\"image\":{\"@type\":\"ImageObject\",\"@id\":\"https:\/\/www.agromundo.co\/blog\/#personlogo\",\"inLanguage\":\"es\",\"url\":\"https:\/\/secure.gravatar.com\/avatar\/f990c4c6d966ea7f7bec9cc10bcda5ce?s=96&d=mm&r=g\",\"contentUrl\":\"https:\/\/secure.gravatar.com\/avatar\/f990c4c6d966ea7f7bec9cc10bcda5ce?s=96&d=mm&r=g\",\"caption\":\"admin\"},\"url\":\"https:\/\/www.agromundo.co\/blog\/author\/admin\/\"}]}<\/script>\n<!-- \/ Yoast SEO plugin. -->","yoast_head_json":{"description":"Fiebre Aftosa en Colombia. La alarma de un ganadero huilense por los preocupantes s\u00edntomas que presentan sus animales en su hato ganadero.","robots":{"index":"index","follow":"follow","max-snippet":"max-snippet:-1","max-image-preview":"max-image-preview:large","max-video-preview":"max-video-preview:-1"},"og_locale":"es_ES","og_type":"article","og_title":"Fiebre Aftosa. \u00bfNuevos focos? - Notiagro","og_description":"Fiebre Aftosa en Colombia. La alarma de un ganadero huilense por los preocupantes s\u00edntomas que presentan sus animales en su hato ganadero.","og_site_name":"Notiagro","article_published_time":"2017-07-18T15:09:31+00:00","og_image":[{"width":300,"height":205,"url":"https:\/\/www.agromundo.co\/blog\/wp-content\/uploads\/2017\/07\/Aftosa-en-Neiva.jpg","type":"image\/jpeg"}],"twitter_misc":{"Escrito por":"admin","Tiempo de lectura":"2 minutos"},"schema":{"@context":"https:\/\/schema.org","@graph":[{"@type":"WebSite","@id":"https:\/\/www.agromundo.co\/blog\/#website","url":"https:\/\/www.agromundo.co\/blog\/","name":"Notiagro","description":"Noticias y eventos sector agropecuario colombiano","potentialAction":[{"@type":"SearchAction","target":{"@type":"EntryPoint","urlTemplate":"https:\/\/www.agromundo.co\/blog\/?s={search_term_string}"},"query-input":"required name=search_term_string"}],"inLanguage":"es"},{"@type":"ImageObject","@id":"#primaryimage","inLanguage":"es","url":"https:\/\/www.agromundo.co\/blog\/wp-content\/uploads\/2017\/07\/Aftosa-en-Neiva.jpg","contentUrl":"https:\/\/www.agromundo.co\/blog\/wp-content\/uploads\/2017\/07\/Aftosa-en-Neiva.jpg","width":300,"height":205},{"@type":"WebPage","@id":"#webpage","url":null,"name":"Fiebre Aftosa. \u00bfNuevos focos? - Notiagro","isPartOf":{"@id":"https:\/\/www.agromundo.co\/blog\/#website"},"primaryImageOfPage":{"@id":"#primaryimage"},"datePublished":"2017-07-18T15:09:31+00:00","dateModified":"2017-07-18T15:09:31+00:00","author":{"@id":"https:\/\/www.agromundo.co\/blog\/#\/schema\/person\/3e07d858c3c7a93ebf4ad3785559d35d"},"description":"Fiebre Aftosa en Colombia. La alarma de un ganadero huilense por los preocupantes s\u00edntomas que presentan sus animales en su hato ganadero.","breadcrumb":{"@id":"#breadcrumb"},"inLanguage":"es","potentialAction":[{"@type":"ReadAction","target":[null]}]},{"@type":"BreadcrumbList","@id":"#breadcrumb","itemListElement":[{"@type":"ListItem","position":1,"name":"Portada","item":"https:\/\/www.agromundo.co\/blog\/"},{"@type":"ListItem","position":2,"name":"Fiebre Aftosa. \u00bfNuevos focos?"}]},{"@type":"Person","@id":"https:\/\/www.agromundo.co\/blog\/#\/schema\/person\/3e07d858c3c7a93ebf4ad3785559d35d","name":"admin","image":{"@type":"ImageObject","@id":"https:\/\/www.agromundo.co\/blog\/#personlogo","inLanguage":"es","url":"https:\/\/secure.gravatar.com\/avatar\/f990c4c6d966ea7f7bec9cc10bcda5ce?s=96&d=mm&r=g","contentUrl":"https:\/\/secure.gravatar.com\/avatar\/f990c4c6d966ea7f7bec9cc10bcda5ce?s=96&d=mm&r=g","caption":"admin"},"url":"https:\/\/www.agromundo.co\/blog\/author\/admin\/"}]}},"_links":{"self":[{"href":"https:\/\/www.agromundo.co\/blog\/wp-json\/wp\/v2\/posts\/6293"}],"collection":[{"href":"https:\/\/www.agromundo.co\/blog\/wp-json\/wp\/v2\/posts"}],"about":[{"href":"https:\/\/www.agromundo.co\/blog\/wp-json\/wp\/v2\/types\/post"}],"author":[{"embeddable":true,"href":"https:\/\/www.agromundo.co\/blog\/wp-json\/wp\/v2\/users\/1"}],"replies":[{"embeddable":true,"href":"https:\/\/www.agromundo.co\/blog\/wp-json\/wp\/v2\/comments?post=6293"}],"version-history":[{"count":1,"href":"https:\/\/www.agromundo.co\/blog\/wp-json\/wp\/v2\/posts\/6293\/revisions"}],"predecessor-version":[{"id":6295,"href":"https:\/\/www.agromundo.co\/blog\/wp-json\/wp\/v2\/posts\/6293\/revisions\/6295"}],"wp:featuredmedia":[{"embeddable":true,"href":"https:\/\/www.agromundo.co\/blog\/wp-json\/wp\/v2\/media\/6294"}],"wp:attachment":[{"href":"https:\/\/www.agromundo.co\/blog\/wp-json\/wp\/v2\/media?parent=6293"}],"wp:term":[{"taxonomy":"category","embeddable":true,"href":"https:\/\/www.agromundo.co\/blog\/wp-json\/wp\/v2\/categories?post=6293"},{"taxonomy":"post_tag","embeddable":true,"href":"https:\/\/www.agromundo.co\/blog\/wp-json\/wp\/v2\/tags?post=6293"}],"curies":[{"name":"wp","href":"https:\/\/api.w.org\/{rel}","templated":true}]}}