{"id":6296,"date":"2017-07-19T14:33:20","date_gmt":"2017-07-19T14:33:20","guid":{"rendered":"http:\/\/www.agromundo.co\/blog\/?p=6296"},"modified":"2017-07-19T14:33:20","modified_gmt":"2017-07-19T14:33:20","slug":"fiebre-aftosa-dos-nuevos-focos-colombia","status":"publish","type":"post","link":"https:\/\/www.agromundo.co\/blog\/fiebre-aftosa-dos-nuevos-focos-colombia\/","title":{"rendered":"Fiebre Aftosa. Dos nuevos focos en Colombia"},"content":{"rendered":"<div id=\"attachment_6297\" style=\"width: 283px\" class=\"wp-caption aligncenter\"><img aria-describedby=\"caption-attachment-6297\" loading=\"lazy\" class=\"wp-image-6297 size-full\" src=\"http:\/\/www.agromundo.co\/blog\/wp-content\/uploads\/2017\/07\/Fiebre-Aftosa-1.jpg\" alt=\"Fiebre Aftosa\" width=\"273\" height=\"205\" srcset=\"https:\/\/www.agromundo.co\/blog\/wp-content\/uploads\/2017\/07\/Fiebre-Aftosa-1.jpg 273w, https:\/\/www.agromundo.co\/blog\/wp-content\/uploads\/2017\/07\/Fiebre-Aftosa-1-100x75.jpg 100w\" sizes=\"(max-width: 273px) 100vw, 273px\" \/><p id=\"caption-attachment-6297\" class=\"wp-caption-text\">El ICA report\u00f3 2 nuevos focos de Fiebre Aftosa<\/p><\/div>\n<ul>\n<li><em>La ciudad de C\u00facuta es parte de la Zona de Protecci\u00f3n en la frontera venezolana<\/em><em>.<\/em><\/li>\n<\/ul>\n<ul>\n<li><em>El ICA inici\u00f3 el cerco sanitario para la erradicaci\u00f3n de estos 2 focos.<\/em><\/li>\n<\/ul>\n<p><strong>\u00a0<\/strong>El Instituto Colombiano Agropecuario (ICA), report\u00f3 dos nuevos focos de Fiebre Aftosa, uno en un corregimiento de C\u00facuta en la frontera con Venezuela y el otro en Tibacuy (departamento de Cundinamarca).<\/p>\n<p>En el caso detectado en C\u00facuta, los animales con sintomatolog\u00eda vesicular se detectaron en un puesto de control de la Polic\u00eda Fiscal y Aduanera (Polfa) \u00a0y del ICA. Las muestras tomadas dieron positivo para fiebre aftosa tipo \u201c0\u201d.<\/p>\n<p>Los animales eran procedentes de una\u00a0 finca localizada en el corregimiento San Faustino que est\u00e1 ubicado a 300 metros de la frontera con Venezuela.<\/p>\n<p>De acuerdo con el Coronel William Valero, comandante de la polic\u00eda Fiscal y Aduanera, el corregimiento de San Faustino es un corredor de contrabando y tanto animales como mercanc\u00edas son ingresados por trochas o en peque\u00f1as embarcaciones a trav\u00e9s del r\u00edo. Manifest\u00f3 adem\u00e1s el oficial que las fincas de esa zona, comparten tierra de Colombia y Venezuela simult\u00e1neamente, lo que facilita el tr\u00e1nsito de animales.<\/p>\n<p>De su parte, en el \u00a0caso de Tibacuy se identific\u00f3 \u00a0un nexo epidemiol\u00f3gico con el caso se Yacop\u00ed, siendo lo m\u00e1s probable que sea una trasmisi\u00f3n de tipo mec\u00e1nico.<\/p>\n<p>En ambos casos, el ICA despleg\u00f3 los protocolos sanitarios y cuarenten\u00f3 los 2 predios desde el momento de la sospecha.<\/p>\n<p>Luis Humberto Mart\u00ednez Lacouture, gerente general del ICA, indic\u00f3 que esa entidad, conjuntamente con otros organismos, contin\u00faa trabajando en el marco de la emergencia sanitaria y adelantando la investigaci\u00f3n epidemiol\u00f3gica, lo que ha permitido detectar estos nuevos focos e iniciar de forma inmediata las acciones para su erradicaci\u00f3n.<\/p>\n<p>El ICA solicita a los ganaderos continuar reportando los signos cl\u00ednicos sospechosos en sus animales, de tal manera que esa entidad pueda enviar a sus t\u00e9cnicos para \u00a0la revisi\u00f3n y recolecci\u00f3n de las muestras que son llevadas al laboratorio.<\/p>\n<p>Fuente: Adaptado de CONtexto Ganadero.<\/p>\n<p>Con el patrocinio de:<\/p>\n<div id=\"attachment_6174\" style=\"width: 130px\" class=\"wp-caption alignleft\"><a href=\"http:\/\/www.agromundo.co\/aqua-fan-sas.html\"><img aria-describedby=\"caption-attachment-6174\" loading=\"lazy\" class=\"wp-image-6174\" src=\"http:\/\/www.agromundo.co\/blog\/wp-content\/uploads\/2017\/06\/Ventilador-aspersor-de-agua-Aquafan.jpg\" alt=\"Ventilador aspersor de agua \" width=\"120\" height=\"120\" srcset=\"https:\/\/www.agromundo.co\/blog\/wp-content\/uploads\/2017\/06\/Ventilador-aspersor-de-agua-Aquafan.jpg 160w, https:\/\/www.agromundo.co\/blog\/wp-content\/uploads\/2017\/06\/Ventilador-aspersor-de-agua-Aquafan-150x150.jpg 150w\" sizes=\"(max-width: 120px) 100vw, 120px\" \/><\/a><p id=\"caption-attachment-6174\" class=\"wp-caption-text\">Ventilador aspersor de agua<\/p><\/div>\n<div id=\"attachment_5984\" style=\"width: 130px\" class=\"wp-caption alignright\"><a href=\"http:\/\/www.agromundo.co\/plastigoma-pisos-de-caucho.html\"><img aria-describedby=\"caption-attachment-5984\" loading=\"lazy\" class=\"wp-image-5984\" src=\"http:\/\/www.agromundo.co\/blog\/wp-content\/uploads\/2017\/03\/Pisos-de-caucho-para-ganado.jpg\" alt=\"Pisos de caucho vulcanizado para ganado\" width=\"120\" height=\"120\" srcset=\"https:\/\/www.agromundo.co\/blog\/wp-content\/uploads\/2017\/03\/Pisos-de-caucho-para-ganado.jpg 160w, https:\/\/www.agromundo.co\/blog\/wp-content\/uploads\/2017\/03\/Pisos-de-caucho-para-ganado-150x150.jpg 150w\" sizes=\"(max-width: 120px) 100vw, 120px\" \/><\/a><p id=\"caption-attachment-5984\" class=\"wp-caption-text\">Pisos de caucho vulcanizado para ganado<\/p><\/div>\n","protected":false},"excerpt":{"rendered":"<p>La ciudad de C\u00facuta es parte de la Zona de Protecci\u00f3n en la frontera venezolana. El ICA inici\u00f3 el cerco sanitario para la erradicaci\u00f3n de estos 2 focos. \u00a0El Instituto Colombiano Agropecuario (ICA), report\u00f3 dos nuevos focos de Fiebre Aftosa, uno en un corregimiento de C\u00facuta en la frontera con Venezuela y el otro en [&hellip;]<\/p>\n","protected":false},"author":1,"featured_media":6297,"comment_status":"open","ping_status":"open","sticky":false,"template":"","format":"standard","meta":[],"categories":[3,18,6],"tags":[1008,464,3283,1628,1816],"yoast_head":"<!-- This site is optimized with the Yoast SEO plugin v17.3 - https:\/\/yoast.com\/wordpress\/plugins\/seo\/ -->\n<meta name=\"description\" content=\"Fiebre Aftosa. El ICA informa que dos nuevos focos fueron detectados en los departamentos de Cundinamarca y Norte de Santander en Colombia.\" \/>\n<meta name=\"robots\" content=\"index, follow, max-snippet:-1, max-image-preview:large, max-video-preview:-1\" \/>\n<meta property=\"og:locale\" content=\"es_ES\" \/>\n<meta property=\"og:type\" content=\"article\" \/>\n<meta property=\"og:title\" content=\"Fiebre Aftosa. Dos nuevos focos en Colombia - Notiagro\" \/>\n<meta property=\"og:description\" content=\"Fiebre Aftosa. El ICA informa que dos nuevos focos fueron detectados en los departamentos de Cundinamarca y Norte de Santander en Colombia.\" \/>\n<meta property=\"og:site_name\" content=\"Notiagro\" \/>\n<meta property=\"article:published_time\" content=\"2017-07-19T14:33:20+00:00\" \/>\n<meta property=\"og:image\" content=\"https:\/\/www.agromundo.co\/blog\/wp-content\/uploads\/2017\/07\/Fiebre-Aftosa-1.jpg\" \/>\n\t<meta property=\"og:image:width\" content=\"273\" \/>\n\t<meta property=\"og:image:height\" content=\"205\" \/>\n<meta name=\"twitter:label1\" content=\"Escrito por\" \/>\n\t<meta name=\"twitter:data1\" content=\"admin\" \/>\n\t<meta name=\"twitter:label2\" content=\"Tiempo de lectura\" \/>\n\t<meta name=\"twitter:data2\" content=\"2 minutos\" \/>\n<script type=\"application\/ld+json\" class=\"yoast-schema-graph\">{\"@context\":\"https:\/\/schema.org\",\"@graph\":[{\"@type\":\"WebSite\",\"@id\":\"https:\/\/www.agromundo.co\/blog\/#website\",\"url\":\"https:\/\/www.agromundo.co\/blog\/\",\"name\":\"Notiagro\",\"description\":\"Noticias y eventos sector agropecuario colombiano\",\"potentialAction\":[{\"@type\":\"SearchAction\",\"target\":{\"@type\":\"EntryPoint\",\"urlTemplate\":\"https:\/\/www.agromundo.co\/blog\/?s={search_term_string}\"},\"query-input\":\"required name=search_term_string\"}],\"inLanguage\":\"es\"},{\"@type\":\"ImageObject\",\"@id\":\"#primaryimage\",\"inLanguage\":\"es\",\"url\":\"https:\/\/www.agromundo.co\/blog\/wp-content\/uploads\/2017\/07\/Fiebre-Aftosa-1.jpg\",\"contentUrl\":\"https:\/\/www.agromundo.co\/blog\/wp-content\/uploads\/2017\/07\/Fiebre-Aftosa-1.jpg\",\"width\":273,\"height\":205},{\"@type\":\"WebPage\",\"@id\":\"#webpage\",\"url\":null,\"name\":\"Fiebre Aftosa. Dos nuevos focos en Colombia - Notiagro\",\"isPartOf\":{\"@id\":\"https:\/\/www.agromundo.co\/blog\/#website\"},\"primaryImageOfPage\":{\"@id\":\"#primaryimage\"},\"datePublished\":\"2017-07-19T14:33:20+00:00\",\"dateModified\":\"2017-07-19T14:33:20+00:00\",\"author\":{\"@id\":\"https:\/\/www.agromundo.co\/blog\/#\/schema\/person\/3e07d858c3c7a93ebf4ad3785559d35d\"},\"description\":\"Fiebre Aftosa. El ICA informa que dos nuevos focos fueron detectados en los departamentos de Cundinamarca y Norte de Santander en Colombia.\",\"breadcrumb\":{\"@id\":\"#breadcrumb\"},\"inLanguage\":\"es\",\"potentialAction\":[{\"@type\":\"ReadAction\",\"target\":[null]}]},{\"@type\":\"BreadcrumbList\",\"@id\":\"#breadcrumb\",\"itemListElement\":[{\"@type\":\"ListItem\",\"position\":1,\"name\":\"Portada\",\"item\":\"https:\/\/www.agromundo.co\/blog\/\"},{\"@type\":\"ListItem\",\"position\":2,\"name\":\"Fiebre Aftosa. Dos nuevos focos en Colombia\"}]},{\"@type\":\"Person\",\"@id\":\"https:\/\/www.agromundo.co\/blog\/#\/schema\/person\/3e07d858c3c7a93ebf4ad3785559d35d\",\"name\":\"admin\",\"image\":{\"@type\":\"ImageObject\",\"@id\":\"https:\/\/www.agromundo.co\/blog\/#personlogo\",\"inLanguage\":\"es\",\"url\":\"https:\/\/secure.gravatar.com\/avatar\/f990c4c6d966ea7f7bec9cc10bcda5ce?s=96&d=mm&r=g\",\"contentUrl\":\"https:\/\/secure.gravatar.com\/avatar\/f990c4c6d966ea7f7bec9cc10bcda5ce?s=96&d=mm&r=g\",\"caption\":\"admin\"},\"url\":\"https:\/\/www.agromundo.co\/blog\/author\/admin\/\"}]}<\/script>\n<!-- \/ Yoast SEO plugin. -->","yoast_head_json":{"description":"Fiebre Aftosa. El ICA informa que dos nuevos focos fueron detectados en los departamentos de Cundinamarca y Norte de Santander en Colombia.","robots":{"index":"index","follow":"follow","max-snippet":"max-snippet:-1","max-image-preview":"max-image-preview:large","max-video-preview":"max-video-preview:-1"},"og_locale":"es_ES","og_type":"article","og_title":"Fiebre Aftosa. Dos nuevos focos en Colombia - Notiagro","og_description":"Fiebre Aftosa. El ICA informa que dos nuevos focos fueron detectados en los departamentos de Cundinamarca y Norte de Santander en Colombia.","og_site_name":"Notiagro","article_published_time":"2017-07-19T14:33:20+00:00","og_image":[{"width":273,"height":205,"url":"https:\/\/www.agromundo.co\/blog\/wp-content\/uploads\/2017\/07\/Fiebre-Aftosa-1.jpg","type":"image\/jpeg"}],"twitter_misc":{"Escrito por":"admin","Tiempo de lectura":"2 minutos"},"schema":{"@context":"https:\/\/schema.org","@graph":[{"@type":"WebSite","@id":"https:\/\/www.agromundo.co\/blog\/#website","url":"https:\/\/www.agromundo.co\/blog\/","name":"Notiagro","description":"Noticias y eventos sector agropecuario colombiano","potentialAction":[{"@type":"SearchAction","target":{"@type":"EntryPoint","urlTemplate":"https:\/\/www.agromundo.co\/blog\/?s={search_term_string}"},"query-input":"required name=search_term_string"}],"inLanguage":"es"},{"@type":"ImageObject","@id":"#primaryimage","inLanguage":"es","url":"https:\/\/www.agromundo.co\/blog\/wp-content\/uploads\/2017\/07\/Fiebre-Aftosa-1.jpg","contentUrl":"https:\/\/www.agromundo.co\/blog\/wp-content\/uploads\/2017\/07\/Fiebre-Aftosa-1.jpg","width":273,"height":205},{"@type":"WebPage","@id":"#webpage","url":null,"name":"Fiebre Aftosa. Dos nuevos focos en Colombia - Notiagro","isPartOf":{"@id":"https:\/\/www.agromundo.co\/blog\/#website"},"primaryImageOfPage":{"@id":"#primaryimage"},"datePublished":"2017-07-19T14:33:20+00:00","dateModified":"2017-07-19T14:33:20+00:00","author":{"@id":"https:\/\/www.agromundo.co\/blog\/#\/schema\/person\/3e07d858c3c7a93ebf4ad3785559d35d"},"description":"Fiebre Aftosa. El ICA informa que dos nuevos focos fueron detectados en los departamentos de Cundinamarca y Norte de Santander en Colombia.","breadcrumb":{"@id":"#breadcrumb"},"inLanguage":"es","potentialAction":[{"@type":"ReadAction","target":[null]}]},{"@type":"BreadcrumbList","@id":"#breadcrumb","itemListElement":[{"@type":"ListItem","position":1,"name":"Portada","item":"https:\/\/www.agromundo.co\/blog\/"},{"@type":"ListItem","position":2,"name":"Fiebre Aftosa. Dos nuevos focos en Colombia"}]},{"@type":"Person","@id":"https:\/\/www.agromundo.co\/blog\/#\/schema\/person\/3e07d858c3c7a93ebf4ad3785559d35d","name":"admin","image":{"@type":"ImageObject","@id":"https:\/\/www.agromundo.co\/blog\/#personlogo","inLanguage":"es","url":"https:\/\/secure.gravatar.com\/avatar\/f990c4c6d966ea7f7bec9cc10bcda5ce?s=96&d=mm&r=g","contentUrl":"https:\/\/secure.gravatar.com\/avatar\/f990c4c6d966ea7f7bec9cc10bcda5ce?s=96&d=mm&r=g","caption":"admin"},"url":"https:\/\/www.agromundo.co\/blog\/author\/admin\/"}]}},"_links":{"self":[{"href":"https:\/\/www.agromundo.co\/blog\/wp-json\/wp\/v2\/posts\/6296"}],"collection":[{"href":"https:\/\/www.agromundo.co\/blog\/wp-json\/wp\/v2\/posts"}],"about":[{"href":"https:\/\/www.agromundo.co\/blog\/wp-json\/wp\/v2\/types\/post"}],"author":[{"embeddable":true,"href":"https:\/\/www.agromundo.co\/blog\/wp-json\/wp\/v2\/users\/1"}],"replies":[{"embeddable":true,"href":"https:\/\/www.agromundo.co\/blog\/wp-json\/wp\/v2\/comments?post=6296"}],"version-history":[{"count":1,"href":"https:\/\/www.agromundo.co\/blog\/wp-json\/wp\/v2\/posts\/6296\/revisions"}],"predecessor-version":[{"id":6298,"href":"https:\/\/www.agromundo.co\/blog\/wp-json\/wp\/v2\/posts\/6296\/revisions\/6298"}],"wp:featuredmedia":[{"embeddable":true,"href":"https:\/\/www.agromundo.co\/blog\/wp-json\/wp\/v2\/media\/6297"}],"wp:attachment":[{"href":"https:\/\/www.agromundo.co\/blog\/wp-json\/wp\/v2\/media?parent=6296"}],"wp:term":[{"taxonomy":"category","embeddable":true,"href":"https:\/\/www.agromundo.co\/blog\/wp-json\/wp\/v2\/categories?post=6296"},{"taxonomy":"post_tag","embeddable":true,"href":"https:\/\/www.agromundo.co\/blog\/wp-json\/wp\/v2\/tags?post=6296"}],"curies":[{"name":"wp","href":"https:\/\/api.w.org\/{rel}","templated":true}]}}