{"id":6304,"date":"2017-07-24T14:36:44","date_gmt":"2017-07-24T14:36:44","guid":{"rendered":"http:\/\/www.agromundo.co\/blog\/?p=6304"},"modified":"2017-07-24T14:36:44","modified_gmt":"2017-07-24T14:36:44","slug":"fiebre-aftosa-nuevo-foco-norte-santander","status":"publish","type":"post","link":"https:\/\/www.agromundo.co\/blog\/fiebre-aftosa-nuevo-foco-norte-santander\/","title":{"rendered":"Fiebre Aftosa. Otro nuevo foco en Norte de Santander"},"content":{"rendered":"<p><img loading=\"lazy\" class=\"aligncenter size-full wp-image-6305\" src=\"http:\/\/www.agromundo.co\/blog\/wp-content\/uploads\/2017\/07\/Fiebre-Aftosa-2.jpg\" alt=\"Fiebre Aftosa\" width=\"323\" height=\"205\" srcset=\"https:\/\/www.agromundo.co\/blog\/wp-content\/uploads\/2017\/07\/Fiebre-Aftosa-2.jpg 323w, https:\/\/www.agromundo.co\/blog\/wp-content\/uploads\/2017\/07\/Fiebre-Aftosa-2-300x190.jpg 300w\" sizes=\"(max-width: 323px) 100vw, 323px\" \/><\/p>\n<ul>\n<li>Las autoridades sanitarias colombianas detectaron nuevos contagios de Fiebre Aftosa en Norte de Santander (noreste) y anunciaron que se redoblar\u00e1n las acciones para evitar que el virus se siga propagando por el contrabando de carne o ganado procedente del vecino pa\u00eds.<\/li>\n<\/ul>\n<p>Los casos fueron detectados en una finca del caser\u00edo San Faustino, cercano a la ciudad de C\u00facuta, la capital del departamento de Norte de Santander, en la misma zona donde dos d\u00edas atr\u00e1s se encontraron otras reses afectadas.<\/p>\n<p>Fuentes del Instituto Colombiano Agropecuario explicaron a la agencia Efe que \u00ablos nuevos animales enfermos\u00bb se encuentran en la zona definida para el estudio epidemiol\u00f3gico a ra\u00edz de los casos identificados en San Faustino, y que los bovinos hacen parte de un grupo de 113 que ser\u00e1n sacrificados.<\/p>\n<p>Previamente, William Villamizar, gobernador de Norte de Santander, declar\u00f3 a Caracol Radio que se trataba de un nuevo foco de Fiebre Aftosa y no del contagio de otros animales en la misma zona.<\/p>\n<p>Asegur\u00f3 el funcionario que les preocupa profundamente la situaci\u00f3n y manifest\u00f3 que\u00a0se han establecido una serie de medidas para contrarrestar el contrabando de ganado.<\/p>\n<p>Detall\u00f3 Villamizar que\u00a0entre tales disposiciones se contemplan, el embargo de predios donde sea encontrado ganado de contrabando, la prohibici\u00f3n de transporte nocturno de animales y controles en supermercados y comercios, que incluir\u00e1n revisiones de la contabilidad para determinar si comercializan carne de contrabando.<strong>\u00a0<\/strong><\/p>\n<p>Adem\u00e1s se realizar\u00e1n campa\u00f1as para que la poblaci\u00f3n no adquiera carne de contrabando y la polic\u00eda, el ej\u00e9rcito y otras autoridades intensificar\u00e1n los controles de los pasos fronterizos.<\/p>\n<p>Asegur\u00f3 el gobernador que\u00a0ya se han sacrificadas 32 reses\u00a0y estim\u00f3 que otras 90 ser\u00e1n sometidas al mismo procedimiento.<\/p>\n<p>El pasado 24 de junio, el Gobierno Nacional inform\u00f3 que detect\u00f3 un foco de Fiebre Aftosa en una hacienda del departamento de Arauca, fronterizo con Venezuela,\u00a0brote que se esparci\u00f3 a otras 13 zonas del pa\u00eds, obligando a sacrificar cientos de animales, con la esperanza de recuperar el estatus de pa\u00eds \u00ablibre de Aftosa con vacunaci\u00f3n\u201d.<strong>\u00a0<\/strong><\/p>\n<p>El Centro Panamericano de la Fiebre Aftosa, que depende de la\u00a0Organizaci\u00f3n Panamericana de la Salud, confirm\u00f3 que el virus que se detect\u00f3 en Colombia, es de origen venezolano.<\/p>\n<p>&nbsp;<\/p>\n<p>Fuente: Adaptado de Diario El Espectador.<\/p>\n<p>Con el patrocinio de:<\/p>\n<div id=\"attachment_6063\" style=\"width: 146px\" class=\"wp-caption alignleft\"><a href=\"http:\/\/www.agromundo.co\/plastigoma-pisos-de-caucho.html\"><img aria-describedby=\"caption-attachment-6063\" loading=\"lazy\" class=\"wp-image-6063 size-full\" src=\"http:\/\/www.agromundo.co\/blog\/wp-content\/uploads\/2017\/04\/Pisos-en-caucho-para-pesebreras-establos-y-transporte.jpg\" alt=\"Pisos en caucho para pesebreras, establos y transporte\" width=\"136\" height=\"120\" \/><\/a><p id=\"caption-attachment-6063\" class=\"wp-caption-text\">Pisos en caucho para pesebreras, establos y transporte<\/p><\/div>\n<div id=\"attachment_5910\" style=\"width: 130px\" class=\"wp-caption alignright\"><a href=\"http:\/\/www.agromundo.co\/aqua-fan-sas.html\"><img aria-describedby=\"caption-attachment-5910\" loading=\"lazy\" class=\"wp-image-5910\" src=\"http:\/\/www.agromundo.co\/blog\/wp-content\/uploads\/2017\/03\/Ventilador-con-agua.jpg\" alt=\"Ventilador con agua\" width=\"120\" height=\"120\" srcset=\"https:\/\/www.agromundo.co\/blog\/wp-content\/uploads\/2017\/03\/Ventilador-con-agua.jpg 160w, https:\/\/www.agromundo.co\/blog\/wp-content\/uploads\/2017\/03\/Ventilador-con-agua-150x150.jpg 150w\" sizes=\"(max-width: 120px) 100vw, 120px\" \/><\/a><p id=\"caption-attachment-5910\" class=\"wp-caption-text\">Ventiladores con aspersor agua<\/p><\/div>\n","protected":false},"excerpt":{"rendered":"<p>Las autoridades sanitarias colombianas detectaron nuevos contagios de Fiebre Aftosa en Norte de Santander (noreste) y anunciaron que se redoblar\u00e1n las acciones para evitar que el virus se siga propagando por el contrabando de carne o ganado procedente del vecino pa\u00eds. Los casos fueron detectados en una finca del caser\u00edo San Faustino, cercano a la [&hellip;]<\/p>\n","protected":false},"author":1,"featured_media":6305,"comment_status":"open","ping_status":"open","sticky":false,"template":"","format":"standard","meta":[],"categories":[3,18,6],"tags":[1008,464,1628,564],"yoast_head":"<!-- This site is optimized with the Yoast SEO plugin v17.3 - https:\/\/yoast.com\/wordpress\/plugins\/seo\/ -->\n<meta name=\"description\" content=\"Fiebre Aftosa. Autoridades sanitarias colombianas detectaron otro nuevo foco de la enfermedad en el departamento de Norte de Santander.\" \/>\n<meta name=\"robots\" content=\"index, follow, max-snippet:-1, max-image-preview:large, max-video-preview:-1\" \/>\n<meta property=\"og:locale\" content=\"es_ES\" \/>\n<meta property=\"og:type\" content=\"article\" \/>\n<meta property=\"og:title\" content=\"Fiebre Aftosa. Otro nuevo foco en Norte de Santander - Notiagro\" \/>\n<meta property=\"og:description\" content=\"Fiebre Aftosa. Autoridades sanitarias colombianas detectaron otro nuevo foco de la enfermedad en el departamento de Norte de Santander.\" \/>\n<meta property=\"og:site_name\" content=\"Notiagro\" \/>\n<meta property=\"article:published_time\" content=\"2017-07-24T14:36:44+00:00\" \/>\n<meta property=\"og:image\" content=\"http:\/\/www.agromundo.co\/blog\/wp-content\/uploads\/2017\/07\/Fiebre-Aftosa-2.jpg\" \/>\n\t<meta property=\"og:image:width\" content=\"323\" \/>\n\t<meta property=\"og:image:height\" content=\"205\" \/>\n<meta name=\"twitter:label1\" content=\"Escrito por\" \/>\n\t<meta name=\"twitter:data1\" content=\"admin\" \/>\n\t<meta name=\"twitter:label2\" content=\"Tiempo de lectura\" \/>\n\t<meta name=\"twitter:data2\" content=\"2 minutos\" \/>\n<script type=\"application\/ld+json\" class=\"yoast-schema-graph\">{\"@context\":\"https:\/\/schema.org\",\"@graph\":[{\"@type\":\"WebSite\",\"@id\":\"https:\/\/www.agromundo.co\/blog\/#website\",\"url\":\"https:\/\/www.agromundo.co\/blog\/\",\"name\":\"Notiagro\",\"description\":\"Noticias y eventos sector agropecuario colombiano\",\"potentialAction\":[{\"@type\":\"SearchAction\",\"target\":{\"@type\":\"EntryPoint\",\"urlTemplate\":\"https:\/\/www.agromundo.co\/blog\/?s={search_term_string}\"},\"query-input\":\"required name=search_term_string\"}],\"inLanguage\":\"es\"},{\"@type\":\"ImageObject\",\"@id\":\"#primaryimage\",\"inLanguage\":\"es\",\"url\":\"https:\/\/www.agromundo.co\/blog\/wp-content\/uploads\/2017\/07\/Fiebre-Aftosa-2.jpg\",\"contentUrl\":\"https:\/\/www.agromundo.co\/blog\/wp-content\/uploads\/2017\/07\/Fiebre-Aftosa-2.jpg\",\"width\":323,\"height\":205},{\"@type\":\"WebPage\",\"@id\":\"#webpage\",\"url\":null,\"name\":\"Fiebre Aftosa. Otro nuevo foco en Norte de Santander - Notiagro\",\"isPartOf\":{\"@id\":\"https:\/\/www.agromundo.co\/blog\/#website\"},\"primaryImageOfPage\":{\"@id\":\"#primaryimage\"},\"datePublished\":\"2017-07-24T14:36:44+00:00\",\"dateModified\":\"2017-07-24T14:36:44+00:00\",\"author\":{\"@id\":\"https:\/\/www.agromundo.co\/blog\/#\/schema\/person\/3e07d858c3c7a93ebf4ad3785559d35d\"},\"description\":\"Fiebre Aftosa. Autoridades sanitarias colombianas detectaron otro nuevo foco de la enfermedad en el departamento de Norte de Santander.\",\"breadcrumb\":{\"@id\":\"#breadcrumb\"},\"inLanguage\":\"es\",\"potentialAction\":[{\"@type\":\"ReadAction\",\"target\":[null]}]},{\"@type\":\"BreadcrumbList\",\"@id\":\"#breadcrumb\",\"itemListElement\":[{\"@type\":\"ListItem\",\"position\":1,\"name\":\"Portada\",\"item\":\"https:\/\/www.agromundo.co\/blog\/\"},{\"@type\":\"ListItem\",\"position\":2,\"name\":\"Fiebre Aftosa. Otro nuevo foco en Norte de Santander\"}]},{\"@type\":\"Person\",\"@id\":\"https:\/\/www.agromundo.co\/blog\/#\/schema\/person\/3e07d858c3c7a93ebf4ad3785559d35d\",\"name\":\"admin\",\"image\":{\"@type\":\"ImageObject\",\"@id\":\"https:\/\/www.agromundo.co\/blog\/#personlogo\",\"inLanguage\":\"es\",\"url\":\"https:\/\/secure.gravatar.com\/avatar\/f990c4c6d966ea7f7bec9cc10bcda5ce?s=96&d=mm&r=g\",\"contentUrl\":\"https:\/\/secure.gravatar.com\/avatar\/f990c4c6d966ea7f7bec9cc10bcda5ce?s=96&d=mm&r=g\",\"caption\":\"admin\"},\"url\":\"https:\/\/www.agromundo.co\/blog\/author\/admin\/\"}]}<\/script>\n<!-- \/ Yoast SEO plugin. -->","yoast_head_json":{"description":"Fiebre Aftosa. Autoridades sanitarias colombianas detectaron otro nuevo foco de la enfermedad en el departamento de Norte de Santander.","robots":{"index":"index","follow":"follow","max-snippet":"max-snippet:-1","max-image-preview":"max-image-preview:large","max-video-preview":"max-video-preview:-1"},"og_locale":"es_ES","og_type":"article","og_title":"Fiebre Aftosa. Otro nuevo foco en Norte de Santander - Notiagro","og_description":"Fiebre Aftosa. Autoridades sanitarias colombianas detectaron otro nuevo foco de la enfermedad en el departamento de Norte de Santander.","og_site_name":"Notiagro","article_published_time":"2017-07-24T14:36:44+00:00","og_image":[{"width":323,"height":205,"url":"http:\/\/www.agromundo.co\/blog\/wp-content\/uploads\/2017\/07\/Fiebre-Aftosa-2.jpg","type":"image\/jpeg"}],"twitter_misc":{"Escrito por":"admin","Tiempo de lectura":"2 minutos"},"schema":{"@context":"https:\/\/schema.org","@graph":[{"@type":"WebSite","@id":"https:\/\/www.agromundo.co\/blog\/#website","url":"https:\/\/www.agromundo.co\/blog\/","name":"Notiagro","description":"Noticias y eventos sector agropecuario colombiano","potentialAction":[{"@type":"SearchAction","target":{"@type":"EntryPoint","urlTemplate":"https:\/\/www.agromundo.co\/blog\/?s={search_term_string}"},"query-input":"required name=search_term_string"}],"inLanguage":"es"},{"@type":"ImageObject","@id":"#primaryimage","inLanguage":"es","url":"https:\/\/www.agromundo.co\/blog\/wp-content\/uploads\/2017\/07\/Fiebre-Aftosa-2.jpg","contentUrl":"https:\/\/www.agromundo.co\/blog\/wp-content\/uploads\/2017\/07\/Fiebre-Aftosa-2.jpg","width":323,"height":205},{"@type":"WebPage","@id":"#webpage","url":null,"name":"Fiebre Aftosa. Otro nuevo foco en Norte de Santander - Notiagro","isPartOf":{"@id":"https:\/\/www.agromundo.co\/blog\/#website"},"primaryImageOfPage":{"@id":"#primaryimage"},"datePublished":"2017-07-24T14:36:44+00:00","dateModified":"2017-07-24T14:36:44+00:00","author":{"@id":"https:\/\/www.agromundo.co\/blog\/#\/schema\/person\/3e07d858c3c7a93ebf4ad3785559d35d"},"description":"Fiebre Aftosa. Autoridades sanitarias colombianas detectaron otro nuevo foco de la enfermedad en el departamento de Norte de Santander.","breadcrumb":{"@id":"#breadcrumb"},"inLanguage":"es","potentialAction":[{"@type":"ReadAction","target":[null]}]},{"@type":"BreadcrumbList","@id":"#breadcrumb","itemListElement":[{"@type":"ListItem","position":1,"name":"Portada","item":"https:\/\/www.agromundo.co\/blog\/"},{"@type":"ListItem","position":2,"name":"Fiebre Aftosa. Otro nuevo foco en Norte de Santander"}]},{"@type":"Person","@id":"https:\/\/www.agromundo.co\/blog\/#\/schema\/person\/3e07d858c3c7a93ebf4ad3785559d35d","name":"admin","image":{"@type":"ImageObject","@id":"https:\/\/www.agromundo.co\/blog\/#personlogo","inLanguage":"es","url":"https:\/\/secure.gravatar.com\/avatar\/f990c4c6d966ea7f7bec9cc10bcda5ce?s=96&d=mm&r=g","contentUrl":"https:\/\/secure.gravatar.com\/avatar\/f990c4c6d966ea7f7bec9cc10bcda5ce?s=96&d=mm&r=g","caption":"admin"},"url":"https:\/\/www.agromundo.co\/blog\/author\/admin\/"}]}},"_links":{"self":[{"href":"https:\/\/www.agromundo.co\/blog\/wp-json\/wp\/v2\/posts\/6304"}],"collection":[{"href":"https:\/\/www.agromundo.co\/blog\/wp-json\/wp\/v2\/posts"}],"about":[{"href":"https:\/\/www.agromundo.co\/blog\/wp-json\/wp\/v2\/types\/post"}],"author":[{"embeddable":true,"href":"https:\/\/www.agromundo.co\/blog\/wp-json\/wp\/v2\/users\/1"}],"replies":[{"embeddable":true,"href":"https:\/\/www.agromundo.co\/blog\/wp-json\/wp\/v2\/comments?post=6304"}],"version-history":[{"count":1,"href":"https:\/\/www.agromundo.co\/blog\/wp-json\/wp\/v2\/posts\/6304\/revisions"}],"predecessor-version":[{"id":6306,"href":"https:\/\/www.agromundo.co\/blog\/wp-json\/wp\/v2\/posts\/6304\/revisions\/6306"}],"wp:featuredmedia":[{"embeddable":true,"href":"https:\/\/www.agromundo.co\/blog\/wp-json\/wp\/v2\/media\/6305"}],"wp:attachment":[{"href":"https:\/\/www.agromundo.co\/blog\/wp-json\/wp\/v2\/media?parent=6304"}],"wp:term":[{"taxonomy":"category","embeddable":true,"href":"https:\/\/www.agromundo.co\/blog\/wp-json\/wp\/v2\/categories?post=6304"},{"taxonomy":"post_tag","embeddable":true,"href":"https:\/\/www.agromundo.co\/blog\/wp-json\/wp\/v2\/tags?post=6304"}],"curies":[{"name":"wp","href":"https:\/\/api.w.org\/{rel}","templated":true}]}}