{"id":653,"date":"2013-01-20T17:54:06","date_gmt":"2013-01-20T17:54:06","guid":{"rendered":"http:\/\/www.agromundo.co\/blog\/?p=653"},"modified":"2013-01-20T17:54:06","modified_gmt":"2013-01-20T17:54:06","slug":"xxxiii-exposicion-equina-caballanos-villavicencio-meta","status":"publish","type":"post","link":"https:\/\/www.agromundo.co\/blog\/xxxiii-exposicion-equina-caballanos-villavicencio-meta\/","title":{"rendered":"XXXIII Exposici\u00f3n equina  CABALLANOS, Villavicencio (Meta)."},"content":{"rendered":"<p><a href=\"http:\/\/www.agromundo.co\/blog\/wp-content\/uploads\/2013\/01\/Feria-caballanos.-Villavicencio.jpg\"><img loading=\"lazy\" class=\"aligncenter size-full wp-image-654\" title=\"Feria caballanos. Villavicencio\" src=\"http:\/\/www.agromundo.co\/blog\/wp-content\/uploads\/2013\/01\/Feria-caballanos.-Villavicencio.jpg\" alt=\"\" width=\"180\" height=\"127\" \/><\/a><\/p>\n<p>La gobernaci\u00f3n del departamento del Meta, CORPOMETA, FEDEQUINAS y CABALLANOS, est\u00e1n cursando invitaci\u00f3n a la XXXIII feria exposici\u00f3n equina grado \u201cA\u201d de CABALLANOS y II v\u00e1lida nacional de chalaner\u00eda Malocas, que se llevar\u00e1 a cabo entre el 24 y el 27 de enero de 2013 en la ciudad de Villavicencio (Meta).<\/p>\n<p>La programaci\u00f3n del evento es la siguiente:<\/p>\n<ul>\n<li>Jueves 24 de enero:<\/li>\n<\/ul>\n<p>08:00 A.M. Inscripci\u00f3n de equinos.<\/p>\n<p>01:00 P.M. Gran cabalgata de apertura.<\/p>\n<ul>\n<li>Viernes 25 de enero:<\/li>\n<\/ul>\n<p>08:00 A.M. Inscripciones equinos chalaner\u00eda infantil.<\/p>\n<p>01:00 P.M. II V\u00e1lida de chalaner\u00eda infantil. Juzgamiento.<\/p>\n<p>05:00 P.M. Juzgamiento de:<\/p>\n<p>&#8211;\u00a0\u00a0\u00a0\u00a0\u00a0\u00a0\u00a0\u00a0\u00a0 Asnales y mulares.<\/p>\n<p>&#8211;\u00a0\u00a0\u00a0\u00a0\u00a0\u00a0\u00a0\u00a0\u00a0 Trote y galope.<\/p>\n<p>&#8211;\u00a0\u00a0\u00a0\u00a0\u00a0\u00a0\u00a0\u00a0\u00a0 Trocha y galope.<\/p>\n<ul>\n<li>S\u00e1bado 26 de enero:<\/li>\n<\/ul>\n<p>08:00 A.M. Inscripciones equinos chalaner\u00eda infantil.<\/p>\n<p>01:00 P.M. II V\u00e1lida de chalaner\u00eda infantil. Juzgamiento.<\/p>\n<p>05:00 P.M. Juzgamiento de trocha colombiana.<\/p>\n<ul>\n<li>Domingo 27 de enero:<\/li>\n<\/ul>\n<p>08:00 A.M. Inscripciones equinos.<\/p>\n<p>02:00 P.M. Juzgamiento de:<\/p>\n<p>&#8211;\u00a0\u00a0\u00a0\u00a0\u00a0\u00a0\u00a0\u00a0\u00a0 Paso fino colombiano.<\/p>\n<p>&#8211;\u00a0\u00a0\u00a0\u00a0\u00a0\u00a0\u00a0\u00a0\u00a0 Gran parada de campeones.<\/p>\n<p>Valor inscripci\u00f3n: $100.000.<\/p>\n<p>Socios CABALLANOS: $80.000.<\/p>\n<p>Informes: CABALLANOS Oficina: Antigua granja Campo Alegre Camino Ganadero, barrio Kirpas, Villavicencio (Meta).<\/p>\n<p>Cel: 310 814 3893.<\/p>\n<p>e-mail: <a href=\"mailto:kaballanos@hotmail.com\">kaballanos@hotmail.com<\/a><\/p>\n","protected":false},"excerpt":{"rendered":"<p>La gobernaci\u00f3n del departamento del Meta, CORPOMETA, FEDEQUINAS y CABALLANOS, est\u00e1n cursando invitaci\u00f3n a la XXXIII feria exposici\u00f3n equina grado \u201cA\u201d de CABALLANOS y II v\u00e1lida nacional de chalaner\u00eda Malocas, que se llevar\u00e1 a cabo entre el 24 y el 27 de enero de 2013 en la ciudad de Villavicencio (Meta). La programaci\u00f3n del evento [&hellip;]<\/p>\n","protected":false},"author":1,"featured_media":654,"comment_status":"open","ping_status":"open","sticky":false,"template":"","format":"standard","meta":[],"categories":[22,3,6],"tags":[317,163,329,185,316,242,327,328],"yoast_head":"<!-- This site is optimized with the Yoast SEO plugin v17.3 - https:\/\/yoast.com\/wordpress\/plugins\/seo\/ -->\n<meta name=\"robots\" content=\"index, follow, max-snippet:-1, max-image-preview:large, max-video-preview:-1\" \/>\n<meta property=\"og:locale\" content=\"es_ES\" \/>\n<meta property=\"og:type\" content=\"article\" \/>\n<meta property=\"og:title\" content=\"XXXIII Exposici\u00f3n equina CABALLANOS, Villavicencio (Meta). - Notiagro\" \/>\n<meta property=\"og:description\" content=\"La gobernaci\u00f3n del departamento del Meta, CORPOMETA, FEDEQUINAS y CABALLANOS, est\u00e1n cursando invitaci\u00f3n a la XXXIII feria exposici\u00f3n equina grado \u201cA\u201d de CABALLANOS y II v\u00e1lida nacional de chalaner\u00eda Malocas, que se llevar\u00e1 a cabo entre el 24 y el 27 de enero de 2013 en la ciudad de Villavicencio (Meta). La programaci\u00f3n del evento [&hellip;]\" \/>\n<meta property=\"og:site_name\" content=\"Notiagro\" \/>\n<meta property=\"article:published_time\" content=\"2013-01-20T17:54:06+00:00\" \/>\n<meta property=\"og:image\" content=\"http:\/\/www.agromundo.co\/blog\/wp-content\/uploads\/2013\/01\/Feria-caballanos.-Villavicencio.jpg\" \/>\n\t<meta property=\"og:image:width\" content=\"180\" \/>\n\t<meta property=\"og:image:height\" content=\"127\" \/>\n<meta name=\"twitter:label1\" content=\"Escrito por\" \/>\n\t<meta name=\"twitter:data1\" content=\"admin\" \/>\n\t<meta name=\"twitter:label2\" content=\"Tiempo de lectura\" \/>\n\t<meta name=\"twitter:data2\" content=\"1 minuto\" \/>\n<script type=\"application\/ld+json\" class=\"yoast-schema-graph\">{\"@context\":\"https:\/\/schema.org\",\"@graph\":[{\"@type\":\"WebSite\",\"@id\":\"https:\/\/www.agromundo.co\/blog\/#website\",\"url\":\"https:\/\/www.agromundo.co\/blog\/\",\"name\":\"Notiagro\",\"description\":\"Noticias y eventos sector agropecuario colombiano\",\"potentialAction\":[{\"@type\":\"SearchAction\",\"target\":{\"@type\":\"EntryPoint\",\"urlTemplate\":\"https:\/\/www.agromundo.co\/blog\/?s={search_term_string}\"},\"query-input\":\"required name=search_term_string\"}],\"inLanguage\":\"es\"},{\"@type\":\"ImageObject\",\"@id\":\"#primaryimage\",\"inLanguage\":\"es\",\"url\":\"https:\/\/www.agromundo.co\/blog\/wp-content\/uploads\/2013\/01\/Feria-caballanos.-Villavicencio.jpg\",\"contentUrl\":\"https:\/\/www.agromundo.co\/blog\/wp-content\/uploads\/2013\/01\/Feria-caballanos.-Villavicencio.jpg\",\"width\":\"180\",\"height\":\"127\"},{\"@type\":\"WebPage\",\"@id\":\"#webpage\",\"url\":null,\"name\":\"XXXIII Exposici\\u00f3n equina CABALLANOS, Villavicencio (Meta). - Notiagro\",\"isPartOf\":{\"@id\":\"https:\/\/www.agromundo.co\/blog\/#website\"},\"primaryImageOfPage\":{\"@id\":\"#primaryimage\"},\"datePublished\":\"2013-01-20T17:54:06+00:00\",\"dateModified\":\"2013-01-20T17:54:06+00:00\",\"author\":{\"@id\":\"https:\/\/www.agromundo.co\/blog\/#\/schema\/person\/3e07d858c3c7a93ebf4ad3785559d35d\"},\"breadcrumb\":{\"@id\":\"#breadcrumb\"},\"inLanguage\":\"es\",\"potentialAction\":[{\"@type\":\"ReadAction\",\"target\":[null]}]},{\"@type\":\"BreadcrumbList\",\"@id\":\"#breadcrumb\",\"itemListElement\":[{\"@type\":\"ListItem\",\"position\":1,\"name\":\"Portada\",\"item\":\"https:\/\/www.agromundo.co\/blog\/\"},{\"@type\":\"ListItem\",\"position\":2,\"name\":\"XXXIII Exposici\\u00f3n equina CABALLANOS, Villavicencio (Meta).\"}]},{\"@type\":\"Person\",\"@id\":\"https:\/\/www.agromundo.co\/blog\/#\/schema\/person\/3e07d858c3c7a93ebf4ad3785559d35d\",\"name\":\"admin\",\"image\":{\"@type\":\"ImageObject\",\"@id\":\"https:\/\/www.agromundo.co\/blog\/#personlogo\",\"inLanguage\":\"es\",\"url\":\"https:\/\/secure.gravatar.com\/avatar\/f990c4c6d966ea7f7bec9cc10bcda5ce?s=96&d=mm&r=g\",\"contentUrl\":\"https:\/\/secure.gravatar.com\/avatar\/f990c4c6d966ea7f7bec9cc10bcda5ce?s=96&d=mm&r=g\",\"caption\":\"admin\"},\"url\":\"https:\/\/www.agromundo.co\/blog\/author\/admin\/\"}]}<\/script>\n<!-- \/ Yoast SEO plugin. -->","yoast_head_json":{"robots":{"index":"index","follow":"follow","max-snippet":"max-snippet:-1","max-image-preview":"max-image-preview:large","max-video-preview":"max-video-preview:-1"},"og_locale":"es_ES","og_type":"article","og_title":"XXXIII Exposici\u00f3n equina CABALLANOS, Villavicencio (Meta). - Notiagro","og_description":"La gobernaci\u00f3n del departamento del Meta, CORPOMETA, FEDEQUINAS y CABALLANOS, est\u00e1n cursando invitaci\u00f3n a la XXXIII feria exposici\u00f3n equina grado \u201cA\u201d de CABALLANOS y II v\u00e1lida nacional de chalaner\u00eda Malocas, que se llevar\u00e1 a cabo entre el 24 y el 27 de enero de 2013 en la ciudad de Villavicencio (Meta). La programaci\u00f3n del evento [&hellip;]","og_site_name":"Notiagro","article_published_time":"2013-01-20T17:54:06+00:00","og_image":[{"width":"180","height":"127","url":"http:\/\/www.agromundo.co\/blog\/wp-content\/uploads\/2013\/01\/Feria-caballanos.-Villavicencio.jpg","type":"image\/jpeg"}],"twitter_misc":{"Escrito por":"admin","Tiempo de lectura":"1 minuto"},"schema":{"@context":"https:\/\/schema.org","@graph":[{"@type":"WebSite","@id":"https:\/\/www.agromundo.co\/blog\/#website","url":"https:\/\/www.agromundo.co\/blog\/","name":"Notiagro","description":"Noticias y eventos sector agropecuario colombiano","potentialAction":[{"@type":"SearchAction","target":{"@type":"EntryPoint","urlTemplate":"https:\/\/www.agromundo.co\/blog\/?s={search_term_string}"},"query-input":"required name=search_term_string"}],"inLanguage":"es"},{"@type":"ImageObject","@id":"#primaryimage","inLanguage":"es","url":"https:\/\/www.agromundo.co\/blog\/wp-content\/uploads\/2013\/01\/Feria-caballanos.-Villavicencio.jpg","contentUrl":"https:\/\/www.agromundo.co\/blog\/wp-content\/uploads\/2013\/01\/Feria-caballanos.-Villavicencio.jpg","width":"180","height":"127"},{"@type":"WebPage","@id":"#webpage","url":null,"name":"XXXIII Exposici\u00f3n equina CABALLANOS, Villavicencio (Meta). - Notiagro","isPartOf":{"@id":"https:\/\/www.agromundo.co\/blog\/#website"},"primaryImageOfPage":{"@id":"#primaryimage"},"datePublished":"2013-01-20T17:54:06+00:00","dateModified":"2013-01-20T17:54:06+00:00","author":{"@id":"https:\/\/www.agromundo.co\/blog\/#\/schema\/person\/3e07d858c3c7a93ebf4ad3785559d35d"},"breadcrumb":{"@id":"#breadcrumb"},"inLanguage":"es","potentialAction":[{"@type":"ReadAction","target":[null]}]},{"@type":"BreadcrumbList","@id":"#breadcrumb","itemListElement":[{"@type":"ListItem","position":1,"name":"Portada","item":"https:\/\/www.agromundo.co\/blog\/"},{"@type":"ListItem","position":2,"name":"XXXIII Exposici\u00f3n equina CABALLANOS, Villavicencio (Meta)."}]},{"@type":"Person","@id":"https:\/\/www.agromundo.co\/blog\/#\/schema\/person\/3e07d858c3c7a93ebf4ad3785559d35d","name":"admin","image":{"@type":"ImageObject","@id":"https:\/\/www.agromundo.co\/blog\/#personlogo","inLanguage":"es","url":"https:\/\/secure.gravatar.com\/avatar\/f990c4c6d966ea7f7bec9cc10bcda5ce?s=96&d=mm&r=g","contentUrl":"https:\/\/secure.gravatar.com\/avatar\/f990c4c6d966ea7f7bec9cc10bcda5ce?s=96&d=mm&r=g","caption":"admin"},"url":"https:\/\/www.agromundo.co\/blog\/author\/admin\/"}]}},"_links":{"self":[{"href":"https:\/\/www.agromundo.co\/blog\/wp-json\/wp\/v2\/posts\/653"}],"collection":[{"href":"https:\/\/www.agromundo.co\/blog\/wp-json\/wp\/v2\/posts"}],"about":[{"href":"https:\/\/www.agromundo.co\/blog\/wp-json\/wp\/v2\/types\/post"}],"author":[{"embeddable":true,"href":"https:\/\/www.agromundo.co\/blog\/wp-json\/wp\/v2\/users\/1"}],"replies":[{"embeddable":true,"href":"https:\/\/www.agromundo.co\/blog\/wp-json\/wp\/v2\/comments?post=653"}],"version-history":[{"count":1,"href":"https:\/\/www.agromundo.co\/blog\/wp-json\/wp\/v2\/posts\/653\/revisions"}],"predecessor-version":[{"id":655,"href":"https:\/\/www.agromundo.co\/blog\/wp-json\/wp\/v2\/posts\/653\/revisions\/655"}],"wp:featuredmedia":[{"embeddable":true,"href":"https:\/\/www.agromundo.co\/blog\/wp-json\/wp\/v2\/media\/654"}],"wp:attachment":[{"href":"https:\/\/www.agromundo.co\/blog\/wp-json\/wp\/v2\/media?parent=653"}],"wp:term":[{"taxonomy":"category","embeddable":true,"href":"https:\/\/www.agromundo.co\/blog\/wp-json\/wp\/v2\/categories?post=653"},{"taxonomy":"post_tag","embeddable":true,"href":"https:\/\/www.agromundo.co\/blog\/wp-json\/wp\/v2\/tags?post=653"}],"curies":[{"name":"wp","href":"https:\/\/api.w.org\/{rel}","templated":true}]}}