{"id":6534,"date":"2017-10-19T15:13:06","date_gmt":"2017-10-19T15:13:06","guid":{"rendered":"http:\/\/www.agromundo.co\/blog\/?p=6534"},"modified":"2017-10-19T15:13:06","modified_gmt":"2017-10-19T15:13:06","slug":"rabia-silvestre-dos-nuevos-casos-caqueta","status":"publish","type":"post","link":"https:\/\/www.agromundo.co\/blog\/rabia-silvestre-dos-nuevos-casos-caqueta\/","title":{"rendered":"Rabia Silvestre. Dos nuevos casos en Caquet\u00e1"},"content":{"rendered":"<p><img loading=\"lazy\" class=\"aligncenter size-full wp-image-6536\" src=\"http:\/\/www.agromundo.co\/blog\/wp-content\/uploads\/2017\/10\/Rabia-Silvestre.jpg\" alt=\"Rabia Silvestre\" width=\"280\" height=\"210\" srcset=\"https:\/\/www.agromundo.co\/blog\/wp-content\/uploads\/2017\/10\/Rabia-Silvestre.jpg 280w, https:\/\/www.agromundo.co\/blog\/wp-content\/uploads\/2017\/10\/Rabia-Silvestre-100x75.jpg 100w\" sizes=\"(max-width: 280px) 100vw, 280px\" \/><\/p>\n<p>Foto de Archivo ICA. Bovinos.<\/p>\n<ul>\n<li><em>La forma de hacer frente a la enfermedad es mediante la vacunaci\u00f3n de todos los animales. <\/em><\/li>\n<\/ul>\n<ul>\n<li><em>La vacunaci\u00f3n contra <a href=\"https:\/\/www.ica.gov.co\/getdoc\/c4c86212-5967-4588-a733-9e7aa53ac2ab\/Rabia-Silvestre-(1).aspx\">Rabia Silvestr<\/a>e es responsabilidad de los m\u00e9dicos veterinarios y productores ganaderos y, quienes la deben aplicar en durante los periodos establecidos anualmente.<\/em><\/li>\n<li><em>La Rabia Silvestre afecta a los animales dom\u00e9sticos como equinos, bovinos, caprinos, ovinos, caninos, porcinos y felinos.<\/em><\/li>\n<\/ul>\n<p>El Instituto Colombiano Agropecuario (ICA), como la entidad responsable de la sanidad agropecuaria colombiana, atendi\u00f3 dos nuevos casos de Rabia Silvestre en el departamento de Caquet\u00e1.<br \/>\nLos casos se presentaron en un macho de 10 meses, que hab\u00eda sido trasladado un mes atr\u00e1s desde el municipio de Albania a Florencia, y el otro caso detectado en el municipio de Curillo, en una hembra bovina mayor de 30 meses.<br \/>\nLuego de confirmarse el positivo a la enfermedad por parte del Laboratorio Nacional de Diagnostico Veterinario, el Consejo Departamental de Zoonosis despleg\u00f3 el protocolo de atenci\u00f3n para estos casos y realiz\u00f3 las visitas epidemiol\u00f3gicas en las veredas La Belisario del municipio de Curillo y El Rosal del municipio de Albania, con presencia del ICA y la Secretar\u00eda Departamental de Salud.<\/p>\n<p>Con el fin de prevenir la presencia y la difusi\u00f3n de la Rabia Silvestre Bovina en el Caquet\u00e1, mediante la resoluci\u00f3n N\u00b0 12612 del 13 de octubre del 2017, el ICA orden\u00f3 la vacunaci\u00f3n contra esa enfermedad en las veredas La Granja, Santander, La Viciosa, Santo Domingo, Pompeya, El Venado y Guayabal del municipio de Florencia.<\/p>\n<p>Igualmente, mediante resoluci\u00f3n ICA N\u00b0 11092 del 12 de septiembre del 2017 se determin\u00f3 la misma medida para las veredas Salamina Mateca\u00f1a, Naranjales, Villa del Prado, Playa Alta, Morras y Camelias del municipio de Curillo, y en las veredas El Rosal, La Temblona, Primavera, Bacana Luna, La Reforma, Cristal, Bajo Porvenir, El Carmen, Berl\u00edn, El Porvenir, Palmeiras y La Ye del municipio de San Jos\u00e9 de Fragua.<\/p>\n<p>El ICA tambi\u00e9n adelanta visitas a los predios de la zona con el fin de identificar si se encuentran animales con sintomatolog\u00edas compatibles a la Rabia Silvestre Bovina y socializar con los empresarios ganaderos las medidas de prevenci\u00f3n de \u00a0la enfermedad.<br \/>\nLa autoridad sanitaria nacional hace un llamado a los ganaderos del departamento para que vacunen sus animales contra la Rabia Silvestre, considerada como una de las principales enfermedades zoon\u00f3ticas, es decir, que se puede transmitir de los animales a las personas.<\/p>\n<p>Los animales afectados por la Rabia Silvestre presentan cambios en sus comportamientos como ca\u00eddas e incoordinaciones del tren posterior, ceguera, salivaci\u00f3n abundante, temblores musculares y par\u00e1lisis. Adem\u00e1s presentan deshidrataci\u00f3n y enflaquecimiento progresivo debido a su imposibilidad de beber agua y alimentarse. Avanzada la enfermedad permanecen ca\u00eddos y mueren entre 1 y 10 d\u00edas luego de presentados los s\u00edntomas.<br \/>\nEl \u00fanico medio para la prevenci\u00f3n y el control de la Rabia Silvestre es la vacunaci\u00f3n. En el mercado existen diferentes tipos de vacunas, por lo que es importante verificar que tengan el correspondiente registro del ICA, que se apliquen cada a\u00f1o a los animales susceptibles y que la vacunaci\u00f3n se efect\u00fae y sea registrada por m\u00e9dicos veterinarios, quienes pueden asegurar su adecuado manejo, ya que las vacunas siempre deben conservarse refrigeradas (no congeladas), para conservar sus propiedades. La vacuna debe aplicarse una vez cada a\u00f1o.<br \/>\nEn las \u00e1reas de alta incidencia, adem\u00e1s de la vacunaci\u00f3n, es importante efectuar otras acciones preventivas como el control de los murci\u00e9lagos hemat\u00f3fagos para lograr un mayor impacto en la prevenci\u00f3n de la enfermedad.<\/p>\n<p><strong>Recomendaciones.<\/strong><\/p>\n<ul>\n<li>Vacunar los animales contra Rabia Silvestre y notificar a las autoridades de salud o al ICA sobre la presencia de murci\u00e9lagos hemat\u00f3fagos para que se tomen las medidas correspondientes. Con ello, los productores mitigan los efectos del aumento del ataque de murci\u00e9lagos hemat\u00f3fagos ocasionados por la \u00e9poca invernal.<\/li>\n<li>Tenga en cuenta la presencia frecuente de heridas frescas con sangre seca o con hilillos de sangre en los animales, que pueden ser indicios de mordeduras de vampiros y en consecuencia, los animales podr\u00edan padecer el s\u00edndrome nervioso (Rabia).<\/li>\n<\/ul>\n<p>De presentarse cualquiera de los s\u00edntomas descritos, notifique al ICA de forma inmediata para efectuar la atenci\u00f3n del caso y poder tomar las medidas de prevenci\u00f3n y control.<\/p>\n<p>&nbsp;<\/p>\n<p>Fuente: Adaptado de Instituto Colombiano Agropecuario (ICA).<\/p>\n<p>Con el patrocinio de:<\/p>\n<div id=\"attachment_5984\" style=\"width: 130px\" class=\"wp-caption alignleft\"><a href=\"http:\/\/www.agromundo.co\/plastigoma-pisos-de-caucho.html\"><img aria-describedby=\"caption-attachment-5984\" loading=\"lazy\" class=\"wp-image-5984\" src=\"http:\/\/www.agromundo.co\/blog\/wp-content\/uploads\/2017\/03\/Pisos-de-caucho-para-ganado.jpg\" alt=\"Pisos de caucho para ganado\" width=\"120\" height=\"120\" srcset=\"https:\/\/www.agromundo.co\/blog\/wp-content\/uploads\/2017\/03\/Pisos-de-caucho-para-ganado.jpg 160w, https:\/\/www.agromundo.co\/blog\/wp-content\/uploads\/2017\/03\/Pisos-de-caucho-para-ganado-150x150.jpg 150w\" sizes=\"(max-width: 120px) 100vw, 120px\" \/><\/a><p id=\"caption-attachment-5984\" class=\"wp-caption-text\">Pisos de caucho vulcanizado para ganado<\/p><\/div>\n<div id=\"attachment_6383\" style=\"width: 171px\" class=\"wp-caption alignright\"><a href=\"http:\/\/www.agromundo.co\/botas-bekina.html\"><img aria-describedby=\"caption-attachment-6383\" loading=\"lazy\" class=\"wp-image-6383 size-full\" src=\"http:\/\/www.agromundo.co\/blog\/wp-content\/uploads\/2017\/08\/Botas-Bekina.jpg\" alt=\"Botas Bekina\" width=\"161\" height=\"120\" srcset=\"https:\/\/www.agromundo.co\/blog\/wp-content\/uploads\/2017\/08\/Botas-Bekina.jpg 161w, https:\/\/www.agromundo.co\/blog\/wp-content\/uploads\/2017\/08\/Botas-Bekina-100x75.jpg 100w\" sizes=\"(max-width: 161px) 100vw, 161px\" \/><\/a><p id=\"caption-attachment-6383\" class=\"wp-caption-text\">Botas Bekina<\/p><\/div>\n","protected":false},"excerpt":{"rendered":"<p>Foto de Archivo ICA. Bovinos. La forma de hacer frente a la enfermedad es mediante la vacunaci\u00f3n de todos los animales. La vacunaci\u00f3n contra Rabia Silvestre es responsabilidad de los m\u00e9dicos veterinarios y productores ganaderos y, quienes la deben aplicar en durante los periodos establecidos anualmente. La Rabia Silvestre afecta a los animales dom\u00e9sticos como [&hellip;]<\/p>\n","protected":false},"author":1,"featured_media":6536,"comment_status":"open","ping_status":"open","sticky":false,"template":"","format":"standard","meta":[],"categories":[3,18,6],"tags":[1008,1628,3127,1401,1400,639,3085],"yoast_head":"<!-- This site is optimized with the Yoast SEO plugin v17.3 - https:\/\/yoast.com\/wordpress\/plugins\/seo\/ -->\n<meta name=\"description\" content=\"Rabia Silvestre. El Instituto Colombiano Agropecuario (ICA) atiende dos casos de la enfermedad en el departamento de Caquet\u00e1.\" \/>\n<meta name=\"robots\" content=\"index, follow, max-snippet:-1, max-image-preview:large, max-video-preview:-1\" \/>\n<meta property=\"og:locale\" content=\"es_ES\" \/>\n<meta property=\"og:type\" content=\"article\" \/>\n<meta property=\"og:title\" content=\"Rabia Silvestre. Dos nuevos casos en Caquet\u00e1 - Notiagro\" \/>\n<meta property=\"og:description\" content=\"Rabia Silvestre. El Instituto Colombiano Agropecuario (ICA) atiende dos casos de la enfermedad en el departamento de Caquet\u00e1.\" \/>\n<meta property=\"og:site_name\" content=\"Notiagro\" \/>\n<meta property=\"article:published_time\" content=\"2017-10-19T15:13:06+00:00\" \/>\n<meta property=\"og:image\" content=\"https:\/\/www.agromundo.co\/blog\/wp-content\/uploads\/2017\/10\/Rabia-Silvestre.jpg\" \/>\n\t<meta property=\"og:image:width\" content=\"280\" \/>\n\t<meta property=\"og:image:height\" content=\"210\" \/>\n<meta name=\"twitter:label1\" content=\"Escrito por\" \/>\n\t<meta name=\"twitter:data1\" content=\"admin\" \/>\n\t<meta name=\"twitter:label2\" content=\"Tiempo de lectura\" \/>\n\t<meta name=\"twitter:data2\" content=\"4 minutos\" \/>\n<script type=\"application\/ld+json\" class=\"yoast-schema-graph\">{\"@context\":\"https:\/\/schema.org\",\"@graph\":[{\"@type\":\"WebSite\",\"@id\":\"https:\/\/www.agromundo.co\/blog\/#website\",\"url\":\"https:\/\/www.agromundo.co\/blog\/\",\"name\":\"Notiagro\",\"description\":\"Noticias y eventos sector agropecuario colombiano\",\"potentialAction\":[{\"@type\":\"SearchAction\",\"target\":{\"@type\":\"EntryPoint\",\"urlTemplate\":\"https:\/\/www.agromundo.co\/blog\/?s={search_term_string}\"},\"query-input\":\"required name=search_term_string\"}],\"inLanguage\":\"es\"},{\"@type\":\"ImageObject\",\"@id\":\"#primaryimage\",\"inLanguage\":\"es\",\"url\":\"https:\/\/www.agromundo.co\/blog\/wp-content\/uploads\/2017\/10\/Rabia-Silvestre.jpg\",\"contentUrl\":\"https:\/\/www.agromundo.co\/blog\/wp-content\/uploads\/2017\/10\/Rabia-Silvestre.jpg\",\"width\":280,\"height\":210},{\"@type\":\"WebPage\",\"@id\":\"#webpage\",\"url\":null,\"name\":\"Rabia Silvestre. Dos nuevos casos en Caquet\\u00e1 - Notiagro\",\"isPartOf\":{\"@id\":\"https:\/\/www.agromundo.co\/blog\/#website\"},\"primaryImageOfPage\":{\"@id\":\"#primaryimage\"},\"datePublished\":\"2017-10-19T15:13:06+00:00\",\"dateModified\":\"2017-10-19T15:13:06+00:00\",\"author\":{\"@id\":\"https:\/\/www.agromundo.co\/blog\/#\/schema\/person\/3e07d858c3c7a93ebf4ad3785559d35d\"},\"description\":\"Rabia Silvestre. El Instituto Colombiano Agropecuario (ICA) atiende dos casos de la enfermedad en el departamento de Caquet\\u00e1.\",\"breadcrumb\":{\"@id\":\"#breadcrumb\"},\"inLanguage\":\"es\",\"potentialAction\":[{\"@type\":\"ReadAction\",\"target\":[null]}]},{\"@type\":\"BreadcrumbList\",\"@id\":\"#breadcrumb\",\"itemListElement\":[{\"@type\":\"ListItem\",\"position\":1,\"name\":\"Portada\",\"item\":\"https:\/\/www.agromundo.co\/blog\/\"},{\"@type\":\"ListItem\",\"position\":2,\"name\":\"Rabia Silvestre. Dos nuevos casos en Caquet\\u00e1\"}]},{\"@type\":\"Person\",\"@id\":\"https:\/\/www.agromundo.co\/blog\/#\/schema\/person\/3e07d858c3c7a93ebf4ad3785559d35d\",\"name\":\"admin\",\"image\":{\"@type\":\"ImageObject\",\"@id\":\"https:\/\/www.agromundo.co\/blog\/#personlogo\",\"inLanguage\":\"es\",\"url\":\"https:\/\/secure.gravatar.com\/avatar\/f990c4c6d966ea7f7bec9cc10bcda5ce?s=96&d=mm&r=g\",\"contentUrl\":\"https:\/\/secure.gravatar.com\/avatar\/f990c4c6d966ea7f7bec9cc10bcda5ce?s=96&d=mm&r=g\",\"caption\":\"admin\"},\"url\":\"https:\/\/www.agromundo.co\/blog\/author\/admin\/\"}]}<\/script>\n<!-- \/ Yoast SEO plugin. -->","yoast_head_json":{"description":"Rabia Silvestre. El Instituto Colombiano Agropecuario (ICA) atiende dos casos de la enfermedad en el departamento de Caquet\u00e1.","robots":{"index":"index","follow":"follow","max-snippet":"max-snippet:-1","max-image-preview":"max-image-preview:large","max-video-preview":"max-video-preview:-1"},"og_locale":"es_ES","og_type":"article","og_title":"Rabia Silvestre. Dos nuevos casos en Caquet\u00e1 - Notiagro","og_description":"Rabia Silvestre. El Instituto Colombiano Agropecuario (ICA) atiende dos casos de la enfermedad en el departamento de Caquet\u00e1.","og_site_name":"Notiagro","article_published_time":"2017-10-19T15:13:06+00:00","og_image":[{"width":280,"height":210,"url":"https:\/\/www.agromundo.co\/blog\/wp-content\/uploads\/2017\/10\/Rabia-Silvestre.jpg","type":"image\/jpeg"}],"twitter_misc":{"Escrito por":"admin","Tiempo de lectura":"4 minutos"},"schema":{"@context":"https:\/\/schema.org","@graph":[{"@type":"WebSite","@id":"https:\/\/www.agromundo.co\/blog\/#website","url":"https:\/\/www.agromundo.co\/blog\/","name":"Notiagro","description":"Noticias y eventos sector agropecuario colombiano","potentialAction":[{"@type":"SearchAction","target":{"@type":"EntryPoint","urlTemplate":"https:\/\/www.agromundo.co\/blog\/?s={search_term_string}"},"query-input":"required name=search_term_string"}],"inLanguage":"es"},{"@type":"ImageObject","@id":"#primaryimage","inLanguage":"es","url":"https:\/\/www.agromundo.co\/blog\/wp-content\/uploads\/2017\/10\/Rabia-Silvestre.jpg","contentUrl":"https:\/\/www.agromundo.co\/blog\/wp-content\/uploads\/2017\/10\/Rabia-Silvestre.jpg","width":280,"height":210},{"@type":"WebPage","@id":"#webpage","url":null,"name":"Rabia Silvestre. Dos nuevos casos en Caquet\u00e1 - Notiagro","isPartOf":{"@id":"https:\/\/www.agromundo.co\/blog\/#website"},"primaryImageOfPage":{"@id":"#primaryimage"},"datePublished":"2017-10-19T15:13:06+00:00","dateModified":"2017-10-19T15:13:06+00:00","author":{"@id":"https:\/\/www.agromundo.co\/blog\/#\/schema\/person\/3e07d858c3c7a93ebf4ad3785559d35d"},"description":"Rabia Silvestre. El Instituto Colombiano Agropecuario (ICA) atiende dos casos de la enfermedad en el departamento de Caquet\u00e1.","breadcrumb":{"@id":"#breadcrumb"},"inLanguage":"es","potentialAction":[{"@type":"ReadAction","target":[null]}]},{"@type":"BreadcrumbList","@id":"#breadcrumb","itemListElement":[{"@type":"ListItem","position":1,"name":"Portada","item":"https:\/\/www.agromundo.co\/blog\/"},{"@type":"ListItem","position":2,"name":"Rabia Silvestre. Dos nuevos casos en Caquet\u00e1"}]},{"@type":"Person","@id":"https:\/\/www.agromundo.co\/blog\/#\/schema\/person\/3e07d858c3c7a93ebf4ad3785559d35d","name":"admin","image":{"@type":"ImageObject","@id":"https:\/\/www.agromundo.co\/blog\/#personlogo","inLanguage":"es","url":"https:\/\/secure.gravatar.com\/avatar\/f990c4c6d966ea7f7bec9cc10bcda5ce?s=96&d=mm&r=g","contentUrl":"https:\/\/secure.gravatar.com\/avatar\/f990c4c6d966ea7f7bec9cc10bcda5ce?s=96&d=mm&r=g","caption":"admin"},"url":"https:\/\/www.agromundo.co\/blog\/author\/admin\/"}]}},"_links":{"self":[{"href":"https:\/\/www.agromundo.co\/blog\/wp-json\/wp\/v2\/posts\/6534"}],"collection":[{"href":"https:\/\/www.agromundo.co\/blog\/wp-json\/wp\/v2\/posts"}],"about":[{"href":"https:\/\/www.agromundo.co\/blog\/wp-json\/wp\/v2\/types\/post"}],"author":[{"embeddable":true,"href":"https:\/\/www.agromundo.co\/blog\/wp-json\/wp\/v2\/users\/1"}],"replies":[{"embeddable":true,"href":"https:\/\/www.agromundo.co\/blog\/wp-json\/wp\/v2\/comments?post=6534"}],"version-history":[{"count":2,"href":"https:\/\/www.agromundo.co\/blog\/wp-json\/wp\/v2\/posts\/6534\/revisions"}],"predecessor-version":[{"id":6537,"href":"https:\/\/www.agromundo.co\/blog\/wp-json\/wp\/v2\/posts\/6534\/revisions\/6537"}],"wp:featuredmedia":[{"embeddable":true,"href":"https:\/\/www.agromundo.co\/blog\/wp-json\/wp\/v2\/media\/6536"}],"wp:attachment":[{"href":"https:\/\/www.agromundo.co\/blog\/wp-json\/wp\/v2\/media?parent=6534"}],"wp:term":[{"taxonomy":"category","embeddable":true,"href":"https:\/\/www.agromundo.co\/blog\/wp-json\/wp\/v2\/categories?post=6534"},{"taxonomy":"post_tag","embeddable":true,"href":"https:\/\/www.agromundo.co\/blog\/wp-json\/wp\/v2\/tags?post=6534"}],"curies":[{"name":"wp","href":"https:\/\/api.w.org\/{rel}","templated":true}]}}