{"id":6548,"date":"2017-10-24T15:31:47","date_gmt":"2017-10-24T15:31:47","guid":{"rendered":"http:\/\/www.agromundo.co\/blog\/?p=6548"},"modified":"2017-10-24T15:31:47","modified_gmt":"2017-10-24T15:31:47","slug":"buiatria-congreso-latinoamericano-medellin","status":"publish","type":"post","link":"https:\/\/www.agromundo.co\/blog\/buiatria-congreso-latinoamericano-medellin\/","title":{"rendered":"Buiatr\u00eda. Congreso Latinoamericano en Medell\u00edn"},"content":{"rendered":"<p><img loading=\"lazy\" class=\"aligncenter size-full wp-image-6551\" src=\"http:\/\/www.agromundo.co\/blog\/wp-content\/uploads\/2017\/10\/Congreso.jpg\" alt=\"Congreso\" width=\"300\" height=\"205\" \/><\/p>\n<p>Foto: facebook.com\/congresobuiatria2017.<\/p>\n<ul>\n<li><em>M\u00e9dicos veterinarios PhD, docentes investigadores y directivos gremiales ser\u00e1n los conferencistas que ofrecer\u00e1n sus conocimientos y experiencias en el tratamiento de los diversos temas de la agenda.<\/em><\/li>\n<\/ul>\n<p>Congreso latinoamericano de Buiatr\u00eda.<\/p>\n<p>Del 1 al 3 de noviembre de 2017, la Asociaci\u00f3n Latinoamericana y Colombiana de Buiatr\u00eda realizar\u00e1 el XVIII Congreso Latinoamericano de esa materia en las instalaciones del Centro de Convenciones Plaza Mayor de la ciudad de Medell\u00edn.<\/p>\n<p>Buiatr\u00eda\u00a0es la rama de la medicina veterinaria\u00a0especializada en lo relacionado con bovinos y rumiantes (salud, reproducci\u00f3n producci\u00f3n, \u00a0industrializaci\u00f3n y comercializaci\u00f3n).<\/p>\n<p><strong>Primera sesi\u00f3n.<\/strong><\/p>\n<p>Durante el primer d\u00eda (noviembre 1), los asistentes tendr\u00e1n la oportunidad de recibir conocimientos relacionados con la historia de la agricultura familiar en Colombia, la sanidad animal y los mercados internacionales y gl\u00e1ndula mamaria, as\u00ed como alertas a tener en cuenta para la protecci\u00f3n de los cuartos sanos de la ubre.<strong>\u00a0<\/strong><\/p>\n<p>Adem\u00e1s, la agenda tratar\u00e1 sobre: an\u00e1lisis de informaci\u00f3n para la toma de decisiones en programas de sanidad mamaria, mejorando la salud y la fertilidad del reba\u00f1o mediante el uso de nuevas herramientas gen\u00e9ticas, y la importancia del orificio del pez\u00f3n en la sanidad de la ubre.<\/p>\n<p><strong>Segunda sesi\u00f3n.<\/strong><\/p>\n<p>Para el segundo d\u00eda (noviembre 2), \u00a0la agenda se desarrollar\u00e1 alrededor de los profesionales de las ciencias pecuarias y su contribuci\u00f3n con el desarrollo rural mediante la agricultura familiar, el empleo de tecnolog\u00eda para la detecci\u00f3n temprana de enfermedades en el hato de leche y carne, la importancia del calostro en el levante de terneras, \u00a0el presente y el futuro del semen sexado y la toma de decisiones basadas en resultados de datos de hato.<\/p>\n<p>Asimismo, figuran en la agenda del evento temas como: implicaciones de la producci\u00f3n pecuaria familiar en la seguridad alimentaria en M\u00e9xico; la influencia del periodo de transici\u00f3n en la eficiencia reproductiva, y, el \u00a0manejo reproductivo de grandes hatos.<\/p>\n<p>El riesgo de la transmisi\u00f3n de enfermedades a trav\u00e9s de las tecnolog\u00edas reproductivas y la econom\u00eda de la eficiencia reproductiva, finalizan la programaci\u00f3n de este d\u00eda en la capital antioque\u00f1a.<\/p>\n<p><strong>Tercera sesi\u00f3n.<\/strong><\/p>\n<p>El tercer d\u00eda (noviembre 3) los asistentes disfrutar\u00e1n con los conocimientos sobre: funci\u00f3n del veterinario en manejo de los hatos; podolog\u00eda y bienestar; incentivos, productividad y desarrollo de la agricultura y desarrollo de una nueva aproximaci\u00f3n para la evaluaci\u00f3n del bienestar en los b\u00fafalos.<\/p>\n<p>Simult\u00e1neamente, conocer\u00e1n lo \u00faltimo en la medicina de animales de remplazo; \u00a0programas de prevenci\u00f3n de la neumon\u00eda y la diarrea de los terneros con \u00e9nfasis en los programas de vacunaci\u00f3n; el impacto de enfermedades infecciosas durante la crianza de las terneras en la productividad de las vacas y el uso de antimicrobiales en terneras.<\/p>\n<p><strong>Conferencistas nacionales y extranjeros.<\/strong><\/p>\n<p>La plantilla de conferencistas estar\u00e1 conformada por m\u00e9dicos veterinarios PhD, docentes, investigadores y directivos gremiales, quienes ofrecer\u00e1n sus conocimientos y sus experiencias en el tratamiento de los temas de la agenda. Expertos de Espa\u00f1a, Italia, Estados Unidos, Canad\u00e1, Costa Rica, M\u00e9xico y Chile estar\u00e1n el evento.<\/p>\n<p>Organizan la Universidad de Antioquia, Colbuiatria (Asociaci\u00f3n Colombiana de Buiatr\u00eda), y Enicip (Encuentro de investigadores de las ciencias pecuarias). Patrocina The Reference in Prevention for Animal Health. Inscripciones:\u00a0<a href=\"http:\/\/www.enicip.co\/\">www.enicip.co<\/a>.<\/p>\n<p>&nbsp;<\/p>\n<p>Fuente: Adaptado de CONtexto Ganadero.<\/p>\n<p>Con el patrocinio de:<\/p>\n<div id=\"attachment_6550\" style=\"width: 130px\" class=\"wp-caption alignleft\"><a href=\"http:\/\/www.agromundo.co\/aqua-fan-sas.html\"><img aria-describedby=\"caption-attachment-6550\" loading=\"lazy\" class=\"wp-image-6550\" src=\"http:\/\/www.agromundo.co\/blog\/wp-content\/uploads\/2017\/10\/Ventilador-aspersor-de-agua-Aquafan.jpg\" alt=\"Ventilador aspersor de agua \" width=\"120\" height=\"120\" srcset=\"https:\/\/www.agromundo.co\/blog\/wp-content\/uploads\/2017\/10\/Ventilador-aspersor-de-agua-Aquafan.jpg 160w, https:\/\/www.agromundo.co\/blog\/wp-content\/uploads\/2017\/10\/Ventilador-aspersor-de-agua-Aquafan-150x150.jpg 150w\" sizes=\"(max-width: 120px) 100vw, 120px\" \/><\/a><p id=\"caption-attachment-6550\" class=\"wp-caption-text\">Ventilador aspersor de agua<\/p><\/div>\n<div id=\"attachment_5984\" style=\"width: 130px\" class=\"wp-caption alignright\"><a href=\"http:\/\/www.agromundo.co\/plastigoma-pisos-de-caucho.html\"><img aria-describedby=\"caption-attachment-5984\" loading=\"lazy\" class=\"wp-image-5984\" src=\"http:\/\/www.agromundo.co\/blog\/wp-content\/uploads\/2017\/03\/Pisos-de-caucho-para-ganado.jpg\" alt=\"Pisos de caucho vulcanizado para ganado\" width=\"120\" height=\"120\" srcset=\"https:\/\/www.agromundo.co\/blog\/wp-content\/uploads\/2017\/03\/Pisos-de-caucho-para-ganado.jpg 160w, https:\/\/www.agromundo.co\/blog\/wp-content\/uploads\/2017\/03\/Pisos-de-caucho-para-ganado-150x150.jpg 150w\" sizes=\"(max-width: 120px) 100vw, 120px\" \/><\/a><p id=\"caption-attachment-5984\" class=\"wp-caption-text\">Pisos de caucho vulcanizado para ganado<\/p><\/div>\n<p>&nbsp;<\/p>\n","protected":false},"excerpt":{"rendered":"<p>Foto: facebook.com\/congresobuiatria2017. M\u00e9dicos veterinarios PhD, docentes investigadores y directivos gremiales ser\u00e1n los conferencistas que ofrecer\u00e1n sus conocimientos y experiencias en el tratamiento de los diversos temas de la agenda. Congreso latinoamericano de Buiatr\u00eda. Del 1 al 3 de noviembre de 2017, la Asociaci\u00f3n Latinoamericana y Colombiana de Buiatr\u00eda realizar\u00e1 el XVIII Congreso Latinoamericano de esa [&hellip;]<\/p>\n","protected":false},"author":1,"featured_media":6551,"comment_status":"open","ping_status":"open","sticky":false,"template":"","format":"standard","meta":[],"categories":[22,3,18,6],"tags":[3364,3365,1628,3127,3367,3366],"yoast_head":"<!-- This site is optimized with the Yoast SEO plugin v17.3 - https:\/\/yoast.com\/wordpress\/plugins\/seo\/ -->\n<meta name=\"description\" content=\"Buiatr\u00eda. XVIII Congreso Latinoamericano de esa materia se realizar\u00e1 del 1 al 3 de noviembre de 2017 en la ciudad de Medell\u00edn.\" \/>\n<meta name=\"robots\" content=\"index, follow, max-snippet:-1, max-image-preview:large, max-video-preview:-1\" \/>\n<meta property=\"og:locale\" content=\"es_ES\" \/>\n<meta property=\"og:type\" content=\"article\" \/>\n<meta property=\"og:title\" content=\"Buiatr\u00eda. Congreso Latinoamericano en Medell\u00edn - Notiagro\" \/>\n<meta property=\"og:description\" content=\"Buiatr\u00eda. XVIII Congreso Latinoamericano de esa materia se realizar\u00e1 del 1 al 3 de noviembre de 2017 en la ciudad de Medell\u00edn.\" \/>\n<meta property=\"og:site_name\" content=\"Notiagro\" \/>\n<meta property=\"article:published_time\" content=\"2017-10-24T15:31:47+00:00\" \/>\n<meta property=\"og:image\" content=\"https:\/\/www.agromundo.co\/blog\/wp-content\/uploads\/2017\/10\/Congreso.jpg\" \/>\n\t<meta property=\"og:image:width\" content=\"300\" \/>\n\t<meta property=\"og:image:height\" content=\"205\" \/>\n<meta name=\"twitter:label1\" content=\"Escrito por\" \/>\n\t<meta name=\"twitter:data1\" content=\"admin\" \/>\n\t<meta name=\"twitter:label2\" content=\"Tiempo de lectura\" \/>\n\t<meta name=\"twitter:data2\" content=\"3 minutos\" \/>\n<script type=\"application\/ld+json\" class=\"yoast-schema-graph\">{\"@context\":\"https:\/\/schema.org\",\"@graph\":[{\"@type\":\"WebSite\",\"@id\":\"https:\/\/www.agromundo.co\/blog\/#website\",\"url\":\"https:\/\/www.agromundo.co\/blog\/\",\"name\":\"Notiagro\",\"description\":\"Noticias y eventos sector agropecuario colombiano\",\"potentialAction\":[{\"@type\":\"SearchAction\",\"target\":{\"@type\":\"EntryPoint\",\"urlTemplate\":\"https:\/\/www.agromundo.co\/blog\/?s={search_term_string}\"},\"query-input\":\"required name=search_term_string\"}],\"inLanguage\":\"es\"},{\"@type\":\"ImageObject\",\"@id\":\"#primaryimage\",\"inLanguage\":\"es\",\"url\":\"https:\/\/www.agromundo.co\/blog\/wp-content\/uploads\/2017\/10\/Congreso.jpg\",\"contentUrl\":\"https:\/\/www.agromundo.co\/blog\/wp-content\/uploads\/2017\/10\/Congreso.jpg\",\"width\":300,\"height\":205},{\"@type\":\"WebPage\",\"@id\":\"#webpage\",\"url\":null,\"name\":\"Buiatr\\u00eda. Congreso Latinoamericano en Medell\\u00edn - Notiagro\",\"isPartOf\":{\"@id\":\"https:\/\/www.agromundo.co\/blog\/#website\"},\"primaryImageOfPage\":{\"@id\":\"#primaryimage\"},\"datePublished\":\"2017-10-24T15:31:47+00:00\",\"dateModified\":\"2017-10-24T15:31:47+00:00\",\"author\":{\"@id\":\"https:\/\/www.agromundo.co\/blog\/#\/schema\/person\/3e07d858c3c7a93ebf4ad3785559d35d\"},\"description\":\"Buiatr\\u00eda. XVIII Congreso Latinoamericano de esa materia se realizar\\u00e1 del 1 al 3 de noviembre de 2017 en la ciudad de Medell\\u00edn.\",\"breadcrumb\":{\"@id\":\"#breadcrumb\"},\"inLanguage\":\"es\",\"potentialAction\":[{\"@type\":\"ReadAction\",\"target\":[null]}]},{\"@type\":\"BreadcrumbList\",\"@id\":\"#breadcrumb\",\"itemListElement\":[{\"@type\":\"ListItem\",\"position\":1,\"name\":\"Portada\",\"item\":\"https:\/\/www.agromundo.co\/blog\/\"},{\"@type\":\"ListItem\",\"position\":2,\"name\":\"Buiatr\\u00eda. Congreso Latinoamericano en Medell\\u00edn\"}]},{\"@type\":\"Person\",\"@id\":\"https:\/\/www.agromundo.co\/blog\/#\/schema\/person\/3e07d858c3c7a93ebf4ad3785559d35d\",\"name\":\"admin\",\"image\":{\"@type\":\"ImageObject\",\"@id\":\"https:\/\/www.agromundo.co\/blog\/#personlogo\",\"inLanguage\":\"es\",\"url\":\"https:\/\/secure.gravatar.com\/avatar\/f990c4c6d966ea7f7bec9cc10bcda5ce?s=96&d=mm&r=g\",\"contentUrl\":\"https:\/\/secure.gravatar.com\/avatar\/f990c4c6d966ea7f7bec9cc10bcda5ce?s=96&d=mm&r=g\",\"caption\":\"admin\"},\"url\":\"https:\/\/www.agromundo.co\/blog\/author\/admin\/\"}]}<\/script>\n<!-- \/ Yoast SEO plugin. -->","yoast_head_json":{"description":"Buiatr\u00eda. XVIII Congreso Latinoamericano de esa materia se realizar\u00e1 del 1 al 3 de noviembre de 2017 en la ciudad de Medell\u00edn.","robots":{"index":"index","follow":"follow","max-snippet":"max-snippet:-1","max-image-preview":"max-image-preview:large","max-video-preview":"max-video-preview:-1"},"og_locale":"es_ES","og_type":"article","og_title":"Buiatr\u00eda. Congreso Latinoamericano en Medell\u00edn - Notiagro","og_description":"Buiatr\u00eda. XVIII Congreso Latinoamericano de esa materia se realizar\u00e1 del 1 al 3 de noviembre de 2017 en la ciudad de Medell\u00edn.","og_site_name":"Notiagro","article_published_time":"2017-10-24T15:31:47+00:00","og_image":[{"width":300,"height":205,"url":"https:\/\/www.agromundo.co\/blog\/wp-content\/uploads\/2017\/10\/Congreso.jpg","type":"image\/jpeg"}],"twitter_misc":{"Escrito por":"admin","Tiempo de lectura":"3 minutos"},"schema":{"@context":"https:\/\/schema.org","@graph":[{"@type":"WebSite","@id":"https:\/\/www.agromundo.co\/blog\/#website","url":"https:\/\/www.agromundo.co\/blog\/","name":"Notiagro","description":"Noticias y eventos sector agropecuario colombiano","potentialAction":[{"@type":"SearchAction","target":{"@type":"EntryPoint","urlTemplate":"https:\/\/www.agromundo.co\/blog\/?s={search_term_string}"},"query-input":"required name=search_term_string"}],"inLanguage":"es"},{"@type":"ImageObject","@id":"#primaryimage","inLanguage":"es","url":"https:\/\/www.agromundo.co\/blog\/wp-content\/uploads\/2017\/10\/Congreso.jpg","contentUrl":"https:\/\/www.agromundo.co\/blog\/wp-content\/uploads\/2017\/10\/Congreso.jpg","width":300,"height":205},{"@type":"WebPage","@id":"#webpage","url":null,"name":"Buiatr\u00eda. Congreso Latinoamericano en Medell\u00edn - Notiagro","isPartOf":{"@id":"https:\/\/www.agromundo.co\/blog\/#website"},"primaryImageOfPage":{"@id":"#primaryimage"},"datePublished":"2017-10-24T15:31:47+00:00","dateModified":"2017-10-24T15:31:47+00:00","author":{"@id":"https:\/\/www.agromundo.co\/blog\/#\/schema\/person\/3e07d858c3c7a93ebf4ad3785559d35d"},"description":"Buiatr\u00eda. XVIII Congreso Latinoamericano de esa materia se realizar\u00e1 del 1 al 3 de noviembre de 2017 en la ciudad de Medell\u00edn.","breadcrumb":{"@id":"#breadcrumb"},"inLanguage":"es","potentialAction":[{"@type":"ReadAction","target":[null]}]},{"@type":"BreadcrumbList","@id":"#breadcrumb","itemListElement":[{"@type":"ListItem","position":1,"name":"Portada","item":"https:\/\/www.agromundo.co\/blog\/"},{"@type":"ListItem","position":2,"name":"Buiatr\u00eda. Congreso Latinoamericano en Medell\u00edn"}]},{"@type":"Person","@id":"https:\/\/www.agromundo.co\/blog\/#\/schema\/person\/3e07d858c3c7a93ebf4ad3785559d35d","name":"admin","image":{"@type":"ImageObject","@id":"https:\/\/www.agromundo.co\/blog\/#personlogo","inLanguage":"es","url":"https:\/\/secure.gravatar.com\/avatar\/f990c4c6d966ea7f7bec9cc10bcda5ce?s=96&d=mm&r=g","contentUrl":"https:\/\/secure.gravatar.com\/avatar\/f990c4c6d966ea7f7bec9cc10bcda5ce?s=96&d=mm&r=g","caption":"admin"},"url":"https:\/\/www.agromundo.co\/blog\/author\/admin\/"}]}},"_links":{"self":[{"href":"https:\/\/www.agromundo.co\/blog\/wp-json\/wp\/v2\/posts\/6548"}],"collection":[{"href":"https:\/\/www.agromundo.co\/blog\/wp-json\/wp\/v2\/posts"}],"about":[{"href":"https:\/\/www.agromundo.co\/blog\/wp-json\/wp\/v2\/types\/post"}],"author":[{"embeddable":true,"href":"https:\/\/www.agromundo.co\/blog\/wp-json\/wp\/v2\/users\/1"}],"replies":[{"embeddable":true,"href":"https:\/\/www.agromundo.co\/blog\/wp-json\/wp\/v2\/comments?post=6548"}],"version-history":[{"count":2,"href":"https:\/\/www.agromundo.co\/blog\/wp-json\/wp\/v2\/posts\/6548\/revisions"}],"predecessor-version":[{"id":6552,"href":"https:\/\/www.agromundo.co\/blog\/wp-json\/wp\/v2\/posts\/6548\/revisions\/6552"}],"wp:featuredmedia":[{"embeddable":true,"href":"https:\/\/www.agromundo.co\/blog\/wp-json\/wp\/v2\/media\/6551"}],"wp:attachment":[{"href":"https:\/\/www.agromundo.co\/blog\/wp-json\/wp\/v2\/media?parent=6548"}],"wp:term":[{"taxonomy":"category","embeddable":true,"href":"https:\/\/www.agromundo.co\/blog\/wp-json\/wp\/v2\/categories?post=6548"},{"taxonomy":"post_tag","embeddable":true,"href":"https:\/\/www.agromundo.co\/blog\/wp-json\/wp\/v2\/tags?post=6548"}],"curies":[{"name":"wp","href":"https:\/\/api.w.org\/{rel}","templated":true}]}}