{"id":6615,"date":"2017-11-28T14:46:03","date_gmt":"2017-11-28T14:46:03","guid":{"rendered":"http:\/\/www.agromundo.co\/blog\/?p=6615"},"modified":"2017-11-28T14:46:03","modified_gmt":"2017-11-28T14:46:03","slug":"fiebre-aftosa-ica-compensa-ganaderos-afectados","status":"publish","type":"post","link":"https:\/\/www.agromundo.co\/blog\/fiebre-aftosa-ica-compensa-ganaderos-afectados\/","title":{"rendered":"Fiebre Aftosa. El ICA compensa a ganaderos afectados."},"content":{"rendered":"<p><img loading=\"lazy\" class=\"aligncenter size-full wp-image-6616\" src=\"http:\/\/www.agromundo.co\/blog\/wp-content\/uploads\/2017\/11\/Fiebre-Aftosa.jpg\" alt=\"Fiebre Aftosa\" width=\"280\" height=\"210\" srcset=\"https:\/\/www.agromundo.co\/blog\/wp-content\/uploads\/2017\/11\/Fiebre-Aftosa.jpg 280w, https:\/\/www.agromundo.co\/blog\/wp-content\/uploads\/2017\/11\/Fiebre-Aftosa-100x75.jpg 100w\" sizes=\"(max-width: 280px) 100vw, 280px\" \/><\/p>\n<p>Fiebre Aftosa.<\/p>\n<p>Foto: Archivo ICA. Bovinos.<\/p>\n<ul>\n<li><em>El pago se realiza teniendo en cuenta el precio de ganado kilo en pie de la subasta m\u00e1s cercana en el momento que se realiz\u00f3 el sacrificio m\u00e1s un 20% adicional si se presenta el registro de pureza del animal.\u00a0<\/em><\/li>\n<\/ul>\n<ul>\n<li><em>En la resoluci\u00f3n N\u00b0 12699 de 2017, se establecen los requisitos para acceder a las reparaciones econ\u00f3micas.\u00a0<a href=\"http:\/\/bit.ly\/2j0mpN8\">http:\/\/bit.ly\/2j0mpN8<\/a><\/em><\/li>\n<\/ul>\n<ul>\n<li><em>El Ministerio de Agricultura y El ICA y est\u00e1n trabajando para ayudar a quienes no cumplen los requisitos establecidos en la resoluci\u00f3n N\u00b0 12699.<\/em><strong>\u00a0<\/strong><\/li>\n<\/ul>\n<p>El Instituto Colombiano Agropecuario (ICA), inici\u00f3 el proceso de compensaci\u00f3n econ\u00f3mica a los ganaderos afectados por el brote de Fiebre Aftosa que se present\u00f3 en 3 sitios del pa\u00eds, en los meses de junio y julio pasados.<\/p>\n<p>El requisito principal para que el ICA realice el pago correspondiente, es que los productores ganaderos hayan realizado la vacunaci\u00f3n de sus animales, durante el I ciclo de vacunaci\u00f3n contra Fiebre Aftosa efectuado entre mayo y junio de 2017.<\/p>\n<p>Los ganaderos afectados deber\u00e1n presentar ante la Seccional del ICA de la jurisdicci\u00f3n en la que se encuentre el predio pecuario, donde se encontraban los animales sacrificados la siguiente documentaci\u00f3n:<\/p>\n<ul>\n<li>Registro \u00fanico de vacunaci\u00f3n (RUV) del ciclo inmediatamente anterior.<\/li>\n<li>Fotocopia de la c\u00e9dula de ciudadan\u00eda del propietario de los animales<\/li>\n<li>Planilla de liquidaci\u00f3n suscrita por un funcionario del Instituto Colombiano Agropecuario ICA o quien haga sus veces, un funcionario del Ministerio de Agricultura o quien haga sus veces y el propietario de los animales afectados.<\/li>\n<li>Certificaci\u00f3n de cuenta bancaria vigente del del beneficiario de la compensaci\u00f3n.<\/li>\n<li>Para el caso de animales puros, el propietario deber\u00e1 adjuntar el registro expedido por la asociaci\u00f3n ganadera en la que se encuentra inscrito.<\/li>\n<\/ul>\n<p>Luis Humberto Mart\u00ednez Lacouture el gerente general del ICA indic\u00f3 que desde finales de octubre se vienen realizando los pagos a los ganaderos que han presentado la documentaci\u00f3n que se vieron afectados en C\u00facuta, Yacop\u00ed, Caparrap\u00ed \u00a0 y Tibacuy y que por tratarse de dineros p\u00fablicos destinados a particulares, el ICA ha venido efectuando un riguroso proceso de revisi\u00f3n y evaluaci\u00f3n de la documentaci\u00f3n aportada con el fin de salvaguardar el proceso.<\/p>\n<p>Hasta la fecha, las personas que se han beneficiado con estas compensaciones corresponden a los municipios de Yacop\u00ed y\u00a0Tibacuy en el departamento de Cundinamarca.<\/p>\n<p>La informaci\u00f3n referente a este tema, se puede encontrar en las oficinas del ICA y en la p\u00e1gina web\u00a0<a href=\"http:\/\/www.ica.gov.co\/\">www.ica.gov.co\/<\/a><\/p>\n<p>Fuente: Adaptado de Instituto Colombiano Agropecuario.<\/p>\n<p>Con el patrocinio de:<\/p>\n<div id=\"attachment_6608\" style=\"width: 130px\" class=\"wp-caption alignleft\"><a href=\"http:\/\/www.agromundo.co\/plastigoma-pisos-de-caucho.html\"><img aria-describedby=\"caption-attachment-6608\" loading=\"lazy\" class=\"wp-image-6608\" src=\"http:\/\/www.agromundo.co\/blog\/wp-content\/uploads\/2017\/11\/Pisos-para-salas-de-orde\u00f1o-Plastigoma.jpg\" alt=\"Pisos para salas de orde\u00f1o Plastigoma\" width=\"120\" height=\"120\" srcset=\"https:\/\/www.agromundo.co\/blog\/wp-content\/uploads\/2017\/11\/Pisos-para-salas-de-orde\u00f1o-Plastigoma.jpg 160w, https:\/\/www.agromundo.co\/blog\/wp-content\/uploads\/2017\/11\/Pisos-para-salas-de-orde\u00f1o-Plastigoma-150x150.jpg 150w\" sizes=\"(max-width: 120px) 100vw, 120px\" \/><\/a><p id=\"caption-attachment-6608\" class=\"wp-caption-text\">Pisos de caucho vulcanizado para salas de orde\u00f1o<\/p><\/div>\n<div id=\"attachment_6550\" style=\"width: 130px\" class=\"wp-caption alignright\"><a href=\"http:\/\/www.agromundo.co\/aqua-fan-sas.html\"><img aria-describedby=\"caption-attachment-6550\" loading=\"lazy\" class=\"wp-image-6550\" src=\"http:\/\/www.agromundo.co\/blog\/wp-content\/uploads\/2017\/10\/Ventilador-aspersor-de-agua-Aquafan.jpg\" alt=\"Ventilador aspersor de agua Aquafan\" width=\"120\" height=\"120\" srcset=\"https:\/\/www.agromundo.co\/blog\/wp-content\/uploads\/2017\/10\/Ventilador-aspersor-de-agua-Aquafan.jpg 160w, https:\/\/www.agromundo.co\/blog\/wp-content\/uploads\/2017\/10\/Ventilador-aspersor-de-agua-Aquafan-150x150.jpg 150w\" sizes=\"(max-width: 120px) 100vw, 120px\" \/><\/a><p id=\"caption-attachment-6550\" class=\"wp-caption-text\">Ventilador aspersor de agua<\/p><\/div>\n","protected":false},"excerpt":{"rendered":"<p>Fiebre Aftosa. Foto: Archivo ICA. Bovinos. El pago se realiza teniendo en cuenta el precio de ganado kilo en pie de la subasta m\u00e1s cercana en el momento que se realiz\u00f3 el sacrificio m\u00e1s un 20% adicional si se presenta el registro de pureza del animal.\u00a0 En la resoluci\u00f3n N\u00b0 12699 de 2017, se establecen [&hellip;]<\/p>\n","protected":false},"author":1,"featured_media":6616,"comment_status":"open","ping_status":"open","sticky":false,"template":"","format":"standard","meta":[],"categories":[3,18,6],"tags":[3407,1008,464,1628],"yoast_head":"<!-- This site is optimized with the Yoast SEO plugin v17.3 - https:\/\/yoast.com\/wordpress\/plugins\/seo\/ -->\n<meta name=\"description\" content=\"Fiebre Aftosa. El ICA inici\u00f3 el proceso de compensaci\u00f3n econ\u00f3mica a los ganaderos afectados por el brote que se present\u00f3 en 3 sitios del pa\u00eds.\" \/>\n<meta name=\"robots\" content=\"index, follow, max-snippet:-1, max-image-preview:large, max-video-preview:-1\" \/>\n<meta property=\"og:locale\" content=\"es_ES\" \/>\n<meta property=\"og:type\" content=\"article\" \/>\n<meta property=\"og:title\" content=\"Fiebre Aftosa. El ICA compensa a ganaderos afectados. - Notiagro\" \/>\n<meta property=\"og:description\" content=\"Fiebre Aftosa. El ICA inici\u00f3 el proceso de compensaci\u00f3n econ\u00f3mica a los ganaderos afectados por el brote que se present\u00f3 en 3 sitios del pa\u00eds.\" \/>\n<meta property=\"og:site_name\" content=\"Notiagro\" \/>\n<meta property=\"article:published_time\" content=\"2017-11-28T14:46:03+00:00\" \/>\n<meta property=\"og:image\" content=\"https:\/\/www.agromundo.co\/blog\/wp-content\/uploads\/2017\/11\/Fiebre-Aftosa.jpg\" \/>\n\t<meta property=\"og:image:width\" content=\"280\" \/>\n\t<meta property=\"og:image:height\" content=\"210\" \/>\n<meta name=\"twitter:label1\" content=\"Escrito por\" \/>\n\t<meta name=\"twitter:data1\" content=\"admin\" \/>\n\t<meta name=\"twitter:label2\" content=\"Tiempo de lectura\" \/>\n\t<meta name=\"twitter:data2\" content=\"2 minutos\" \/>\n<script type=\"application\/ld+json\" class=\"yoast-schema-graph\">{\"@context\":\"https:\/\/schema.org\",\"@graph\":[{\"@type\":\"WebSite\",\"@id\":\"https:\/\/www.agromundo.co\/blog\/#website\",\"url\":\"https:\/\/www.agromundo.co\/blog\/\",\"name\":\"Notiagro\",\"description\":\"Noticias y eventos sector agropecuario colombiano\",\"potentialAction\":[{\"@type\":\"SearchAction\",\"target\":{\"@type\":\"EntryPoint\",\"urlTemplate\":\"https:\/\/www.agromundo.co\/blog\/?s={search_term_string}\"},\"query-input\":\"required name=search_term_string\"}],\"inLanguage\":\"es\"},{\"@type\":\"ImageObject\",\"@id\":\"#primaryimage\",\"inLanguage\":\"es\",\"url\":\"https:\/\/www.agromundo.co\/blog\/wp-content\/uploads\/2017\/11\/Fiebre-Aftosa.jpg\",\"contentUrl\":\"https:\/\/www.agromundo.co\/blog\/wp-content\/uploads\/2017\/11\/Fiebre-Aftosa.jpg\",\"width\":280,\"height\":210},{\"@type\":\"WebPage\",\"@id\":\"#webpage\",\"url\":null,\"name\":\"Fiebre Aftosa. El ICA compensa a ganaderos afectados. - Notiagro\",\"isPartOf\":{\"@id\":\"https:\/\/www.agromundo.co\/blog\/#website\"},\"primaryImageOfPage\":{\"@id\":\"#primaryimage\"},\"datePublished\":\"2017-11-28T14:46:03+00:00\",\"dateModified\":\"2017-11-28T14:46:03+00:00\",\"author\":{\"@id\":\"https:\/\/www.agromundo.co\/blog\/#\/schema\/person\/3e07d858c3c7a93ebf4ad3785559d35d\"},\"description\":\"Fiebre Aftosa. El ICA inici\\u00f3 el proceso de compensaci\\u00f3n econ\\u00f3mica a los ganaderos afectados por el brote que se present\\u00f3 en 3 sitios del pa\\u00eds.\",\"breadcrumb\":{\"@id\":\"#breadcrumb\"},\"inLanguage\":\"es\",\"potentialAction\":[{\"@type\":\"ReadAction\",\"target\":[null]}]},{\"@type\":\"BreadcrumbList\",\"@id\":\"#breadcrumb\",\"itemListElement\":[{\"@type\":\"ListItem\",\"position\":1,\"name\":\"Portada\",\"item\":\"https:\/\/www.agromundo.co\/blog\/\"},{\"@type\":\"ListItem\",\"position\":2,\"name\":\"Fiebre Aftosa. El ICA compensa a ganaderos afectados.\"}]},{\"@type\":\"Person\",\"@id\":\"https:\/\/www.agromundo.co\/blog\/#\/schema\/person\/3e07d858c3c7a93ebf4ad3785559d35d\",\"name\":\"admin\",\"image\":{\"@type\":\"ImageObject\",\"@id\":\"https:\/\/www.agromundo.co\/blog\/#personlogo\",\"inLanguage\":\"es\",\"url\":\"https:\/\/secure.gravatar.com\/avatar\/f990c4c6d966ea7f7bec9cc10bcda5ce?s=96&d=mm&r=g\",\"contentUrl\":\"https:\/\/secure.gravatar.com\/avatar\/f990c4c6d966ea7f7bec9cc10bcda5ce?s=96&d=mm&r=g\",\"caption\":\"admin\"},\"url\":\"https:\/\/www.agromundo.co\/blog\/author\/admin\/\"}]}<\/script>\n<!-- \/ Yoast SEO plugin. -->","yoast_head_json":{"description":"Fiebre Aftosa. El ICA inici\u00f3 el proceso de compensaci\u00f3n econ\u00f3mica a los ganaderos afectados por el brote que se present\u00f3 en 3 sitios del pa\u00eds.","robots":{"index":"index","follow":"follow","max-snippet":"max-snippet:-1","max-image-preview":"max-image-preview:large","max-video-preview":"max-video-preview:-1"},"og_locale":"es_ES","og_type":"article","og_title":"Fiebre Aftosa. El ICA compensa a ganaderos afectados. - Notiagro","og_description":"Fiebre Aftosa. El ICA inici\u00f3 el proceso de compensaci\u00f3n econ\u00f3mica a los ganaderos afectados por el brote que se present\u00f3 en 3 sitios del pa\u00eds.","og_site_name":"Notiagro","article_published_time":"2017-11-28T14:46:03+00:00","og_image":[{"width":280,"height":210,"url":"https:\/\/www.agromundo.co\/blog\/wp-content\/uploads\/2017\/11\/Fiebre-Aftosa.jpg","type":"image\/jpeg"}],"twitter_misc":{"Escrito por":"admin","Tiempo de lectura":"2 minutos"},"schema":{"@context":"https:\/\/schema.org","@graph":[{"@type":"WebSite","@id":"https:\/\/www.agromundo.co\/blog\/#website","url":"https:\/\/www.agromundo.co\/blog\/","name":"Notiagro","description":"Noticias y eventos sector agropecuario colombiano","potentialAction":[{"@type":"SearchAction","target":{"@type":"EntryPoint","urlTemplate":"https:\/\/www.agromundo.co\/blog\/?s={search_term_string}"},"query-input":"required name=search_term_string"}],"inLanguage":"es"},{"@type":"ImageObject","@id":"#primaryimage","inLanguage":"es","url":"https:\/\/www.agromundo.co\/blog\/wp-content\/uploads\/2017\/11\/Fiebre-Aftosa.jpg","contentUrl":"https:\/\/www.agromundo.co\/blog\/wp-content\/uploads\/2017\/11\/Fiebre-Aftosa.jpg","width":280,"height":210},{"@type":"WebPage","@id":"#webpage","url":null,"name":"Fiebre Aftosa. El ICA compensa a ganaderos afectados. - Notiagro","isPartOf":{"@id":"https:\/\/www.agromundo.co\/blog\/#website"},"primaryImageOfPage":{"@id":"#primaryimage"},"datePublished":"2017-11-28T14:46:03+00:00","dateModified":"2017-11-28T14:46:03+00:00","author":{"@id":"https:\/\/www.agromundo.co\/blog\/#\/schema\/person\/3e07d858c3c7a93ebf4ad3785559d35d"},"description":"Fiebre Aftosa. El ICA inici\u00f3 el proceso de compensaci\u00f3n econ\u00f3mica a los ganaderos afectados por el brote que se present\u00f3 en 3 sitios del pa\u00eds.","breadcrumb":{"@id":"#breadcrumb"},"inLanguage":"es","potentialAction":[{"@type":"ReadAction","target":[null]}]},{"@type":"BreadcrumbList","@id":"#breadcrumb","itemListElement":[{"@type":"ListItem","position":1,"name":"Portada","item":"https:\/\/www.agromundo.co\/blog\/"},{"@type":"ListItem","position":2,"name":"Fiebre Aftosa. El ICA compensa a ganaderos afectados."}]},{"@type":"Person","@id":"https:\/\/www.agromundo.co\/blog\/#\/schema\/person\/3e07d858c3c7a93ebf4ad3785559d35d","name":"admin","image":{"@type":"ImageObject","@id":"https:\/\/www.agromundo.co\/blog\/#personlogo","inLanguage":"es","url":"https:\/\/secure.gravatar.com\/avatar\/f990c4c6d966ea7f7bec9cc10bcda5ce?s=96&d=mm&r=g","contentUrl":"https:\/\/secure.gravatar.com\/avatar\/f990c4c6d966ea7f7bec9cc10bcda5ce?s=96&d=mm&r=g","caption":"admin"},"url":"https:\/\/www.agromundo.co\/blog\/author\/admin\/"}]}},"_links":{"self":[{"href":"https:\/\/www.agromundo.co\/blog\/wp-json\/wp\/v2\/posts\/6615"}],"collection":[{"href":"https:\/\/www.agromundo.co\/blog\/wp-json\/wp\/v2\/posts"}],"about":[{"href":"https:\/\/www.agromundo.co\/blog\/wp-json\/wp\/v2\/types\/post"}],"author":[{"embeddable":true,"href":"https:\/\/www.agromundo.co\/blog\/wp-json\/wp\/v2\/users\/1"}],"replies":[{"embeddable":true,"href":"https:\/\/www.agromundo.co\/blog\/wp-json\/wp\/v2\/comments?post=6615"}],"version-history":[{"count":1,"href":"https:\/\/www.agromundo.co\/blog\/wp-json\/wp\/v2\/posts\/6615\/revisions"}],"predecessor-version":[{"id":6617,"href":"https:\/\/www.agromundo.co\/blog\/wp-json\/wp\/v2\/posts\/6615\/revisions\/6617"}],"wp:featuredmedia":[{"embeddable":true,"href":"https:\/\/www.agromundo.co\/blog\/wp-json\/wp\/v2\/media\/6616"}],"wp:attachment":[{"href":"https:\/\/www.agromundo.co\/blog\/wp-json\/wp\/v2\/media?parent=6615"}],"wp:term":[{"taxonomy":"category","embeddable":true,"href":"https:\/\/www.agromundo.co\/blog\/wp-json\/wp\/v2\/categories?post=6615"},{"taxonomy":"post_tag","embeddable":true,"href":"https:\/\/www.agromundo.co\/blog\/wp-json\/wp\/v2\/tags?post=6615"}],"curies":[{"name":"wp","href":"https:\/\/api.w.org\/{rel}","templated":true}]}}