{"id":6622,"date":"2017-11-30T14:31:21","date_gmt":"2017-11-30T14:31:21","guid":{"rendered":"http:\/\/www.agromundo.co\/blog\/?p=6622"},"modified":"2017-11-30T14:31:21","modified_gmt":"2017-11-30T14:31:21","slug":"colombia-vende-colombia-comercializa","status":"publish","type":"post","link":"https:\/\/www.agromundo.co\/blog\/colombia-vende-colombia-comercializa\/","title":{"rendered":"Colombia vende y Colombia comercializa"},"content":{"rendered":"<p><img loading=\"lazy\" class=\"aligncenter size-full wp-image-6623\" src=\"http:\/\/www.agromundo.co\/blog\/wp-content\/uploads\/2017\/11\/Colombia-vende.jpg\" alt=\"Colombia vende\" width=\"307\" height=\"205\" srcset=\"https:\/\/www.agromundo.co\/blog\/wp-content\/uploads\/2017\/11\/Colombia-vende.jpg 307w, https:\/\/www.agromundo.co\/blog\/wp-content\/uploads\/2017\/11\/Colombia-vende-300x200.jpg 300w\" sizes=\"(max-width: 307px) 100vw, 307px\" \/><\/p>\n<p>Colombia vende<\/p>\n<p>Foto: Colprensa. LA PATRIA<\/p>\n<p>Juan Guillermo Zuluaga Cardona, \u00a0Ministro de Agricultura y Desarrollo Rural de Colombia anunci\u00f3 el lanzamiento del programa &#8216;Colombia vende y Colombia comercializa&#8217;, mediante el cual se pretende que los campesinos colombianos reciban un justo precio por sus productos por parte de los comercializadores.<\/p>\n<p>Indic\u00f3 Zuluaga que con el programa se inicia una ambiciosa campa\u00f1a para que los productos que siembran los campesinos puedan comercializarse y reciban un precio justo de parte de los intermediarios.<\/p>\n<p>Seg\u00fan el funcionario, la iniciativa busca seguir fortaleciendo el sector agropecuario, que de acuerdo con el informe del DANE se ha convertido en el dinamizador de la econom\u00eda colombiana, liderando el crecimiento del PIB durante el \u00faltimo trimestre del a\u00f1o y siendo su motor durante 3 trimestres consecutivos.<\/p>\n<p>Resalt\u00f3 el ministro que en muchas ocasiones, los intermediarios, quienes menos hacen, son los que m\u00e1s ganan en desventaja de los productores. Por lo que, en el remate del presente Gobierno van a generar las estrategias necesarias para acercar a los productores con quienes comercializan sus productos.<\/p>\n<p>Fuente: Adaptado de diario LA PATRIA. Nov. 26 de 2017<\/p>\n<p>&nbsp;<\/p>\n","protected":false},"excerpt":{"rendered":"<p>Colombia vende Foto: Colprensa. LA PATRIA Juan Guillermo Zuluaga Cardona, \u00a0Ministro de Agricultura y Desarrollo Rural de Colombia anunci\u00f3 el lanzamiento del programa &#8216;Colombia vende y Colombia comercializa&#8217;, mediante el cual se pretende que los campesinos colombianos reciban un justo precio por sus productos por parte de los comercializadores. Indic\u00f3 Zuluaga que con el programa [&hellip;]<\/p>\n","protected":false},"author":1,"featured_media":6623,"comment_status":"open","ping_status":"open","sticky":false,"template":"","format":"standard","meta":[],"categories":[5,3,18,6],"tags":[3413,3412,3414,2270],"yoast_head":"<!-- This site is optimized with the Yoast SEO plugin v17.3 - https:\/\/yoast.com\/wordpress\/plugins\/seo\/ -->\n<meta name=\"description\" content=\"Colombia vende y Colombia comercializa, programa para que los campesinos reciban un justo precio por sus productos de parte de los comercializadores\" \/>\n<meta name=\"robots\" content=\"index, follow, max-snippet:-1, max-image-preview:large, max-video-preview:-1\" \/>\n<meta property=\"og:locale\" content=\"es_ES\" \/>\n<meta property=\"og:type\" content=\"article\" \/>\n<meta property=\"og:title\" content=\"Colombia vende y Colombia comercializa - Notiagro\" \/>\n<meta property=\"og:description\" content=\"Colombia vende y Colombia comercializa, programa para que los campesinos reciban un justo precio por sus productos de parte de los comercializadores\" \/>\n<meta property=\"og:site_name\" content=\"Notiagro\" \/>\n<meta property=\"article:published_time\" content=\"2017-11-30T14:31:21+00:00\" \/>\n<meta property=\"og:image\" content=\"https:\/\/www.agromundo.co\/blog\/wp-content\/uploads\/2017\/11\/Colombia-vende.jpg\" \/>\n\t<meta property=\"og:image:width\" content=\"307\" \/>\n\t<meta property=\"og:image:height\" content=\"205\" \/>\n<meta name=\"twitter:label1\" content=\"Escrito por\" \/>\n\t<meta name=\"twitter:data1\" content=\"admin\" \/>\n\t<meta name=\"twitter:label2\" content=\"Tiempo de lectura\" \/>\n\t<meta name=\"twitter:data2\" content=\"1 minuto\" \/>\n<script type=\"application\/ld+json\" class=\"yoast-schema-graph\">{\"@context\":\"https:\/\/schema.org\",\"@graph\":[{\"@type\":\"WebSite\",\"@id\":\"https:\/\/www.agromundo.co\/blog\/#website\",\"url\":\"https:\/\/www.agromundo.co\/blog\/\",\"name\":\"Notiagro\",\"description\":\"Noticias y eventos sector agropecuario colombiano\",\"potentialAction\":[{\"@type\":\"SearchAction\",\"target\":{\"@type\":\"EntryPoint\",\"urlTemplate\":\"https:\/\/www.agromundo.co\/blog\/?s={search_term_string}\"},\"query-input\":\"required name=search_term_string\"}],\"inLanguage\":\"es\"},{\"@type\":\"ImageObject\",\"@id\":\"#primaryimage\",\"inLanguage\":\"es\",\"url\":\"https:\/\/www.agromundo.co\/blog\/wp-content\/uploads\/2017\/11\/Colombia-vende.jpg\",\"contentUrl\":\"https:\/\/www.agromundo.co\/blog\/wp-content\/uploads\/2017\/11\/Colombia-vende.jpg\",\"width\":307,\"height\":205},{\"@type\":\"WebPage\",\"@id\":\"#webpage\",\"url\":null,\"name\":\"Colombia vende y Colombia comercializa - Notiagro\",\"isPartOf\":{\"@id\":\"https:\/\/www.agromundo.co\/blog\/#website\"},\"primaryImageOfPage\":{\"@id\":\"#primaryimage\"},\"datePublished\":\"2017-11-30T14:31:21+00:00\",\"dateModified\":\"2017-11-30T14:31:21+00:00\",\"author\":{\"@id\":\"https:\/\/www.agromundo.co\/blog\/#\/schema\/person\/3e07d858c3c7a93ebf4ad3785559d35d\"},\"description\":\"Colombia vende y Colombia comercializa, programa para que los campesinos reciban un justo precio por sus productos de parte de los comercializadores\",\"breadcrumb\":{\"@id\":\"#breadcrumb\"},\"inLanguage\":\"es\",\"potentialAction\":[{\"@type\":\"ReadAction\",\"target\":[null]}]},{\"@type\":\"BreadcrumbList\",\"@id\":\"#breadcrumb\",\"itemListElement\":[{\"@type\":\"ListItem\",\"position\":1,\"name\":\"Portada\",\"item\":\"https:\/\/www.agromundo.co\/blog\/\"},{\"@type\":\"ListItem\",\"position\":2,\"name\":\"Colombia vende y Colombia comercializa\"}]},{\"@type\":\"Person\",\"@id\":\"https:\/\/www.agromundo.co\/blog\/#\/schema\/person\/3e07d858c3c7a93ebf4ad3785559d35d\",\"name\":\"admin\",\"image\":{\"@type\":\"ImageObject\",\"@id\":\"https:\/\/www.agromundo.co\/blog\/#personlogo\",\"inLanguage\":\"es\",\"url\":\"https:\/\/secure.gravatar.com\/avatar\/f990c4c6d966ea7f7bec9cc10bcda5ce?s=96&d=mm&r=g\",\"contentUrl\":\"https:\/\/secure.gravatar.com\/avatar\/f990c4c6d966ea7f7bec9cc10bcda5ce?s=96&d=mm&r=g\",\"caption\":\"admin\"},\"url\":\"https:\/\/www.agromundo.co\/blog\/author\/admin\/\"}]}<\/script>\n<!-- \/ Yoast SEO plugin. -->","yoast_head_json":{"description":"Colombia vende y Colombia comercializa, programa para que los campesinos reciban un justo precio por sus productos de parte de los comercializadores","robots":{"index":"index","follow":"follow","max-snippet":"max-snippet:-1","max-image-preview":"max-image-preview:large","max-video-preview":"max-video-preview:-1"},"og_locale":"es_ES","og_type":"article","og_title":"Colombia vende y Colombia comercializa - Notiagro","og_description":"Colombia vende y Colombia comercializa, programa para que los campesinos reciban un justo precio por sus productos de parte de los comercializadores","og_site_name":"Notiagro","article_published_time":"2017-11-30T14:31:21+00:00","og_image":[{"width":307,"height":205,"url":"https:\/\/www.agromundo.co\/blog\/wp-content\/uploads\/2017\/11\/Colombia-vende.jpg","type":"image\/jpeg"}],"twitter_misc":{"Escrito por":"admin","Tiempo de lectura":"1 minuto"},"schema":{"@context":"https:\/\/schema.org","@graph":[{"@type":"WebSite","@id":"https:\/\/www.agromundo.co\/blog\/#website","url":"https:\/\/www.agromundo.co\/blog\/","name":"Notiagro","description":"Noticias y eventos sector agropecuario colombiano","potentialAction":[{"@type":"SearchAction","target":{"@type":"EntryPoint","urlTemplate":"https:\/\/www.agromundo.co\/blog\/?s={search_term_string}"},"query-input":"required name=search_term_string"}],"inLanguage":"es"},{"@type":"ImageObject","@id":"#primaryimage","inLanguage":"es","url":"https:\/\/www.agromundo.co\/blog\/wp-content\/uploads\/2017\/11\/Colombia-vende.jpg","contentUrl":"https:\/\/www.agromundo.co\/blog\/wp-content\/uploads\/2017\/11\/Colombia-vende.jpg","width":307,"height":205},{"@type":"WebPage","@id":"#webpage","url":null,"name":"Colombia vende y Colombia comercializa - Notiagro","isPartOf":{"@id":"https:\/\/www.agromundo.co\/blog\/#website"},"primaryImageOfPage":{"@id":"#primaryimage"},"datePublished":"2017-11-30T14:31:21+00:00","dateModified":"2017-11-30T14:31:21+00:00","author":{"@id":"https:\/\/www.agromundo.co\/blog\/#\/schema\/person\/3e07d858c3c7a93ebf4ad3785559d35d"},"description":"Colombia vende y Colombia comercializa, programa para que los campesinos reciban un justo precio por sus productos de parte de los comercializadores","breadcrumb":{"@id":"#breadcrumb"},"inLanguage":"es","potentialAction":[{"@type":"ReadAction","target":[null]}]},{"@type":"BreadcrumbList","@id":"#breadcrumb","itemListElement":[{"@type":"ListItem","position":1,"name":"Portada","item":"https:\/\/www.agromundo.co\/blog\/"},{"@type":"ListItem","position":2,"name":"Colombia vende y Colombia comercializa"}]},{"@type":"Person","@id":"https:\/\/www.agromundo.co\/blog\/#\/schema\/person\/3e07d858c3c7a93ebf4ad3785559d35d","name":"admin","image":{"@type":"ImageObject","@id":"https:\/\/www.agromundo.co\/blog\/#personlogo","inLanguage":"es","url":"https:\/\/secure.gravatar.com\/avatar\/f990c4c6d966ea7f7bec9cc10bcda5ce?s=96&d=mm&r=g","contentUrl":"https:\/\/secure.gravatar.com\/avatar\/f990c4c6d966ea7f7bec9cc10bcda5ce?s=96&d=mm&r=g","caption":"admin"},"url":"https:\/\/www.agromundo.co\/blog\/author\/admin\/"}]}},"_links":{"self":[{"href":"https:\/\/www.agromundo.co\/blog\/wp-json\/wp\/v2\/posts\/6622"}],"collection":[{"href":"https:\/\/www.agromundo.co\/blog\/wp-json\/wp\/v2\/posts"}],"about":[{"href":"https:\/\/www.agromundo.co\/blog\/wp-json\/wp\/v2\/types\/post"}],"author":[{"embeddable":true,"href":"https:\/\/www.agromundo.co\/blog\/wp-json\/wp\/v2\/users\/1"}],"replies":[{"embeddable":true,"href":"https:\/\/www.agromundo.co\/blog\/wp-json\/wp\/v2\/comments?post=6622"}],"version-history":[{"count":1,"href":"https:\/\/www.agromundo.co\/blog\/wp-json\/wp\/v2\/posts\/6622\/revisions"}],"predecessor-version":[{"id":6624,"href":"https:\/\/www.agromundo.co\/blog\/wp-json\/wp\/v2\/posts\/6622\/revisions\/6624"}],"wp:featuredmedia":[{"embeddable":true,"href":"https:\/\/www.agromundo.co\/blog\/wp-json\/wp\/v2\/media\/6623"}],"wp:attachment":[{"href":"https:\/\/www.agromundo.co\/blog\/wp-json\/wp\/v2\/media?parent=6622"}],"wp:term":[{"taxonomy":"category","embeddable":true,"href":"https:\/\/www.agromundo.co\/blog\/wp-json\/wp\/v2\/categories?post=6622"},{"taxonomy":"post_tag","embeddable":true,"href":"https:\/\/www.agromundo.co\/blog\/wp-json\/wp\/v2\/tags?post=6622"}],"curies":[{"name":"wp","href":"https:\/\/api.w.org\/{rel}","templated":true}]}}