{"id":6756,"date":"2018-02-02T14:47:38","date_gmt":"2018-02-02T14:47:38","guid":{"rendered":"http:\/\/www.agromundo.co\/blog\/?p=6756"},"modified":"2018-02-02T14:49:42","modified_gmt":"2018-02-02T14:49:42","slug":"asojersey-primer-dia-campo-del-2018","status":"publish","type":"post","link":"https:\/\/www.agromundo.co\/blog\/asojersey-primer-dia-campo-del-2018\/","title":{"rendered":"Asojersey. Primer d\u00eda de campo del 2018"},"content":{"rendered":"<div id=\"attachment_6757\" style=\"width: 310px\" class=\"wp-caption aligncenter\"><img aria-describedby=\"caption-attachment-6757\" loading=\"lazy\" class=\"wp-image-6757 size-full\" src=\"http:\/\/www.agromundo.co\/blog\/wp-content\/uploads\/2018\/02\/Asojersey.jpg\" alt=\"Asojersey\" width=\"300\" height=\"205\" \/><p id=\"caption-attachment-6757\" class=\"wp-caption-text\">Este ser\u00e1 el primer d\u00eda de campo del presente a\u00f1o que realizar\u00e1 Asojersey. Foto: asojersey.com<\/p><\/div>\n<ul>\n<li><em>Asojersey\u00a0(Asociaci\u00f3n Colombiana de Criadores de Ganado Jersey), ha organizado la actividad que se llevar\u00e1 a cabo el pr\u00f3ximo viernes 9 de febrero en las instalaciones del Criadero El Sant\u00edsimo, para que los asistentes puedan apreciar las bondades de esa raza lechera.<\/em><\/li>\n<\/ul>\n<p>De acuerdo con la directora ejecutiva de Asojersey, Liliana Quevedo Soto, este es el primer encuentro de muchos m\u00e1s que se realizar\u00e1n a lo largo del 2018.<\/p>\n<p>Seg\u00fan precis\u00f3, este a\u00f1o la asociaci\u00f3n tendr\u00e1 una serie de eventos.\u00a0Este ser\u00e1 el primero que se va a realizar en Cundinamarca, pero la convocatoria es nacional porque la raza Jersey se ha difundido por todas las regiones y existe mucho inter\u00e9s de parte de los ganaderos.<\/p>\n<p>De acuerdo con la funcionaria, ser\u00e1 una gran oportunidad para apreciar el proyecto que se viene desarrollando en la ganader\u00eda El Sant\u00edsimo, que alberga en la actualidad 100 bovinos Jersey con una alta producci\u00f3n de leche, as\u00ed como ejemplares que han salido a competir en pista.<\/p>\n<p>Coment\u00f3 que es una actividad acad\u00e9mica en la que cuentan con el apoyo de m\u00e9dicos veterinarios de Asojersey y representantes de casas comerciales, con temas espec\u00edficos orientados hacia la raza.<\/p>\n<p>Roberto P\u00e1ez Muzzulini, es el presidente de Asojersey y el propietario del criadero. El dirigente inici\u00f3 el proyecto hace apenas 3 a\u00f1os y su ganader\u00eda se ha consolidado como una de las m\u00e1s importantes de Jersey en Colombia.<\/p>\n<p>Se\u00f1al\u00f3 P\u00e1ez Muzzulini \u00a0que la idea es divulgar los desarrollos que he venido realizando.\u00a0Indic\u00f3 que aunque lleva poco tiempo en el tema, cree que la tarea la ha hecho de forma juiciosa y le gustar\u00eda mostrar este proyecto de la Sabana de Bogot\u00e1 para que los empresarios ganaderos rompan el mito que una vaca de pista no es productora de leche.<\/p>\n<p>El d\u00eda de campo iniciar\u00e1 a las 9 a.mm el viernes 9 de febrero en el Criadero El Sant\u00edsimo, localizado en el municipio de Tenjo (Cundinamarca). La invitaci\u00f3n se ha cursado a todos los productores nacionales interesados en la raza.<\/p>\n<p>Para inscribirse y ver las direcciones para llegar hasta la finca puede consultar la p\u00e1gina web\u00a0asojersey.com\u00a0. Si desea mayor informaci\u00f3n, puede escribir al correo\u00a0<a href=\"mailto:info@asojersey.com\">info@asojersey.com<\/a> o llamar a los tel\u00e9fonos\u00a0(1) 6161312\u00a0o\u00a03138526423.<\/p>\n<p>&nbsp;<\/p>\n<p>Fuente: Adaptado de CONtexto Ganadero.<\/p>\n<p>Con el patrocinio de:<\/p>\n<div id=\"attachment_6667\" style=\"width: 134px\" class=\"wp-caption alignleft\"><a href=\"http:\/\/www.agromundo.co\/actual-biotec.html\"><img aria-describedby=\"caption-attachment-6667\" loading=\"lazy\" class=\"wp-image-6667\" src=\"http:\/\/www.agromundo.co\/blog\/wp-content\/uploads\/2017\/12\/Kit-de-inseminaci\u00f3n-Actual-Biotec.jpg\" alt=\"Kit de inseminaci\u00f3n Actual Biotec\" width=\"124\" height=\"120\" \/><\/a><p id=\"caption-attachment-6667\" class=\"wp-caption-text\">Kit de inseminaci\u00f3n Actual Biotec<\/p><\/div>\n<div id=\"attachment_6543\" style=\"width: 130px\" class=\"wp-caption alignright\"><a href=\"http:\/\/www.agromundo.co\/friomax.html\"><img aria-describedby=\"caption-attachment-6543\" loading=\"lazy\" class=\"wp-image-6543 size-full\" src=\"http:\/\/www.agromundo.co\/blog\/wp-content\/uploads\/2017\/10\/Friomax.jpg\" alt=\"Friomax\" width=\"120\" height=\"120\" \/><\/a><p id=\"caption-attachment-6543\" class=\"wp-caption-text\">Equipos para procesamiento de leche Friomax<\/p><\/div>\n","protected":false},"excerpt":{"rendered":"<p>Asojersey\u00a0(Asociaci\u00f3n Colombiana de Criadores de Ganado Jersey), ha organizado la actividad que se llevar\u00e1 a cabo el pr\u00f3ximo viernes 9 de febrero en las instalaciones del Criadero El Sant\u00edsimo, para que los asistentes puedan apreciar las bondades de esa raza lechera. De acuerdo con la directora ejecutiva de Asojersey, Liliana Quevedo Soto, este es el [&hellip;]<\/p>\n","protected":false},"author":1,"featured_media":6757,"comment_status":"open","ping_status":"open","sticky":false,"template":"","format":"standard","meta":[],"categories":[22,3,18,6],"tags":[3495,3496,1628,811,3497],"yoast_head":"<!-- This site is optimized with the Yoast SEO plugin v17.3 - https:\/\/yoast.com\/wordpress\/plugins\/seo\/ -->\n<meta name=\"description\" content=\"El primer d\u00eda de campo Asojersey del 2018 se realizar\u00e1 el pr\u00f3ximo 9 de febrero en el criadero El Sant\u00edsimo, localizado enTenjo (Cundinamarca).\" \/>\n<meta name=\"robots\" content=\"index, follow, max-snippet:-1, max-image-preview:large, max-video-preview:-1\" \/>\n<meta property=\"og:locale\" content=\"es_ES\" \/>\n<meta property=\"og:type\" content=\"article\" \/>\n<meta property=\"og:title\" content=\"Asojersey. Primer d\u00eda de campo del 2018 - Notiagro\" \/>\n<meta property=\"og:description\" content=\"El primer d\u00eda de campo Asojersey del 2018 se realizar\u00e1 el pr\u00f3ximo 9 de febrero en el criadero El Sant\u00edsimo, localizado enTenjo (Cundinamarca).\" \/>\n<meta property=\"og:site_name\" content=\"Notiagro\" \/>\n<meta property=\"article:published_time\" content=\"2018-02-02T14:47:38+00:00\" \/>\n<meta property=\"article:modified_time\" content=\"2018-02-02T14:49:42+00:00\" \/>\n<meta property=\"og:image\" content=\"http:\/\/www.agromundo.co\/blog\/wp-content\/uploads\/2018\/02\/Asojersey.jpg\" \/>\n\t<meta property=\"og:image:width\" content=\"300\" \/>\n\t<meta property=\"og:image:height\" content=\"205\" \/>\n<meta name=\"twitter:label1\" content=\"Escrito por\" \/>\n\t<meta name=\"twitter:data1\" content=\"admin\" \/>\n\t<meta name=\"twitter:label2\" content=\"Tiempo de lectura\" \/>\n\t<meta name=\"twitter:data2\" content=\"2 minutos\" \/>\n<script type=\"application\/ld+json\" class=\"yoast-schema-graph\">{\"@context\":\"https:\/\/schema.org\",\"@graph\":[{\"@type\":\"WebSite\",\"@id\":\"https:\/\/www.agromundo.co\/blog\/#website\",\"url\":\"https:\/\/www.agromundo.co\/blog\/\",\"name\":\"Notiagro\",\"description\":\"Noticias y eventos sector agropecuario colombiano\",\"potentialAction\":[{\"@type\":\"SearchAction\",\"target\":{\"@type\":\"EntryPoint\",\"urlTemplate\":\"https:\/\/www.agromundo.co\/blog\/?s={search_term_string}\"},\"query-input\":\"required name=search_term_string\"}],\"inLanguage\":\"es\"},{\"@type\":\"ImageObject\",\"@id\":\"#primaryimage\",\"inLanguage\":\"es\",\"url\":\"https:\/\/www.agromundo.co\/blog\/wp-content\/uploads\/2018\/02\/Asojersey.jpg\",\"contentUrl\":\"https:\/\/www.agromundo.co\/blog\/wp-content\/uploads\/2018\/02\/Asojersey.jpg\",\"width\":300,\"height\":205},{\"@type\":\"WebPage\",\"@id\":\"#webpage\",\"url\":null,\"name\":\"Asojersey. Primer d\\u00eda de campo del 2018 - Notiagro\",\"isPartOf\":{\"@id\":\"https:\/\/www.agromundo.co\/blog\/#website\"},\"primaryImageOfPage\":{\"@id\":\"#primaryimage\"},\"datePublished\":\"2018-02-02T14:47:38+00:00\",\"dateModified\":\"2018-02-02T14:49:42+00:00\",\"author\":{\"@id\":\"https:\/\/www.agromundo.co\/blog\/#\/schema\/person\/3e07d858c3c7a93ebf4ad3785559d35d\"},\"description\":\"El primer d\\u00eda de campo Asojersey del 2018 se realizar\\u00e1 el pr\\u00f3ximo 9 de febrero en el criadero El Sant\\u00edsimo, localizado enTenjo (Cundinamarca).\",\"breadcrumb\":{\"@id\":\"#breadcrumb\"},\"inLanguage\":\"es\",\"potentialAction\":[{\"@type\":\"ReadAction\",\"target\":[null]}]},{\"@type\":\"BreadcrumbList\",\"@id\":\"#breadcrumb\",\"itemListElement\":[{\"@type\":\"ListItem\",\"position\":1,\"name\":\"Portada\",\"item\":\"https:\/\/www.agromundo.co\/blog\/\"},{\"@type\":\"ListItem\",\"position\":2,\"name\":\"Asojersey. Primer d\\u00eda de campo del 2018\"}]},{\"@type\":\"Person\",\"@id\":\"https:\/\/www.agromundo.co\/blog\/#\/schema\/person\/3e07d858c3c7a93ebf4ad3785559d35d\",\"name\":\"admin\",\"image\":{\"@type\":\"ImageObject\",\"@id\":\"https:\/\/www.agromundo.co\/blog\/#personlogo\",\"inLanguage\":\"es\",\"url\":\"https:\/\/secure.gravatar.com\/avatar\/f990c4c6d966ea7f7bec9cc10bcda5ce?s=96&d=mm&r=g\",\"contentUrl\":\"https:\/\/secure.gravatar.com\/avatar\/f990c4c6d966ea7f7bec9cc10bcda5ce?s=96&d=mm&r=g\",\"caption\":\"admin\"},\"url\":\"https:\/\/www.agromundo.co\/blog\/author\/admin\/\"}]}<\/script>\n<!-- \/ Yoast SEO plugin. -->","yoast_head_json":{"description":"El primer d\u00eda de campo Asojersey del 2018 se realizar\u00e1 el pr\u00f3ximo 9 de febrero en el criadero El Sant\u00edsimo, localizado enTenjo (Cundinamarca).","robots":{"index":"index","follow":"follow","max-snippet":"max-snippet:-1","max-image-preview":"max-image-preview:large","max-video-preview":"max-video-preview:-1"},"og_locale":"es_ES","og_type":"article","og_title":"Asojersey. Primer d\u00eda de campo del 2018 - Notiagro","og_description":"El primer d\u00eda de campo Asojersey del 2018 se realizar\u00e1 el pr\u00f3ximo 9 de febrero en el criadero El Sant\u00edsimo, localizado enTenjo (Cundinamarca).","og_site_name":"Notiagro","article_published_time":"2018-02-02T14:47:38+00:00","article_modified_time":"2018-02-02T14:49:42+00:00","og_image":[{"width":300,"height":205,"url":"http:\/\/www.agromundo.co\/blog\/wp-content\/uploads\/2018\/02\/Asojersey.jpg","type":"image\/jpeg"}],"twitter_misc":{"Escrito por":"admin","Tiempo de lectura":"2 minutos"},"schema":{"@context":"https:\/\/schema.org","@graph":[{"@type":"WebSite","@id":"https:\/\/www.agromundo.co\/blog\/#website","url":"https:\/\/www.agromundo.co\/blog\/","name":"Notiagro","description":"Noticias y eventos sector agropecuario colombiano","potentialAction":[{"@type":"SearchAction","target":{"@type":"EntryPoint","urlTemplate":"https:\/\/www.agromundo.co\/blog\/?s={search_term_string}"},"query-input":"required name=search_term_string"}],"inLanguage":"es"},{"@type":"ImageObject","@id":"#primaryimage","inLanguage":"es","url":"https:\/\/www.agromundo.co\/blog\/wp-content\/uploads\/2018\/02\/Asojersey.jpg","contentUrl":"https:\/\/www.agromundo.co\/blog\/wp-content\/uploads\/2018\/02\/Asojersey.jpg","width":300,"height":205},{"@type":"WebPage","@id":"#webpage","url":null,"name":"Asojersey. Primer d\u00eda de campo del 2018 - Notiagro","isPartOf":{"@id":"https:\/\/www.agromundo.co\/blog\/#website"},"primaryImageOfPage":{"@id":"#primaryimage"},"datePublished":"2018-02-02T14:47:38+00:00","dateModified":"2018-02-02T14:49:42+00:00","author":{"@id":"https:\/\/www.agromundo.co\/blog\/#\/schema\/person\/3e07d858c3c7a93ebf4ad3785559d35d"},"description":"El primer d\u00eda de campo Asojersey del 2018 se realizar\u00e1 el pr\u00f3ximo 9 de febrero en el criadero El Sant\u00edsimo, localizado enTenjo (Cundinamarca).","breadcrumb":{"@id":"#breadcrumb"},"inLanguage":"es","potentialAction":[{"@type":"ReadAction","target":[null]}]},{"@type":"BreadcrumbList","@id":"#breadcrumb","itemListElement":[{"@type":"ListItem","position":1,"name":"Portada","item":"https:\/\/www.agromundo.co\/blog\/"},{"@type":"ListItem","position":2,"name":"Asojersey. Primer d\u00eda de campo del 2018"}]},{"@type":"Person","@id":"https:\/\/www.agromundo.co\/blog\/#\/schema\/person\/3e07d858c3c7a93ebf4ad3785559d35d","name":"admin","image":{"@type":"ImageObject","@id":"https:\/\/www.agromundo.co\/blog\/#personlogo","inLanguage":"es","url":"https:\/\/secure.gravatar.com\/avatar\/f990c4c6d966ea7f7bec9cc10bcda5ce?s=96&d=mm&r=g","contentUrl":"https:\/\/secure.gravatar.com\/avatar\/f990c4c6d966ea7f7bec9cc10bcda5ce?s=96&d=mm&r=g","caption":"admin"},"url":"https:\/\/www.agromundo.co\/blog\/author\/admin\/"}]}},"_links":{"self":[{"href":"https:\/\/www.agromundo.co\/blog\/wp-json\/wp\/v2\/posts\/6756"}],"collection":[{"href":"https:\/\/www.agromundo.co\/blog\/wp-json\/wp\/v2\/posts"}],"about":[{"href":"https:\/\/www.agromundo.co\/blog\/wp-json\/wp\/v2\/types\/post"}],"author":[{"embeddable":true,"href":"https:\/\/www.agromundo.co\/blog\/wp-json\/wp\/v2\/users\/1"}],"replies":[{"embeddable":true,"href":"https:\/\/www.agromundo.co\/blog\/wp-json\/wp\/v2\/comments?post=6756"}],"version-history":[{"count":1,"href":"https:\/\/www.agromundo.co\/blog\/wp-json\/wp\/v2\/posts\/6756\/revisions"}],"predecessor-version":[{"id":6758,"href":"https:\/\/www.agromundo.co\/blog\/wp-json\/wp\/v2\/posts\/6756\/revisions\/6758"}],"wp:featuredmedia":[{"embeddable":true,"href":"https:\/\/www.agromundo.co\/blog\/wp-json\/wp\/v2\/media\/6757"}],"wp:attachment":[{"href":"https:\/\/www.agromundo.co\/blog\/wp-json\/wp\/v2\/media?parent=6756"}],"wp:term":[{"taxonomy":"category","embeddable":true,"href":"https:\/\/www.agromundo.co\/blog\/wp-json\/wp\/v2\/categories?post=6756"},{"taxonomy":"post_tag","embeddable":true,"href":"https:\/\/www.agromundo.co\/blog\/wp-json\/wp\/v2\/tags?post=6756"}],"curies":[{"name":"wp","href":"https:\/\/api.w.org\/{rel}","templated":true}]}}