{"id":6768,"date":"2018-02-07T14:57:46","date_gmt":"2018-02-07T14:57:46","guid":{"rendered":"http:\/\/www.agromundo.co\/blog\/?p=6768"},"modified":"2018-02-07T14:57:46","modified_gmt":"2018-02-07T14:57:46","slug":"expoterneros-2018","status":"publish","type":"post","link":"https:\/\/www.agromundo.co\/blog\/expoterneros-2018\/","title":{"rendered":"Expoterneros 2018. Monter\u00eda del 8 al 11 de febrero"},"content":{"rendered":"<p>Expoterneros 2018<\/p>\n<div id=\"attachment_6769\" style=\"width: 310px\" class=\"wp-caption aligncenter\"><img aria-describedby=\"caption-attachment-6769\" loading=\"lazy\" class=\"wp-image-6769 size-full\" src=\"http:\/\/www.agromundo.co\/blog\/wp-content\/uploads\/2018\/02\/Expoterneros-2018.jpg\" alt=\"Expoterneros 2018\" width=\"300\" height=\"205\" \/><p id=\"caption-attachment-6769\" class=\"wp-caption-text\">La primera versi\u00f3n cont\u00f3 con 430 bovinos. Este a\u00f1o fueron inscritos 100 m\u00e1s. Foto: Cortes\u00eda.<\/p><\/div>\n<ul>\n<li><em>Luego de la exitosa versi\u00f3n del 2017, la II Feria Expoterneros 2018 \u201cMonter\u00eda, tierra de ensue\u00f1o\u201d busca continuar fortaleciendo el sector bovino de la regi\u00f3n y consolidar esta ciudad como la capital ganadera de Colombia.<\/em><\/li>\n<\/ul>\n<p>La directora de la Fundaci\u00f3n Horizonte sin Fronteras, Salua Milena Ortega Rojas, explic\u00f3 que Expoterneros naci\u00f3 con el prop\u00f3sito de consolidar al departamento y su capital como un referente nacional.<\/p>\n<p>En esta versi\u00f3n, estar\u00e1n presentes en el evento m\u00e1s de 520 animales, 100 m\u00e1s que durante la primera edici\u00f3n, de las razas Gyr, Brahman, Guzer\u00e1, as\u00ed como cruces F1 para leche y doble prop\u00f3sito.<\/p>\n<p>Los ejemplares competir\u00e1n de acuerdo con sus razas y sus edades: los Gyr y Guzer\u00e1 participar\u00e1n de 9 a 18 meses;\u00a0los Brahman de 9 a 24 meses; las hembras F1 con tendencia a leche de 9 a 15 meses y los doble prop\u00f3sito de 7 a 18 meses. Tambi\u00e9n se realizar\u00e1 el Baby show de 7 a 9 meses.<\/p>\n<p>El evento se iniciar\u00e1 el jueves 8 de febrero con charlas acad\u00e9micas\u00a0relacionadas con el ganado para la producci\u00f3n de leche y sus cruces, con el acompa\u00f1amiento del Comit\u00e9 de Cebu\u00ednos Lecheros, una organizaci\u00f3n creada recientemente que ya cuenta con 30 asociados.<\/p>\n<p>Agreg\u00f3 Ortega Rojas que el ganado con tendencia a leche ha tenido un crecimiento importante en el departamento, porque se est\u00e1 mejorando mejorando la productividad. En la competencia que se tendr\u00e1 ya hay inscritos 30 animales.<\/p>\n<p>Durante los d\u00edas viernes 9 y s\u00e1bado 10 se llevar\u00e1n a cabo las competencias,\u00a0finalizando el mismo s\u00e1bado a las 6:00 p.m. con el Gran Remate, moderado por Subastar. All\u00ed ser\u00e1n ofrecidos 50 lotes de ganado, as\u00ed como los ejemplares ganadores en los juzgamientos de la Feria Expoterneros 2018.<\/p>\n<p>Luciana Queiroz, catalogada como \u201cla mejor juez de Brasil, ser\u00e1 la juez del certamen. La experta evaluar\u00e1 los bovinos Guzer\u00e1, Gyr y F1 para leche.<\/p>\n<p>La comercializadora Subastar y la Alcald\u00eda de Monter\u00eda \u00a0patrocinan el evento, que es apoyado por Asoceb\u00fa, el Comit\u00e9 Cebuista de C\u00f3rdoba, el Comit\u00e9 de Cebu\u00ednos Lecheros y sus cruces y Prodesa.<\/p>\n<p>Expoterneros 2018 tendr\u00e1 lugar del 7 al 11 de febrero de 2018 en el restaurante Los Potrillos de Monter\u00eda y tendr\u00e1 entrada libre.<\/p>\n<p>Para mayor informaci\u00f3n, comun\u00edquese al tel\u00e9fono celular\u00a03183484031, escriba al correo\u00a0<a href=\"mailto:fundhorizontes@hotmail.com\">fundhorizontes@hotmail.com<\/a> .<\/p>\n<p>&nbsp;<\/p>\n<p>Fuente: Adaptado de CONtexto Ganadero.<\/p>\n<p>Con el patrocinio de:<\/p>\n<div id=\"attachment_6660\" style=\"width: 155px\" class=\"wp-caption alignleft\"><a href=\"http:\/\/www.agromundo.co\/basculas-prometalicos-sa.html\"><img aria-describedby=\"caption-attachment-6660\" loading=\"lazy\" class=\"wp-image-6660\" src=\"http:\/\/www.agromundo.co\/blog\/wp-content\/uploads\/2017\/12\/B\u00e1scula-ganadera-electromec\u00e1nica-Promet\u00e1licos..jpg\" alt=\"B\u00e1scula ganadera electromec\u00e1nica Promet\u00e1licos.\" width=\"145\" height=\"120\" \/><\/a><p id=\"caption-attachment-6660\" class=\"wp-caption-text\">B\u00e1scula ganadera electromec\u00e1nica Promet\u00e1licos.<\/p><\/div>\n<div id=\"attachment_6415\" style=\"width: 106px\" class=\"wp-caption alignright\"><a href=\"http:\/\/www.agromundo.co\/alimento-y-suplementos-para-ganado-y-caballos.html\"><img aria-describedby=\"caption-attachment-6415\" loading=\"lazy\" class=\"wp-image-6415\" src=\"http:\/\/www.agromundo.co\/blog\/wp-content\/uploads\/2017\/08\/Proteinado-Ternero-Lactante-Nutryr-1.png\" alt=\"Proteinado Ternero Lactante Nutryr\" width=\"96\" height=\"120\" \/><\/a><p id=\"caption-attachment-6415\" class=\"wp-caption-text\">Proteinado Ternero Lactante Nutryr<\/p><\/div>\n<p>&nbsp;<\/p>\n","protected":false},"excerpt":{"rendered":"<p>Expoterneros 2018 Luego de la exitosa versi\u00f3n del 2017, la II Feria Expoterneros 2018 \u201cMonter\u00eda, tierra de ensue\u00f1o\u201d busca continuar fortaleciendo el sector bovino de la regi\u00f3n y consolidar esta ciudad como la capital ganadera de Colombia. La directora de la Fundaci\u00f3n Horizonte sin Fronteras, Salua Milena Ortega Rojas, explic\u00f3 que Expoterneros naci\u00f3 con el [&hellip;]<\/p>\n","protected":false},"author":1,"featured_media":6769,"comment_status":"open","ping_status":"open","sticky":false,"template":"","format":"standard","meta":[],"categories":[22,3,18,6],"tags":[1515,3500,2103,1628],"yoast_head":"<!-- This site is optimized with the Yoast SEO plugin v17.3 - https:\/\/yoast.com\/wordpress\/plugins\/seo\/ -->\n<meta name=\"description\" content=\"Del 7 al 11 de febrero de 2018 se llevar\u00e1 a cabo en la ciudad de Monter\u00eda, la feria Expoterneros 2018, que este a\u00f1o llega a su segunda versi\u00f3n.\" \/>\n<meta name=\"robots\" content=\"index, follow, max-snippet:-1, max-image-preview:large, max-video-preview:-1\" \/>\n<meta property=\"og:locale\" content=\"es_ES\" \/>\n<meta property=\"og:type\" content=\"article\" \/>\n<meta property=\"og:title\" content=\"Expoterneros 2018. Monter\u00eda del 8 al 11 de febrero - Notiagro\" \/>\n<meta property=\"og:description\" content=\"Del 7 al 11 de febrero de 2018 se llevar\u00e1 a cabo en la ciudad de Monter\u00eda, la feria Expoterneros 2018, que este a\u00f1o llega a su segunda versi\u00f3n.\" \/>\n<meta property=\"og:site_name\" content=\"Notiagro\" \/>\n<meta property=\"article:published_time\" content=\"2018-02-07T14:57:46+00:00\" \/>\n<meta property=\"og:image\" content=\"https:\/\/www.agromundo.co\/blog\/wp-content\/uploads\/2018\/02\/Expoterneros-2018.jpg\" \/>\n\t<meta property=\"og:image:width\" content=\"300\" \/>\n\t<meta property=\"og:image:height\" content=\"205\" \/>\n<meta name=\"twitter:label1\" content=\"Escrito por\" \/>\n\t<meta name=\"twitter:data1\" content=\"admin\" \/>\n\t<meta name=\"twitter:label2\" content=\"Tiempo de lectura\" \/>\n\t<meta name=\"twitter:data2\" content=\"2 minutos\" \/>\n<script type=\"application\/ld+json\" class=\"yoast-schema-graph\">{\"@context\":\"https:\/\/schema.org\",\"@graph\":[{\"@type\":\"WebSite\",\"@id\":\"https:\/\/www.agromundo.co\/blog\/#website\",\"url\":\"https:\/\/www.agromundo.co\/blog\/\",\"name\":\"Notiagro\",\"description\":\"Noticias y eventos sector agropecuario colombiano\",\"potentialAction\":[{\"@type\":\"SearchAction\",\"target\":{\"@type\":\"EntryPoint\",\"urlTemplate\":\"https:\/\/www.agromundo.co\/blog\/?s={search_term_string}\"},\"query-input\":\"required name=search_term_string\"}],\"inLanguage\":\"es\"},{\"@type\":\"ImageObject\",\"@id\":\"#primaryimage\",\"inLanguage\":\"es\",\"url\":\"https:\/\/www.agromundo.co\/blog\/wp-content\/uploads\/2018\/02\/Expoterneros-2018.jpg\",\"contentUrl\":\"https:\/\/www.agromundo.co\/blog\/wp-content\/uploads\/2018\/02\/Expoterneros-2018.jpg\",\"width\":300,\"height\":205},{\"@type\":\"WebPage\",\"@id\":\"#webpage\",\"url\":null,\"name\":\"Expoterneros 2018. Monter\\u00eda del 8 al 11 de febrero - Notiagro\",\"isPartOf\":{\"@id\":\"https:\/\/www.agromundo.co\/blog\/#website\"},\"primaryImageOfPage\":{\"@id\":\"#primaryimage\"},\"datePublished\":\"2018-02-07T14:57:46+00:00\",\"dateModified\":\"2018-02-07T14:57:46+00:00\",\"author\":{\"@id\":\"https:\/\/www.agromundo.co\/blog\/#\/schema\/person\/3e07d858c3c7a93ebf4ad3785559d35d\"},\"description\":\"Del 7 al 11 de febrero de 2018 se llevar\\u00e1 a cabo en la ciudad de Monter\\u00eda, la feria Expoterneros 2018, que este a\\u00f1o llega a su segunda versi\\u00f3n.\",\"breadcrumb\":{\"@id\":\"#breadcrumb\"},\"inLanguage\":\"es\",\"potentialAction\":[{\"@type\":\"ReadAction\",\"target\":[null]}]},{\"@type\":\"BreadcrumbList\",\"@id\":\"#breadcrumb\",\"itemListElement\":[{\"@type\":\"ListItem\",\"position\":1,\"name\":\"Portada\",\"item\":\"https:\/\/www.agromundo.co\/blog\/\"},{\"@type\":\"ListItem\",\"position\":2,\"name\":\"Expoterneros 2018. Monter\\u00eda del 8 al 11 de febrero\"}]},{\"@type\":\"Person\",\"@id\":\"https:\/\/www.agromundo.co\/blog\/#\/schema\/person\/3e07d858c3c7a93ebf4ad3785559d35d\",\"name\":\"admin\",\"image\":{\"@type\":\"ImageObject\",\"@id\":\"https:\/\/www.agromundo.co\/blog\/#personlogo\",\"inLanguage\":\"es\",\"url\":\"https:\/\/secure.gravatar.com\/avatar\/f990c4c6d966ea7f7bec9cc10bcda5ce?s=96&d=mm&r=g\",\"contentUrl\":\"https:\/\/secure.gravatar.com\/avatar\/f990c4c6d966ea7f7bec9cc10bcda5ce?s=96&d=mm&r=g\",\"caption\":\"admin\"},\"url\":\"https:\/\/www.agromundo.co\/blog\/author\/admin\/\"}]}<\/script>\n<!-- \/ Yoast SEO plugin. -->","yoast_head_json":{"description":"Del 7 al 11 de febrero de 2018 se llevar\u00e1 a cabo en la ciudad de Monter\u00eda, la feria Expoterneros 2018, que este a\u00f1o llega a su segunda versi\u00f3n.","robots":{"index":"index","follow":"follow","max-snippet":"max-snippet:-1","max-image-preview":"max-image-preview:large","max-video-preview":"max-video-preview:-1"},"og_locale":"es_ES","og_type":"article","og_title":"Expoterneros 2018. Monter\u00eda del 8 al 11 de febrero - Notiagro","og_description":"Del 7 al 11 de febrero de 2018 se llevar\u00e1 a cabo en la ciudad de Monter\u00eda, la feria Expoterneros 2018, que este a\u00f1o llega a su segunda versi\u00f3n.","og_site_name":"Notiagro","article_published_time":"2018-02-07T14:57:46+00:00","og_image":[{"width":300,"height":205,"url":"https:\/\/www.agromundo.co\/blog\/wp-content\/uploads\/2018\/02\/Expoterneros-2018.jpg","type":"image\/jpeg"}],"twitter_misc":{"Escrito por":"admin","Tiempo de lectura":"2 minutos"},"schema":{"@context":"https:\/\/schema.org","@graph":[{"@type":"WebSite","@id":"https:\/\/www.agromundo.co\/blog\/#website","url":"https:\/\/www.agromundo.co\/blog\/","name":"Notiagro","description":"Noticias y eventos sector agropecuario colombiano","potentialAction":[{"@type":"SearchAction","target":{"@type":"EntryPoint","urlTemplate":"https:\/\/www.agromundo.co\/blog\/?s={search_term_string}"},"query-input":"required name=search_term_string"}],"inLanguage":"es"},{"@type":"ImageObject","@id":"#primaryimage","inLanguage":"es","url":"https:\/\/www.agromundo.co\/blog\/wp-content\/uploads\/2018\/02\/Expoterneros-2018.jpg","contentUrl":"https:\/\/www.agromundo.co\/blog\/wp-content\/uploads\/2018\/02\/Expoterneros-2018.jpg","width":300,"height":205},{"@type":"WebPage","@id":"#webpage","url":null,"name":"Expoterneros 2018. Monter\u00eda del 8 al 11 de febrero - Notiagro","isPartOf":{"@id":"https:\/\/www.agromundo.co\/blog\/#website"},"primaryImageOfPage":{"@id":"#primaryimage"},"datePublished":"2018-02-07T14:57:46+00:00","dateModified":"2018-02-07T14:57:46+00:00","author":{"@id":"https:\/\/www.agromundo.co\/blog\/#\/schema\/person\/3e07d858c3c7a93ebf4ad3785559d35d"},"description":"Del 7 al 11 de febrero de 2018 se llevar\u00e1 a cabo en la ciudad de Monter\u00eda, la feria Expoterneros 2018, que este a\u00f1o llega a su segunda versi\u00f3n.","breadcrumb":{"@id":"#breadcrumb"},"inLanguage":"es","potentialAction":[{"@type":"ReadAction","target":[null]}]},{"@type":"BreadcrumbList","@id":"#breadcrumb","itemListElement":[{"@type":"ListItem","position":1,"name":"Portada","item":"https:\/\/www.agromundo.co\/blog\/"},{"@type":"ListItem","position":2,"name":"Expoterneros 2018. Monter\u00eda del 8 al 11 de febrero"}]},{"@type":"Person","@id":"https:\/\/www.agromundo.co\/blog\/#\/schema\/person\/3e07d858c3c7a93ebf4ad3785559d35d","name":"admin","image":{"@type":"ImageObject","@id":"https:\/\/www.agromundo.co\/blog\/#personlogo","inLanguage":"es","url":"https:\/\/secure.gravatar.com\/avatar\/f990c4c6d966ea7f7bec9cc10bcda5ce?s=96&d=mm&r=g","contentUrl":"https:\/\/secure.gravatar.com\/avatar\/f990c4c6d966ea7f7bec9cc10bcda5ce?s=96&d=mm&r=g","caption":"admin"},"url":"https:\/\/www.agromundo.co\/blog\/author\/admin\/"}]}},"_links":{"self":[{"href":"https:\/\/www.agromundo.co\/blog\/wp-json\/wp\/v2\/posts\/6768"}],"collection":[{"href":"https:\/\/www.agromundo.co\/blog\/wp-json\/wp\/v2\/posts"}],"about":[{"href":"https:\/\/www.agromundo.co\/blog\/wp-json\/wp\/v2\/types\/post"}],"author":[{"embeddable":true,"href":"https:\/\/www.agromundo.co\/blog\/wp-json\/wp\/v2\/users\/1"}],"replies":[{"embeddable":true,"href":"https:\/\/www.agromundo.co\/blog\/wp-json\/wp\/v2\/comments?post=6768"}],"version-history":[{"count":1,"href":"https:\/\/www.agromundo.co\/blog\/wp-json\/wp\/v2\/posts\/6768\/revisions"}],"predecessor-version":[{"id":6770,"href":"https:\/\/www.agromundo.co\/blog\/wp-json\/wp\/v2\/posts\/6768\/revisions\/6770"}],"wp:featuredmedia":[{"embeddable":true,"href":"https:\/\/www.agromundo.co\/blog\/wp-json\/wp\/v2\/media\/6769"}],"wp:attachment":[{"href":"https:\/\/www.agromundo.co\/blog\/wp-json\/wp\/v2\/media?parent=6768"}],"wp:term":[{"taxonomy":"category","embeddable":true,"href":"https:\/\/www.agromundo.co\/blog\/wp-json\/wp\/v2\/categories?post=6768"},{"taxonomy":"post_tag","embeddable":true,"href":"https:\/\/www.agromundo.co\/blog\/wp-json\/wp\/v2\/tags?post=6768"}],"curies":[{"name":"wp","href":"https:\/\/api.w.org\/{rel}","templated":true}]}}