{"id":680,"date":"2013-01-25T22:28:57","date_gmt":"2013-01-25T22:28:57","guid":{"rendered":"http:\/\/www.agromundo.co\/blog\/?p=680"},"modified":"2013-01-25T22:28:57","modified_gmt":"2013-01-25T22:28:57","slug":"36-feria-exposicion-equina-grado-a-agroindustrial-y-artesanal-de-roldanillo-valle-del-cauca","status":"publish","type":"post","link":"https:\/\/www.agromundo.co\/blog\/36-feria-exposicion-equina-grado-a-agroindustrial-y-artesanal-de-roldanillo-valle-del-cauca\/","title":{"rendered":"36 feria exposici\u00f3n equina grado A, agroindustrial y artesanal de Roldanillo (Valle del Cauca)"},"content":{"rendered":"<p style=\"text-align: center;\"><a href=\"http:\/\/www.agromundo.co\/blog\/wp-content\/uploads\/2013\/01\/Feria-equina-Roldanillo3.jpg\"><img loading=\"lazy\" class=\"aligncenter size-medium wp-image-688\" title=\"Feria equina Roldanillo\" src=\"http:\/\/www.agromundo.co\/blog\/wp-content\/uploads\/2013\/01\/Feria-equina-Roldanillo3-195x300.jpg\" alt=\"\" width=\"195\" height=\"300\" srcset=\"https:\/\/www.agromundo.co\/blog\/wp-content\/uploads\/2013\/01\/Feria-equina-Roldanillo3-195x300.jpg 195w, https:\/\/www.agromundo.co\/blog\/wp-content\/uploads\/2013\/01\/Feria-equina-Roldanillo3.jpg 626w\" sizes=\"(max-width: 195px) 100vw, 195px\" \/><\/a><\/p>\n<p>La alcald\u00eda municipal de Roldanillo y CORPOFERIAS, con el aval de ASDEOCCIDENTE, est\u00e1n invitando a la 36<strong> <\/strong>feria exposici\u00f3n equina grado A, agroindustrial y artesanal de Roldanillo (Valle del Cauca), a realizarse del 31 de enero al 3 de febrero de 2013, en las instalaciones del Coliseo de Ferias Augusto Ram\u00edrez L\u00f3pez, de esa localidad.<\/p>\n<p>La programaci\u00f3n anunciada por los organizadores es la siguiente:<\/p>\n<ul>\n<li>Jueves 31 de enero:\n<ul>\n<li>08:30 a.m. : Iniciaci\u00f3n de exposiciones empresarial, artesanal, agroindustrial, especies menores, ovinos, viveros, bovinos, automotores.<\/li>\n<li>03:00 p.m. : Gran cabalgata de feria. Salida y llegada Coliseo de Ferias Augusto Ram\u00edrez L\u00f3pez. Valor inscripci\u00f3n: $20.000. Camisa blanca.<\/li>\n<\/ul>\n<\/li>\n<li>Viernes 1 de febrero:\n<ul>\n<li>09:00 a.m. : Iniciaci\u00f3n exposici\u00f3n equina. Trote y galope, trocha y galope.<\/li>\n<li>10:00 a.m. : Homologaciones colectivas \u2013 Juzgamiento equinos. Trote y galope, trocha y galope.<\/li>\n<li>02:00 p.m. : Inscripciones juzgamiento ovinos. Pista ovinos<\/li>\n<\/ul>\n<\/li>\n<li>S\u00e1bado 2 de febrero:\n<ul>\n<li>09:00 a.m. : Cabalgata infantil. Salida y llegada Criadero Villa Pilar.<\/li>\n<li>10:00 a.m. : Homologaciones colectivas \u2013 Juzgamiento equinos. Trocha colombiana.<\/li>\n<li>10:00 a.m. : Gran espect\u00e1culo de vaquer\u00eda.<\/li>\n<li>11:00 a.m. : Juzgamiento ovinos (en pista). Pista ovinos Coliseo de Ferias.<\/li>\n<\/ul>\n<\/li>\n<li>Domingo 3 de febrero:\n<ul>\n<li>09:00 a.m. : Continuaci\u00f3n juzgamiento de equinos. Paso fino colombiano.<\/li>\n<li>09:00 a.m. : Esquila de ovinos \u2013 Demostraci\u00f3n.<\/li>\n<li>10:00 a.m. : Homologaciones colectivas \u2013 Juzgamiento equinos. Mulares y asnales, paso fino colombiano.<\/li>\n<li>10:00 a.m. : Juzgamiento ovinos.<\/li>\n<li>02:30 p.m. : Rodeo ovejeritos.<\/li>\n<li>03:00 p.m. : Gran espect\u00e1culo de vaquer\u00eda.<\/li>\n<li>05:00 p.m. : Parada de campeones ovinos.<\/li>\n<\/ul>\n<\/li>\n<\/ul>\n<p>Valor inscripci\u00f3n de ejemplares: $130.000. Para socios de Asdeoccidente: $100.000.<\/p>\n<p>El evento se desarrollar\u00e1 dentro de la programaci\u00f3n de las ferias y fiestas de Roldanillo, en las que se llevar\u00e1 a cabo una variada programaci\u00f3n art\u00edstica, deportiva y cultural.<\/p>\n<p><a href=\"http:\/\/www.agromundo.co\/blog\/wp-content\/uploads\/2013\/01\/Roldanillo.-Panor\u00e1mica2.jpg\"><\/a><\/p>\n<p style=\"text-align: center;\"><a href=\"http:\/\/www.agromundo.co\/blog\/wp-content\/uploads\/2013\/01\/Roldanillo.-Panor\u00e1mica3.jpg\"><img loading=\"lazy\" class=\"aligncenter size-medium wp-image-690\" title=\"Roldanillo. Panor\u00e1mica\" src=\"http:\/\/www.agromundo.co\/blog\/wp-content\/uploads\/2013\/01\/Roldanillo.-Panor\u00e1mica3-300x153.jpg\" alt=\"\" width=\"300\" height=\"153\" srcset=\"https:\/\/www.agromundo.co\/blog\/wp-content\/uploads\/2013\/01\/Roldanillo.-Panor\u00e1mica3-300x153.jpg 300w, https:\/\/www.agromundo.co\/blog\/wp-content\/uploads\/2013\/01\/Roldanillo.-Panor\u00e1mica3.jpg 400w\" sizes=\"(max-width: 300px) 100vw, 300px\" \/><\/a><\/p>\n<p style=\"text-align: center;\">Panor\u00e1mica de Roldanillo<\/p>\n","protected":false},"excerpt":{"rendered":"<p>La alcald\u00eda municipal de Roldanillo y CORPOFERIAS, con el aval de ASDEOCCIDENTE, est\u00e1n invitando a la 36 feria exposici\u00f3n equina grado A, agroindustrial y artesanal de Roldanillo (Valle del Cauca), a realizarse del 31 de enero al 3 de febrero de 2013, en las instalaciones del Coliseo de Ferias Augusto Ram\u00edrez L\u00f3pez, de esa localidad. [&hellip;]<\/p>\n","protected":false},"author":1,"featured_media":681,"comment_status":"open","ping_status":"open","sticky":false,"template":"","format":"standard","meta":[],"categories":[22,3,6],"tags":[284,346,185,347,348,345,344],"yoast_head":"<!-- This site is optimized with the Yoast SEO plugin v17.3 - https:\/\/yoast.com\/wordpress\/plugins\/seo\/ -->\n<meta name=\"robots\" content=\"index, follow, max-snippet:-1, max-image-preview:large, max-video-preview:-1\" \/>\n<meta property=\"og:locale\" content=\"es_ES\" \/>\n<meta property=\"og:type\" content=\"article\" \/>\n<meta property=\"og:title\" content=\"36 feria exposici\u00f3n equina grado A, agroindustrial y artesanal de Roldanillo (Valle del Cauca) - Notiagro\" \/>\n<meta property=\"og:description\" content=\"La alcald\u00eda municipal de Roldanillo y CORPOFERIAS, con el aval de ASDEOCCIDENTE, est\u00e1n invitando a la 36 feria exposici\u00f3n equina grado A, agroindustrial y artesanal de Roldanillo (Valle del Cauca), a realizarse del 31 de enero al 3 de febrero de 2013, en las instalaciones del Coliseo de Ferias Augusto Ram\u00edrez L\u00f3pez, de esa localidad. [&hellip;]\" \/>\n<meta property=\"og:site_name\" content=\"Notiagro\" \/>\n<meta property=\"article:published_time\" content=\"2013-01-25T22:28:57+00:00\" \/>\n<meta property=\"og:image\" content=\"http:\/\/www.agromundo.co\/blog\/wp-content\/uploads\/2013\/01\/Feria-equina-Roldanillo2.jpg\" \/>\n\t<meta property=\"og:image:width\" content=\"626\" \/>\n\t<meta property=\"og:image:height\" content=\"960\" \/>\n<meta name=\"twitter:label1\" content=\"Escrito por\" \/>\n\t<meta name=\"twitter:data1\" content=\"admin\" \/>\n\t<meta name=\"twitter:label2\" content=\"Tiempo de lectura\" \/>\n\t<meta name=\"twitter:data2\" content=\"1 minuto\" \/>\n<script type=\"application\/ld+json\" class=\"yoast-schema-graph\">{\"@context\":\"https:\/\/schema.org\",\"@graph\":[{\"@type\":\"WebSite\",\"@id\":\"https:\/\/www.agromundo.co\/blog\/#website\",\"url\":\"https:\/\/www.agromundo.co\/blog\/\",\"name\":\"Notiagro\",\"description\":\"Noticias y eventos sector agropecuario colombiano\",\"potentialAction\":[{\"@type\":\"SearchAction\",\"target\":{\"@type\":\"EntryPoint\",\"urlTemplate\":\"https:\/\/www.agromundo.co\/blog\/?s={search_term_string}\"},\"query-input\":\"required name=search_term_string\"}],\"inLanguage\":\"es\"},{\"@type\":\"ImageObject\",\"@id\":\"#primaryimage\",\"inLanguage\":\"es\",\"url\":\"https:\/\/www.agromundo.co\/blog\/wp-content\/uploads\/2013\/01\/Feria-equina-Roldanillo2.jpg\",\"contentUrl\":\"https:\/\/www.agromundo.co\/blog\/wp-content\/uploads\/2013\/01\/Feria-equina-Roldanillo2.jpg\",\"width\":\"626\",\"height\":\"960\"},{\"@type\":\"WebPage\",\"@id\":\"#webpage\",\"url\":null,\"name\":\"36 feria exposici\\u00f3n equina grado A, agroindustrial y artesanal de Roldanillo (Valle del Cauca) - Notiagro\",\"isPartOf\":{\"@id\":\"https:\/\/www.agromundo.co\/blog\/#website\"},\"primaryImageOfPage\":{\"@id\":\"#primaryimage\"},\"datePublished\":\"2013-01-25T22:28:57+00:00\",\"dateModified\":\"2013-01-25T22:28:57+00:00\",\"author\":{\"@id\":\"https:\/\/www.agromundo.co\/blog\/#\/schema\/person\/3e07d858c3c7a93ebf4ad3785559d35d\"},\"breadcrumb\":{\"@id\":\"#breadcrumb\"},\"inLanguage\":\"es\",\"potentialAction\":[{\"@type\":\"ReadAction\",\"target\":[null]}]},{\"@type\":\"BreadcrumbList\",\"@id\":\"#breadcrumb\",\"itemListElement\":[{\"@type\":\"ListItem\",\"position\":1,\"name\":\"Portada\",\"item\":\"https:\/\/www.agromundo.co\/blog\/\"},{\"@type\":\"ListItem\",\"position\":2,\"name\":\"36 feria exposici\\u00f3n equina grado A, agroindustrial y artesanal de Roldanillo (Valle del Cauca)\"}]},{\"@type\":\"Person\",\"@id\":\"https:\/\/www.agromundo.co\/blog\/#\/schema\/person\/3e07d858c3c7a93ebf4ad3785559d35d\",\"name\":\"admin\",\"image\":{\"@type\":\"ImageObject\",\"@id\":\"https:\/\/www.agromundo.co\/blog\/#personlogo\",\"inLanguage\":\"es\",\"url\":\"https:\/\/secure.gravatar.com\/avatar\/f990c4c6d966ea7f7bec9cc10bcda5ce?s=96&d=mm&r=g\",\"contentUrl\":\"https:\/\/secure.gravatar.com\/avatar\/f990c4c6d966ea7f7bec9cc10bcda5ce?s=96&d=mm&r=g\",\"caption\":\"admin\"},\"url\":\"https:\/\/www.agromundo.co\/blog\/author\/admin\/\"}]}<\/script>\n<!-- \/ Yoast SEO plugin. -->","yoast_head_json":{"robots":{"index":"index","follow":"follow","max-snippet":"max-snippet:-1","max-image-preview":"max-image-preview:large","max-video-preview":"max-video-preview:-1"},"og_locale":"es_ES","og_type":"article","og_title":"36 feria exposici\u00f3n equina grado A, agroindustrial y artesanal de Roldanillo (Valle del Cauca) - Notiagro","og_description":"La alcald\u00eda municipal de Roldanillo y CORPOFERIAS, con el aval de ASDEOCCIDENTE, est\u00e1n invitando a la 36 feria exposici\u00f3n equina grado A, agroindustrial y artesanal de Roldanillo (Valle del Cauca), a realizarse del 31 de enero al 3 de febrero de 2013, en las instalaciones del Coliseo de Ferias Augusto Ram\u00edrez L\u00f3pez, de esa localidad. [&hellip;]","og_site_name":"Notiagro","article_published_time":"2013-01-25T22:28:57+00:00","og_image":[{"width":"626","height":"960","url":"http:\/\/www.agromundo.co\/blog\/wp-content\/uploads\/2013\/01\/Feria-equina-Roldanillo2.jpg","type":"image\/jpeg"}],"twitter_misc":{"Escrito por":"admin","Tiempo de lectura":"1 minuto"},"schema":{"@context":"https:\/\/schema.org","@graph":[{"@type":"WebSite","@id":"https:\/\/www.agromundo.co\/blog\/#website","url":"https:\/\/www.agromundo.co\/blog\/","name":"Notiagro","description":"Noticias y eventos sector agropecuario colombiano","potentialAction":[{"@type":"SearchAction","target":{"@type":"EntryPoint","urlTemplate":"https:\/\/www.agromundo.co\/blog\/?s={search_term_string}"},"query-input":"required name=search_term_string"}],"inLanguage":"es"},{"@type":"ImageObject","@id":"#primaryimage","inLanguage":"es","url":"https:\/\/www.agromundo.co\/blog\/wp-content\/uploads\/2013\/01\/Feria-equina-Roldanillo2.jpg","contentUrl":"https:\/\/www.agromundo.co\/blog\/wp-content\/uploads\/2013\/01\/Feria-equina-Roldanillo2.jpg","width":"626","height":"960"},{"@type":"WebPage","@id":"#webpage","url":null,"name":"36 feria exposici\u00f3n equina grado A, agroindustrial y artesanal de Roldanillo (Valle del Cauca) - Notiagro","isPartOf":{"@id":"https:\/\/www.agromundo.co\/blog\/#website"},"primaryImageOfPage":{"@id":"#primaryimage"},"datePublished":"2013-01-25T22:28:57+00:00","dateModified":"2013-01-25T22:28:57+00:00","author":{"@id":"https:\/\/www.agromundo.co\/blog\/#\/schema\/person\/3e07d858c3c7a93ebf4ad3785559d35d"},"breadcrumb":{"@id":"#breadcrumb"},"inLanguage":"es","potentialAction":[{"@type":"ReadAction","target":[null]}]},{"@type":"BreadcrumbList","@id":"#breadcrumb","itemListElement":[{"@type":"ListItem","position":1,"name":"Portada","item":"https:\/\/www.agromundo.co\/blog\/"},{"@type":"ListItem","position":2,"name":"36 feria exposici\u00f3n equina grado A, agroindustrial y artesanal de Roldanillo (Valle del Cauca)"}]},{"@type":"Person","@id":"https:\/\/www.agromundo.co\/blog\/#\/schema\/person\/3e07d858c3c7a93ebf4ad3785559d35d","name":"admin","image":{"@type":"ImageObject","@id":"https:\/\/www.agromundo.co\/blog\/#personlogo","inLanguage":"es","url":"https:\/\/secure.gravatar.com\/avatar\/f990c4c6d966ea7f7bec9cc10bcda5ce?s=96&d=mm&r=g","contentUrl":"https:\/\/secure.gravatar.com\/avatar\/f990c4c6d966ea7f7bec9cc10bcda5ce?s=96&d=mm&r=g","caption":"admin"},"url":"https:\/\/www.agromundo.co\/blog\/author\/admin\/"}]}},"_links":{"self":[{"href":"https:\/\/www.agromundo.co\/blog\/wp-json\/wp\/v2\/posts\/680"}],"collection":[{"href":"https:\/\/www.agromundo.co\/blog\/wp-json\/wp\/v2\/posts"}],"about":[{"href":"https:\/\/www.agromundo.co\/blog\/wp-json\/wp\/v2\/types\/post"}],"author":[{"embeddable":true,"href":"https:\/\/www.agromundo.co\/blog\/wp-json\/wp\/v2\/users\/1"}],"replies":[{"embeddable":true,"href":"https:\/\/www.agromundo.co\/blog\/wp-json\/wp\/v2\/comments?post=680"}],"version-history":[{"count":8,"href":"https:\/\/www.agromundo.co\/blog\/wp-json\/wp\/v2\/posts\/680\/revisions"}],"predecessor-version":[{"id":694,"href":"https:\/\/www.agromundo.co\/blog\/wp-json\/wp\/v2\/posts\/680\/revisions\/694"}],"wp:featuredmedia":[{"embeddable":true,"href":"https:\/\/www.agromundo.co\/blog\/wp-json\/wp\/v2\/media\/681"}],"wp:attachment":[{"href":"https:\/\/www.agromundo.co\/blog\/wp-json\/wp\/v2\/media?parent=680"}],"wp:term":[{"taxonomy":"category","embeddable":true,"href":"https:\/\/www.agromundo.co\/blog\/wp-json\/wp\/v2\/categories?post=680"},{"taxonomy":"post_tag","embeddable":true,"href":"https:\/\/www.agromundo.co\/blog\/wp-json\/wp\/v2\/tags?post=680"}],"curies":[{"name":"wp","href":"https:\/\/api.w.org\/{rel}","templated":true}]}}