{"id":6814,"date":"2018-02-23T14:36:53","date_gmt":"2018-02-23T14:36:53","guid":{"rendered":"http:\/\/www.agromundo.co\/blog\/?p=6814"},"modified":"2018-02-23T14:36:53","modified_gmt":"2018-02-23T14:36:53","slug":"feria-equina-manizales","status":"publish","type":"post","link":"https:\/\/www.agromundo.co\/blog\/feria-equina-manizales\/","title":{"rendered":"Feria equina de Manizales del 16 al 18 de marzo de 2018"},"content":{"rendered":"<p>Feria equina de Manizales<\/p>\n<p><img loading=\"lazy\" class=\"aligncenter size-full wp-image-6817\" src=\"http:\/\/www.agromundo.co\/blog\/wp-content\/uploads\/2018\/02\/Feria-equina-de-Manizales.png\" alt=\"Feria equina de Manizales\" width=\"207\" height=\"205\" srcset=\"https:\/\/www.agromundo.co\/blog\/wp-content\/uploads\/2018\/02\/Feria-equina-de-Manizales.png 207w, https:\/\/www.agromundo.co\/blog\/wp-content\/uploads\/2018\/02\/Feria-equina-de-Manizales-150x150.png 150w\" sizes=\"(max-width: 207px) 100vw, 207px\" \/><\/p>\n<p>La\u00a0Feria Equina de Manizales\u00a0llega este a\u00f1o a su versi\u00f3n # 62. Se considera como el segundo evento que m\u00e1s gente trae a la ciudad cada a\u00f1o, despu\u00e9s de la Feria taurina de Manizales.<\/p>\n<p>Durante tres d\u00edas, 16,17 y 18 de marzo, en las instalaciones de Expoferias, habr\u00e1 hermosos ejemplares y se podr\u00e1 apreciar el trabajo de los criaderos, la destreza de los chalanes y disfrutar de la fiesta que realiza la\u00a0Asociaci\u00f3n Caldense de Caballistas (Asdecaldas)\u00a0con el apoyo de Fedequinas, la gobernaci\u00f3n de Caldas y la Alcald\u00eda de Manizales.<\/p>\n<p>Este a\u00f1o habr\u00e1 muchas novedades para todos los asistentes, espacios para familias, mujeres, amigos y ni\u00f1os. Adem\u00e1s, participar\u00e1n en pista, ejemplares de la mejor calidad en las 4 modalidades: trote y galope, trocha, trocha y galope y paso fino colombiano.<\/p>\n<p>El presidente de la junta directiva de\u00a0Asdecaldas, Pablo Trujillo Londo\u00f1o, considera que estas ferias son muy importantes para la regi\u00f3n por el movimiento econ\u00f3mico que se genera alrededor de ellas.<\/p>\n<p>Explic\u00f3 que desde hace m\u00e1s de 150 a\u00f1os viene haci\u00e9ndose un mejoramiento gen\u00e9tico del caballo criollo colombiano. Desde ese entonces, grandes ganaderos empezaron a realizar exhibiciones equinas para exhibir sus ejemplares. Manizales ha sido una de las ciudades con mayor tradici\u00f3n equina en el pa\u00eds.<\/p>\n<p>Indic\u00f3 que los criadores elijen sus mejores ejemplares para competir a nivel regional, nacional o mundial. El sistema nacional de juzgamiento es m\u00e1s exigente cada vez, por la alta calidad que hoy por hoy muestran un gran n\u00famero de caballos.<\/p>\n<p>De acuerdo con sus organizadores, para la feria equina de Manizales se esperan cerca de 500 ejemplares procedentes de todo el pa\u00eds y la asistencia de 15.000 personas durante los 3 d\u00edas de feria.<\/p>\n<p><strong>Tenga en cuenta:<\/strong><\/p>\n<p><strong>VALOR ENTRADAS<\/strong><strong>:<\/strong><\/p>\n<p>Entrada general: $15.000<\/p>\n<p>Mayores 65 a\u00f1os: $10.000<\/p>\n<p>Menores de 12 a\u00f1os tienen ingreso gratuito<\/p>\n<p><strong>VALOR PALCOS:<\/strong><\/p>\n<p>General $1.800.000<\/p>\n<p>Socios de ASDECALDAS $1.500.000<\/p>\n<p>&nbsp;<\/p>\n<p>Fuente; Adaptado de diario La Patria.<\/p>\n<p>Con el patrocinio de:<\/p>\n<div id=\"attachment_6815\" style=\"width: 146px\" class=\"wp-caption alignleft\"><a href=\"http:\/\/www.agromundo.co\/herraduras-clavos-y-accesorios-para-herraje-mustad-emcoclavos.html\"><img aria-describedby=\"caption-attachment-6815\" loading=\"lazy\" class=\"wp-image-6815 size-full\" src=\"http:\/\/www.agromundo.co\/blog\/wp-content\/uploads\/2018\/02\/logo-1.png\" alt=\"Herraduras, clavos y accesorios para herraje Mustad Emcoclavos\" width=\"136\" height=\"120\" \/><\/a><p id=\"caption-attachment-6815\" class=\"wp-caption-text\">Herraduras, clavos y accesorios para herraje Mustad Emcoclavos<\/p><\/div>\n<div id=\"attachment_6816\" style=\"width: 130px\" class=\"wp-caption alignright\"><a href=\"http:\/\/www.agromundo.co\/plastigoma-pisos-de-caucho.html\"><img aria-describedby=\"caption-attachment-6816\" loading=\"lazy\" class=\"wp-image-6816\" src=\"http:\/\/www.agromundo.co\/blog\/wp-content\/uploads\/2018\/02\/pisos-de-caucho-para-pesebreras.jpg\" alt=\"pisos de caucho para pesebreras\" width=\"120\" height=\"120\" srcset=\"https:\/\/www.agromundo.co\/blog\/wp-content\/uploads\/2018\/02\/pisos-de-caucho-para-pesebreras.jpg 160w, https:\/\/www.agromundo.co\/blog\/wp-content\/uploads\/2018\/02\/pisos-de-caucho-para-pesebreras-150x150.jpg 150w\" sizes=\"(max-width: 120px) 100vw, 120px\" \/><\/a><p id=\"caption-attachment-6816\" class=\"wp-caption-text\">pisos de caucho vulcanizado para pesebreras<\/p><\/div>\n","protected":false},"excerpt":{"rendered":"<p>Feria equina de Manizales La\u00a0Feria Equina de Manizales\u00a0llega este a\u00f1o a su versi\u00f3n # 62. Se considera como el segundo evento que m\u00e1s gente trae a la ciudad cada a\u00f1o, despu\u00e9s de la Feria taurina de Manizales. Durante tres d\u00edas, 16,17 y 18 de marzo, en las instalaciones de Expoferias, habr\u00e1 hermosos ejemplares y se [&hellip;]<\/p>\n","protected":false},"author":1,"featured_media":6817,"comment_status":"open","ping_status":"open","sticky":false,"template":"","format":"standard","meta":[],"categories":[22,3,18,6],"tags":[2996,3150,1000,2597,3530],"yoast_head":"<!-- This site is optimized with the Yoast SEO plugin v17.3 - https:\/\/yoast.com\/wordpress\/plugins\/seo\/ -->\n<meta name=\"description\" content=\"La versi\u00f3n n\u00famero 62 de la feria equina de Manizales se realizar\u00e1 del 16 al 18 de marzo del 2018 en las instalaciones de Expoferias.\" \/>\n<meta name=\"robots\" content=\"index, follow, max-snippet:-1, max-image-preview:large, max-video-preview:-1\" \/>\n<meta property=\"og:locale\" content=\"es_ES\" \/>\n<meta property=\"og:type\" content=\"article\" \/>\n<meta property=\"og:title\" content=\"Feria equina de Manizales del 16 al 18 de marzo de 2018 - Notiagro\" \/>\n<meta property=\"og:description\" content=\"La versi\u00f3n n\u00famero 62 de la feria equina de Manizales se realizar\u00e1 del 16 al 18 de marzo del 2018 en las instalaciones de Expoferias.\" \/>\n<meta property=\"og:site_name\" content=\"Notiagro\" \/>\n<meta property=\"article:published_time\" content=\"2018-02-23T14:36:53+00:00\" \/>\n<meta property=\"og:image\" content=\"https:\/\/www.agromundo.co\/blog\/wp-content\/uploads\/2018\/02\/Feria-equina-de-Manizales.png\" \/>\n\t<meta property=\"og:image:width\" content=\"207\" \/>\n\t<meta property=\"og:image:height\" content=\"205\" \/>\n<meta name=\"twitter:label1\" content=\"Escrito por\" \/>\n\t<meta name=\"twitter:data1\" content=\"admin\" \/>\n\t<meta name=\"twitter:label2\" content=\"Tiempo de lectura\" \/>\n\t<meta name=\"twitter:data2\" content=\"2 minutos\" \/>\n<script type=\"application\/ld+json\" class=\"yoast-schema-graph\">{\"@context\":\"https:\/\/schema.org\",\"@graph\":[{\"@type\":\"WebSite\",\"@id\":\"https:\/\/www.agromundo.co\/blog\/#website\",\"url\":\"https:\/\/www.agromundo.co\/blog\/\",\"name\":\"Notiagro\",\"description\":\"Noticias y eventos sector agropecuario colombiano\",\"potentialAction\":[{\"@type\":\"SearchAction\",\"target\":{\"@type\":\"EntryPoint\",\"urlTemplate\":\"https:\/\/www.agromundo.co\/blog\/?s={search_term_string}\"},\"query-input\":\"required name=search_term_string\"}],\"inLanguage\":\"es\"},{\"@type\":\"ImageObject\",\"@id\":\"#primaryimage\",\"inLanguage\":\"es\",\"url\":\"https:\/\/www.agromundo.co\/blog\/wp-content\/uploads\/2018\/02\/Feria-equina-de-Manizales.png\",\"contentUrl\":\"https:\/\/www.agromundo.co\/blog\/wp-content\/uploads\/2018\/02\/Feria-equina-de-Manizales.png\",\"width\":207,\"height\":205},{\"@type\":\"WebPage\",\"@id\":\"#webpage\",\"url\":null,\"name\":\"Feria equina de Manizales del 16 al 18 de marzo de 2018 - Notiagro\",\"isPartOf\":{\"@id\":\"https:\/\/www.agromundo.co\/blog\/#website\"},\"primaryImageOfPage\":{\"@id\":\"#primaryimage\"},\"datePublished\":\"2018-02-23T14:36:53+00:00\",\"dateModified\":\"2018-02-23T14:36:53+00:00\",\"author\":{\"@id\":\"https:\/\/www.agromundo.co\/blog\/#\/schema\/person\/3e07d858c3c7a93ebf4ad3785559d35d\"},\"description\":\"La versi\\u00f3n n\\u00famero 62 de la feria equina de Manizales se realizar\\u00e1 del 16 al 18 de marzo del 2018 en las instalaciones de Expoferias.\",\"breadcrumb\":{\"@id\":\"#breadcrumb\"},\"inLanguage\":\"es\",\"potentialAction\":[{\"@type\":\"ReadAction\",\"target\":[null]}]},{\"@type\":\"BreadcrumbList\",\"@id\":\"#breadcrumb\",\"itemListElement\":[{\"@type\":\"ListItem\",\"position\":1,\"name\":\"Portada\",\"item\":\"https:\/\/www.agromundo.co\/blog\/\"},{\"@type\":\"ListItem\",\"position\":2,\"name\":\"Feria equina de Manizales del 16 al 18 de marzo de 2018\"}]},{\"@type\":\"Person\",\"@id\":\"https:\/\/www.agromundo.co\/blog\/#\/schema\/person\/3e07d858c3c7a93ebf4ad3785559d35d\",\"name\":\"admin\",\"image\":{\"@type\":\"ImageObject\",\"@id\":\"https:\/\/www.agromundo.co\/blog\/#personlogo\",\"inLanguage\":\"es\",\"url\":\"https:\/\/secure.gravatar.com\/avatar\/f990c4c6d966ea7f7bec9cc10bcda5ce?s=96&d=mm&r=g\",\"contentUrl\":\"https:\/\/secure.gravatar.com\/avatar\/f990c4c6d966ea7f7bec9cc10bcda5ce?s=96&d=mm&r=g\",\"caption\":\"admin\"},\"url\":\"https:\/\/www.agromundo.co\/blog\/author\/admin\/\"}]}<\/script>\n<!-- \/ Yoast SEO plugin. -->","yoast_head_json":{"description":"La versi\u00f3n n\u00famero 62 de la feria equina de Manizales se realizar\u00e1 del 16 al 18 de marzo del 2018 en las instalaciones de Expoferias.","robots":{"index":"index","follow":"follow","max-snippet":"max-snippet:-1","max-image-preview":"max-image-preview:large","max-video-preview":"max-video-preview:-1"},"og_locale":"es_ES","og_type":"article","og_title":"Feria equina de Manizales del 16 al 18 de marzo de 2018 - Notiagro","og_description":"La versi\u00f3n n\u00famero 62 de la feria equina de Manizales se realizar\u00e1 del 16 al 18 de marzo del 2018 en las instalaciones de Expoferias.","og_site_name":"Notiagro","article_published_time":"2018-02-23T14:36:53+00:00","og_image":[{"width":207,"height":205,"url":"https:\/\/www.agromundo.co\/blog\/wp-content\/uploads\/2018\/02\/Feria-equina-de-Manizales.png","type":"image\/png"}],"twitter_misc":{"Escrito por":"admin","Tiempo de lectura":"2 minutos"},"schema":{"@context":"https:\/\/schema.org","@graph":[{"@type":"WebSite","@id":"https:\/\/www.agromundo.co\/blog\/#website","url":"https:\/\/www.agromundo.co\/blog\/","name":"Notiagro","description":"Noticias y eventos sector agropecuario colombiano","potentialAction":[{"@type":"SearchAction","target":{"@type":"EntryPoint","urlTemplate":"https:\/\/www.agromundo.co\/blog\/?s={search_term_string}"},"query-input":"required name=search_term_string"}],"inLanguage":"es"},{"@type":"ImageObject","@id":"#primaryimage","inLanguage":"es","url":"https:\/\/www.agromundo.co\/blog\/wp-content\/uploads\/2018\/02\/Feria-equina-de-Manizales.png","contentUrl":"https:\/\/www.agromundo.co\/blog\/wp-content\/uploads\/2018\/02\/Feria-equina-de-Manizales.png","width":207,"height":205},{"@type":"WebPage","@id":"#webpage","url":null,"name":"Feria equina de Manizales del 16 al 18 de marzo de 2018 - Notiagro","isPartOf":{"@id":"https:\/\/www.agromundo.co\/blog\/#website"},"primaryImageOfPage":{"@id":"#primaryimage"},"datePublished":"2018-02-23T14:36:53+00:00","dateModified":"2018-02-23T14:36:53+00:00","author":{"@id":"https:\/\/www.agromundo.co\/blog\/#\/schema\/person\/3e07d858c3c7a93ebf4ad3785559d35d"},"description":"La versi\u00f3n n\u00famero 62 de la feria equina de Manizales se realizar\u00e1 del 16 al 18 de marzo del 2018 en las instalaciones de Expoferias.","breadcrumb":{"@id":"#breadcrumb"},"inLanguage":"es","potentialAction":[{"@type":"ReadAction","target":[null]}]},{"@type":"BreadcrumbList","@id":"#breadcrumb","itemListElement":[{"@type":"ListItem","position":1,"name":"Portada","item":"https:\/\/www.agromundo.co\/blog\/"},{"@type":"ListItem","position":2,"name":"Feria equina de Manizales del 16 al 18 de marzo de 2018"}]},{"@type":"Person","@id":"https:\/\/www.agromundo.co\/blog\/#\/schema\/person\/3e07d858c3c7a93ebf4ad3785559d35d","name":"admin","image":{"@type":"ImageObject","@id":"https:\/\/www.agromundo.co\/blog\/#personlogo","inLanguage":"es","url":"https:\/\/secure.gravatar.com\/avatar\/f990c4c6d966ea7f7bec9cc10bcda5ce?s=96&d=mm&r=g","contentUrl":"https:\/\/secure.gravatar.com\/avatar\/f990c4c6d966ea7f7bec9cc10bcda5ce?s=96&d=mm&r=g","caption":"admin"},"url":"https:\/\/www.agromundo.co\/blog\/author\/admin\/"}]}},"_links":{"self":[{"href":"https:\/\/www.agromundo.co\/blog\/wp-json\/wp\/v2\/posts\/6814"}],"collection":[{"href":"https:\/\/www.agromundo.co\/blog\/wp-json\/wp\/v2\/posts"}],"about":[{"href":"https:\/\/www.agromundo.co\/blog\/wp-json\/wp\/v2\/types\/post"}],"author":[{"embeddable":true,"href":"https:\/\/www.agromundo.co\/blog\/wp-json\/wp\/v2\/users\/1"}],"replies":[{"embeddable":true,"href":"https:\/\/www.agromundo.co\/blog\/wp-json\/wp\/v2\/comments?post=6814"}],"version-history":[{"count":1,"href":"https:\/\/www.agromundo.co\/blog\/wp-json\/wp\/v2\/posts\/6814\/revisions"}],"predecessor-version":[{"id":6818,"href":"https:\/\/www.agromundo.co\/blog\/wp-json\/wp\/v2\/posts\/6814\/revisions\/6818"}],"wp:featuredmedia":[{"embeddable":true,"href":"https:\/\/www.agromundo.co\/blog\/wp-json\/wp\/v2\/media\/6817"}],"wp:attachment":[{"href":"https:\/\/www.agromundo.co\/blog\/wp-json\/wp\/v2\/media?parent=6814"}],"wp:term":[{"taxonomy":"category","embeddable":true,"href":"https:\/\/www.agromundo.co\/blog\/wp-json\/wp\/v2\/categories?post=6814"},{"taxonomy":"post_tag","embeddable":true,"href":"https:\/\/www.agromundo.co\/blog\/wp-json\/wp\/v2\/tags?post=6814"}],"curies":[{"name":"wp","href":"https:\/\/api.w.org\/{rel}","templated":true}]}}