{"id":6823,"date":"2018-02-27T14:49:11","date_gmt":"2018-02-27T14:49:11","guid":{"rendered":"http:\/\/www.agromundo.co\/blog\/?p=6823"},"modified":"2018-02-27T14:49:11","modified_gmt":"2018-02-27T14:49:11","slug":"congreso-nutricion-bovina-monteria","status":"publish","type":"post","link":"https:\/\/www.agromundo.co\/blog\/congreso-nutricion-bovina-monteria\/","title":{"rendered":"Nutrici\u00f3n bovina. Congreso en Monter\u00eda"},"content":{"rendered":"<p>Nutrici\u00f3n bovina<\/p>\n<p><img loading=\"lazy\" class=\"aligncenter size-full wp-image-6824\" src=\"http:\/\/www.agromundo.co\/blog\/wp-content\/uploads\/2018\/02\/Congreso-1.jpg\" alt=\"Congreso\" width=\"300\" height=\"205\" \/><\/p>\n<ul>\n<li><em>Para mejorar la alimentaci\u00f3n y nutrici\u00f3n de bovinos y aumentar la producci\u00f3n de leche y carne de su predio, aproveche oportunidad de asistir a este evento en la capital del departamento de C\u00f3rdoba que se realizar\u00e1 los d\u00edas viernes 9 y s\u00e1bado 10 de marzo de 2018.<\/em><\/li>\n<\/ul>\n<p>Con el fin de mostrar alternativas de suplementaci\u00f3n alimenticia y nutricional y hacer m\u00e1s eficientes a los animales,\u00a0se ha organizado un nuevo Congreso de Nutrici\u00f3n Bovina en la ciudad de Monter\u00eda, para replicar los \u00e9xitos de eventos similares realizados en Medell\u00edn y Pereira.<strong>\u00a0<\/strong><\/p>\n<p>Para esta ocasi\u00f3n se tendr\u00e1n nuevos temas y conferencistas que disertar\u00e1n para los ganaderos de la regi\u00f3n Caribe colombiana sobre experiencias propias.<\/p>\n<p>As\u00ed pues,\u00a0si usted se\u00f1or ganadero est\u00e1 interesado en conocer alternativas de alimentaci\u00f3n de bovinos en Colombia, o en saber c\u00f3mo se encuentran las investigaciones sobre nutrici\u00f3n bovina, o aprender a elaborar ensilajes, o conocer sobre otras experiencias de productores, en este evento podr\u00e1 conocer estos y otros temas.<\/p>\n<p>Podr\u00e1n conocer los asistentes de primera mano, los resultados de investigaciones y estudios sobre alimentaci\u00f3n de rumiantes. Se har\u00e1n presentes conferencistas, especialistas del sector, ganaderos de diferentes regiones del pa\u00eds, todos ellos enfocados en presentar sus experiencias de campo en ceba y cr\u00eda de ganado bovino.<\/p>\n<p>Uno de los expertos es el investigador Phd de Corpoica,\u00a0Sergio Luis Mej\u00eda, quien se presentar\u00e1 por primera vez en el Congreso para disertar sobre sus investigaciones en alimentaci\u00f3n con granos y pasturas.<\/p>\n<p>Tambi\u00e9n estar\u00e1n especialistas como Germ\u00e1n Garc\u00eda,\u00a0zootecnista de Gesti\u00f3n Ganadera, quien hablar\u00e1 sobre producci\u00f3n de silos en el Caribe h\u00famedo, o\u00a0el m\u00e9dico veterinario \u00d3scar Puello, que explicar\u00e1 los factores que afectan la ingesta de minerales en el pastoreo.<\/p>\n<p>Tambi\u00e9n expondr\u00e1 el\u00a0zootecnista Luis Cuadros Moreno\u00a0para discutir sobre diversos subproductos en la suplementaci\u00f3n, o\u00a0el m\u00e9dico veterinario y zootecnista Wilson Mu\u00f1oz, que tratar\u00e1 la suplementaci\u00f3n estrat\u00e9gica para aumentar los kilos en canal por hect\u00e1rea.<\/p>\n<p>Libardo Maza, de la Universidad de C\u00f3rdoba, ofrecer\u00e1 la conferencia sobre suplementaci\u00f3n estrat\u00e9gica, mientras que \u00d3scar Pardo Barbosa, Carlos Eduardo Riveros y Jaime Valencia Concha, de Fedepalma, hablar\u00e1n sobre el uso de subproductos de palma de aceite.<\/p>\n<p>Por parte de los ganaderos, Jorge Camargo mostrar\u00e1 el primer programa de manejo de Pastoreo Racional Voisin en cultivos de palma africana en el Meta, y\u00a0Jorge Humberto Garc\u00eda expondr\u00e1 sobre ceba con pastos.<\/p>\n<p>El Primer Congreso de Nutrici\u00f3n Bovina se llevar\u00e1 a cabo en el auditorio del Centro de Investigaci\u00f3n Turipan\u00e1 de Corpoica, en la ciudad de Monter\u00eda, cerca del Aeropuerto Internacional Los Garzones, durante los d\u00edas 9 y 10 de marzo de 2018.<\/p>\n<p>El evento es organizado por Produmedios y el peri\u00f3dico EL AGRO. Si desea mayor informaci\u00f3n, puede comunicarse a los tel\u00e9fonos\u00a03157942516, 3138528109, 3143411835\u00a0o\u00a03138528128 o escribir a los correos\u00a0<a href=\"mailto:periodicoelagro@gmail.com\">periodicoelagro@gmail.com<\/a>,\u00a0<a href=\"mailto:agropressservice@gmail.com\">agropressservice@gmail.com<\/a>\u00a0y\u00a0<a href=\"mailto:eventos@produmedios.org\">eventos@produmedios.org<\/a>.<\/p>\n<p>&nbsp;<\/p>\n<p>Fuente: Adaptado de CONtexto Ganadero.<\/p>\n<p>Con el patrocinio de:<\/p>\n<div id=\"attachment_6474\" style=\"width: 123px\" class=\"wp-caption alignleft\"><a href=\"http:\/\/www.agromundo.co\/alimento-y-suplementos-para-ganado-y-caballos.html\"><img aria-describedby=\"caption-attachment-6474\" loading=\"lazy\" class=\"wp-image-6474\" src=\"http:\/\/www.agromundo.co\/blog\/wp-content\/uploads\/2017\/09\/Proteinado-Nutryr-660.png\" alt=\"Proteinado Nutryr 660\" width=\"113\" height=\"120\" \/><\/a><p id=\"caption-attachment-6474\" class=\"wp-caption-text\">Proteinado Nutryr 660 para nutrici\u00f3n bovina<\/p><\/div>\n<div id=\"attachment_6438\" style=\"width: 186px\" class=\"wp-caption alignright\"><a href=\"http:\/\/www.agromundo.co\/plastigoma-pisos-de-caucho.html\"><img aria-describedby=\"caption-attachment-6438\" loading=\"lazy\" class=\"wp-image-6438\" src=\"http:\/\/www.agromundo.co\/blog\/wp-content\/uploads\/2017\/09\/Pisos-de-caucho.jpg\" alt=\"Pisos de caucho\" width=\"176\" height=\"120\" \/><\/a><p id=\"caption-attachment-6438\" class=\"wp-caption-text\">Pisos de caucho vulcanizado para salas de orde\u00f1o<\/p><\/div>\n","protected":false},"excerpt":{"rendered":"<p>Nutrici\u00f3n bovina Para mejorar la alimentaci\u00f3n y nutrici\u00f3n de bovinos y aumentar la producci\u00f3n de leche y carne de su predio, aproveche oportunidad de asistir a este evento en la capital del departamento de C\u00f3rdoba que se realizar\u00e1 los d\u00edas viernes 9 y s\u00e1bado 10 de marzo de 2018. Con el fin de mostrar alternativas [&hellip;]<\/p>\n","protected":false},"author":1,"featured_media":6824,"comment_status":"open","ping_status":"open","sticky":false,"template":"","format":"standard","meta":[],"categories":[22,3,18,6],"tags":[3083,3532,1628,3207,3425],"yoast_head":"<!-- This site is optimized with the Yoast SEO plugin v17.3 - https:\/\/yoast.com\/wordpress\/plugins\/seo\/ -->\n<meta name=\"description\" content=\"Interesante congreso sobre Nutrici\u00f3n Bovina se realizar\u00e1 en la ciudad de Monter\u00eda durante los d\u00edas 9 y 10 de marzo de 2018.\" \/>\n<meta name=\"robots\" content=\"index, follow, max-snippet:-1, max-image-preview:large, max-video-preview:-1\" \/>\n<meta property=\"og:locale\" content=\"es_ES\" \/>\n<meta property=\"og:type\" content=\"article\" \/>\n<meta property=\"og:title\" content=\"Nutrici\u00f3n bovina. Congreso en Monter\u00eda - Notiagro\" \/>\n<meta property=\"og:description\" content=\"Interesante congreso sobre Nutrici\u00f3n Bovina se realizar\u00e1 en la ciudad de Monter\u00eda durante los d\u00edas 9 y 10 de marzo de 2018.\" \/>\n<meta property=\"og:site_name\" content=\"Notiagro\" \/>\n<meta property=\"article:published_time\" content=\"2018-02-27T14:49:11+00:00\" \/>\n<meta property=\"og:image\" content=\"https:\/\/www.agromundo.co\/blog\/wp-content\/uploads\/2018\/02\/Congreso-1.jpg\" \/>\n\t<meta property=\"og:image:width\" content=\"300\" \/>\n\t<meta property=\"og:image:height\" content=\"205\" \/>\n<meta name=\"twitter:label1\" content=\"Escrito por\" \/>\n\t<meta name=\"twitter:data1\" content=\"admin\" \/>\n\t<meta name=\"twitter:label2\" content=\"Tiempo de lectura\" \/>\n\t<meta name=\"twitter:data2\" content=\"3 minutos\" \/>\n<script type=\"application\/ld+json\" class=\"yoast-schema-graph\">{\"@context\":\"https:\/\/schema.org\",\"@graph\":[{\"@type\":\"WebSite\",\"@id\":\"https:\/\/www.agromundo.co\/blog\/#website\",\"url\":\"https:\/\/www.agromundo.co\/blog\/\",\"name\":\"Notiagro\",\"description\":\"Noticias y eventos sector agropecuario colombiano\",\"potentialAction\":[{\"@type\":\"SearchAction\",\"target\":{\"@type\":\"EntryPoint\",\"urlTemplate\":\"https:\/\/www.agromundo.co\/blog\/?s={search_term_string}\"},\"query-input\":\"required name=search_term_string\"}],\"inLanguage\":\"es\"},{\"@type\":\"ImageObject\",\"@id\":\"#primaryimage\",\"inLanguage\":\"es\",\"url\":\"https:\/\/www.agromundo.co\/blog\/wp-content\/uploads\/2018\/02\/Congreso-1.jpg\",\"contentUrl\":\"https:\/\/www.agromundo.co\/blog\/wp-content\/uploads\/2018\/02\/Congreso-1.jpg\",\"width\":300,\"height\":205},{\"@type\":\"WebPage\",\"@id\":\"#webpage\",\"url\":null,\"name\":\"Nutrici\\u00f3n bovina. Congreso en Monter\\u00eda - Notiagro\",\"isPartOf\":{\"@id\":\"https:\/\/www.agromundo.co\/blog\/#website\"},\"primaryImageOfPage\":{\"@id\":\"#primaryimage\"},\"datePublished\":\"2018-02-27T14:49:11+00:00\",\"dateModified\":\"2018-02-27T14:49:11+00:00\",\"author\":{\"@id\":\"https:\/\/www.agromundo.co\/blog\/#\/schema\/person\/3e07d858c3c7a93ebf4ad3785559d35d\"},\"description\":\"Interesante congreso sobre Nutrici\\u00f3n Bovina se realizar\\u00e1 en la ciudad de Monter\\u00eda durante los d\\u00edas 9 y 10 de marzo de 2018.\",\"breadcrumb\":{\"@id\":\"#breadcrumb\"},\"inLanguage\":\"es\",\"potentialAction\":[{\"@type\":\"ReadAction\",\"target\":[null]}]},{\"@type\":\"BreadcrumbList\",\"@id\":\"#breadcrumb\",\"itemListElement\":[{\"@type\":\"ListItem\",\"position\":1,\"name\":\"Portada\",\"item\":\"https:\/\/www.agromundo.co\/blog\/\"},{\"@type\":\"ListItem\",\"position\":2,\"name\":\"Nutrici\\u00f3n bovina. Congreso en Monter\\u00eda\"}]},{\"@type\":\"Person\",\"@id\":\"https:\/\/www.agromundo.co\/blog\/#\/schema\/person\/3e07d858c3c7a93ebf4ad3785559d35d\",\"name\":\"admin\",\"image\":{\"@type\":\"ImageObject\",\"@id\":\"https:\/\/www.agromundo.co\/blog\/#personlogo\",\"inLanguage\":\"es\",\"url\":\"https:\/\/secure.gravatar.com\/avatar\/f990c4c6d966ea7f7bec9cc10bcda5ce?s=96&d=mm&r=g\",\"contentUrl\":\"https:\/\/secure.gravatar.com\/avatar\/f990c4c6d966ea7f7bec9cc10bcda5ce?s=96&d=mm&r=g\",\"caption\":\"admin\"},\"url\":\"https:\/\/www.agromundo.co\/blog\/author\/admin\/\"}]}<\/script>\n<!-- \/ Yoast SEO plugin. -->","yoast_head_json":{"description":"Interesante congreso sobre Nutrici\u00f3n Bovina se realizar\u00e1 en la ciudad de Monter\u00eda durante los d\u00edas 9 y 10 de marzo de 2018.","robots":{"index":"index","follow":"follow","max-snippet":"max-snippet:-1","max-image-preview":"max-image-preview:large","max-video-preview":"max-video-preview:-1"},"og_locale":"es_ES","og_type":"article","og_title":"Nutrici\u00f3n bovina. Congreso en Monter\u00eda - Notiagro","og_description":"Interesante congreso sobre Nutrici\u00f3n Bovina se realizar\u00e1 en la ciudad de Monter\u00eda durante los d\u00edas 9 y 10 de marzo de 2018.","og_site_name":"Notiagro","article_published_time":"2018-02-27T14:49:11+00:00","og_image":[{"width":300,"height":205,"url":"https:\/\/www.agromundo.co\/blog\/wp-content\/uploads\/2018\/02\/Congreso-1.jpg","type":"image\/jpeg"}],"twitter_misc":{"Escrito por":"admin","Tiempo de lectura":"3 minutos"},"schema":{"@context":"https:\/\/schema.org","@graph":[{"@type":"WebSite","@id":"https:\/\/www.agromundo.co\/blog\/#website","url":"https:\/\/www.agromundo.co\/blog\/","name":"Notiagro","description":"Noticias y eventos sector agropecuario colombiano","potentialAction":[{"@type":"SearchAction","target":{"@type":"EntryPoint","urlTemplate":"https:\/\/www.agromundo.co\/blog\/?s={search_term_string}"},"query-input":"required name=search_term_string"}],"inLanguage":"es"},{"@type":"ImageObject","@id":"#primaryimage","inLanguage":"es","url":"https:\/\/www.agromundo.co\/blog\/wp-content\/uploads\/2018\/02\/Congreso-1.jpg","contentUrl":"https:\/\/www.agromundo.co\/blog\/wp-content\/uploads\/2018\/02\/Congreso-1.jpg","width":300,"height":205},{"@type":"WebPage","@id":"#webpage","url":null,"name":"Nutrici\u00f3n bovina. Congreso en Monter\u00eda - Notiagro","isPartOf":{"@id":"https:\/\/www.agromundo.co\/blog\/#website"},"primaryImageOfPage":{"@id":"#primaryimage"},"datePublished":"2018-02-27T14:49:11+00:00","dateModified":"2018-02-27T14:49:11+00:00","author":{"@id":"https:\/\/www.agromundo.co\/blog\/#\/schema\/person\/3e07d858c3c7a93ebf4ad3785559d35d"},"description":"Interesante congreso sobre Nutrici\u00f3n Bovina se realizar\u00e1 en la ciudad de Monter\u00eda durante los d\u00edas 9 y 10 de marzo de 2018.","breadcrumb":{"@id":"#breadcrumb"},"inLanguage":"es","potentialAction":[{"@type":"ReadAction","target":[null]}]},{"@type":"BreadcrumbList","@id":"#breadcrumb","itemListElement":[{"@type":"ListItem","position":1,"name":"Portada","item":"https:\/\/www.agromundo.co\/blog\/"},{"@type":"ListItem","position":2,"name":"Nutrici\u00f3n bovina. Congreso en Monter\u00eda"}]},{"@type":"Person","@id":"https:\/\/www.agromundo.co\/blog\/#\/schema\/person\/3e07d858c3c7a93ebf4ad3785559d35d","name":"admin","image":{"@type":"ImageObject","@id":"https:\/\/www.agromundo.co\/blog\/#personlogo","inLanguage":"es","url":"https:\/\/secure.gravatar.com\/avatar\/f990c4c6d966ea7f7bec9cc10bcda5ce?s=96&d=mm&r=g","contentUrl":"https:\/\/secure.gravatar.com\/avatar\/f990c4c6d966ea7f7bec9cc10bcda5ce?s=96&d=mm&r=g","caption":"admin"},"url":"https:\/\/www.agromundo.co\/blog\/author\/admin\/"}]}},"_links":{"self":[{"href":"https:\/\/www.agromundo.co\/blog\/wp-json\/wp\/v2\/posts\/6823"}],"collection":[{"href":"https:\/\/www.agromundo.co\/blog\/wp-json\/wp\/v2\/posts"}],"about":[{"href":"https:\/\/www.agromundo.co\/blog\/wp-json\/wp\/v2\/types\/post"}],"author":[{"embeddable":true,"href":"https:\/\/www.agromundo.co\/blog\/wp-json\/wp\/v2\/users\/1"}],"replies":[{"embeddable":true,"href":"https:\/\/www.agromundo.co\/blog\/wp-json\/wp\/v2\/comments?post=6823"}],"version-history":[{"count":1,"href":"https:\/\/www.agromundo.co\/blog\/wp-json\/wp\/v2\/posts\/6823\/revisions"}],"predecessor-version":[{"id":6825,"href":"https:\/\/www.agromundo.co\/blog\/wp-json\/wp\/v2\/posts\/6823\/revisions\/6825"}],"wp:featuredmedia":[{"embeddable":true,"href":"https:\/\/www.agromundo.co\/blog\/wp-json\/wp\/v2\/media\/6824"}],"wp:attachment":[{"href":"https:\/\/www.agromundo.co\/blog\/wp-json\/wp\/v2\/media?parent=6823"}],"wp:term":[{"taxonomy":"category","embeddable":true,"href":"https:\/\/www.agromundo.co\/blog\/wp-json\/wp\/v2\/categories?post=6823"},{"taxonomy":"post_tag","embeddable":true,"href":"https:\/\/www.agromundo.co\/blog\/wp-json\/wp\/v2\/tags?post=6823"}],"curies":[{"name":"wp","href":"https:\/\/api.w.org\/{rel}","templated":true}]}}