{"id":7131,"date":"2018-07-06T21:42:41","date_gmt":"2018-07-06T21:42:41","guid":{"rendered":"http:\/\/www.agromundo.co\/blog\/?p=7131"},"modified":"2018-07-06T21:42:41","modified_gmt":"2018-07-06T21:42:41","slug":"levantada-la-cuarentena-yacopi-caparrapi","status":"publish","type":"post","link":"https:\/\/www.agromundo.co\/blog\/levantada-la-cuarentena-yacopi-caparrapi\/","title":{"rendered":"Levantada la cuarentena en Yacop\u00ed y Caparrap\u00ed"},"content":{"rendered":"<p>Cuarentena<\/p>\n<div id=\"attachment_7132\" style=\"width: 310px\" class=\"wp-caption aligncenter\"><img aria-describedby=\"caption-attachment-7132\" loading=\"lazy\" class=\"wp-image-7132 size-medium\" title=\"Cuarentena\" src=\"http:\/\/www.agromundo.co\/blog\/wp-content\/uploads\/2018\/07\/Cuarentena-300x205.jpg\" alt=\"Cuarentena\" width=\"300\" height=\"205\" \/><p id=\"caption-attachment-7132\" class=\"wp-caption-text\">Foto: ICA<\/p><\/div>\n<ul>\n<li><em>Mediante la Resoluci\u00f3n #00027452 del 26 de junio de 2018, el Instituto Colombiano Agropecuario (ICA), dispuso levantar la medida sanitaria, luego de determinar la ausencia de actividad viral asociada a Fiebre Aftosa en la zona.<\/em><\/li>\n<\/ul>\n<p>Termin\u00f3 la pesadilla originada por el foco de Fiebre Aftosa que se present\u00f3 en Yacop\u00ed y luego en Caparrap\u00ed. La cuarentena determinada por el\u00a0Instituto Colombiano Agropecuario (ICA), fue levantada el 26 de junio pasado a trav\u00e9s de la Resoluci\u00f3n #00027452.<\/p>\n<p>Seg\u00fan el documento, la medida se adopt\u00f3 una vez que los resultados de los ex\u00e1menes realizados a las muestras tomadas a los animales \u2018centinelas\u2019 localizados en la zona epidemiol\u00f3gica resultaron negativos.<\/p>\n<p>Sostiene la Resoluci\u00f3n que una vez concluido el proceso de centinelizaci\u00f3n, el diagn\u00f3stico dado por el Laboratorio Nacional de Diagn\u00f3stico Veterinario, indic\u00f3 la ausencia de actividad viral de la enfermedad de la Fiebre Aftosa de la totalidad de las muestras tomadas a los animales centinelas localizados en la zona epidemiol\u00f3gica.<\/p>\n<p>Agrega que en los ex\u00e1menes cl\u00ednicos realizados a dichos ejemplares durante el periodo de \u2018centinelizaci\u00f3n\u2019 no se observaron lesiones ni enfermedades compatibles o asociadas con la Fiebre Aftosa, raz\u00f3n por la cual el ICA establece medidas orientadas al repoblamiento en esa zona del pa\u00eds.<\/p>\n<p>Por tal raz\u00f3n, la autoridad sanitaria colombiana dispuso levantar la cuarentena en las veredas Las Palmas; La Valle; los predios Maravillas y La Esperanza en la vereda el Canelo; el predio Los Totumos en la vereda Mina Sal y el predio La Pedregosa en la vereda Istapa del municipio de Yacop\u00ed; as\u00ed como el predio Ollas Calientes\/Mirador de Samal y la vereda La Miel del municipio de Caparrap\u00ed.<\/p>\n<p>Sin embargo, dicho repoblamiento debe ser paulatino, ya que por ahora solo se autoriza el 20% de la poblaci\u00f3n bovina, la cual se determina del total de animales que fueron sacrificados por la Fiebre Aftosa, lo que cumple con los requisitos sanitarios y de movilizaci\u00f3n establecidos por la autoridad.<\/p>\n<p>&nbsp;<\/p>\n<p>Fuente: Adaptado de CONtexto Ganadero.<\/p>\n<p>Con el patrocinio de:<\/p>\n<div id=\"attachment_6909\" style=\"width: 130px\" class=\"wp-caption alignleft\"><a href=\"http:\/\/www.agromundo.co\/pisos-en-caucho-para-salas-de-ordeno-y-pesebrera.html\"><img aria-describedby=\"caption-attachment-6909\" loading=\"lazy\" class=\"wp-image-6909\" src=\"http:\/\/www.agromundo.co\/blog\/wp-content\/uploads\/2018\/04\/Pisos-de-caucho-para-ganado.jpg\" alt=\"Pisos de caucho para ganado\" width=\"120\" height=\"120\" srcset=\"https:\/\/www.agromundo.co\/blog\/wp-content\/uploads\/2018\/04\/Pisos-de-caucho-para-ganado.jpg 160w, https:\/\/www.agromundo.co\/blog\/wp-content\/uploads\/2018\/04\/Pisos-de-caucho-para-ganado-150x150.jpg 150w\" sizes=\"(max-width: 120px) 100vw, 120px\" \/><\/a><p id=\"caption-attachment-6909\" class=\"wp-caption-text\">Pisos de caucho vulcanizado para ganado<\/p><\/div>\n<div id=\"attachment_6550\" style=\"width: 130px\" class=\"wp-caption alignright\"><a href=\"http:\/\/www.agromundo.co\/aqua-fan-sas.html\"><img aria-describedby=\"caption-attachment-6550\" loading=\"lazy\" class=\"wp-image-6550\" src=\"http:\/\/www.agromundo.co\/blog\/wp-content\/uploads\/2017\/10\/Ventilador-aspersor-de-agua-Aquafan.jpg\" alt=\"Ventilador aspersor de agua Aquafan\" width=\"120\" height=\"120\" srcset=\"https:\/\/www.agromundo.co\/blog\/wp-content\/uploads\/2017\/10\/Ventilador-aspersor-de-agua-Aquafan.jpg 160w, https:\/\/www.agromundo.co\/blog\/wp-content\/uploads\/2017\/10\/Ventilador-aspersor-de-agua-Aquafan-150x150.jpg 150w\" sizes=\"(max-width: 120px) 100vw, 120px\" \/><\/a><p id=\"caption-attachment-6550\" class=\"wp-caption-text\">Ventilador aspersor de agua<\/p><\/div>\n","protected":false},"excerpt":{"rendered":"<p>Cuarentena Mediante la Resoluci\u00f3n #00027452 del 26 de junio de 2018, el Instituto Colombiano Agropecuario (ICA), dispuso levantar la medida sanitaria, luego de determinar la ausencia de actividad viral asociada a Fiebre Aftosa en la zona. Termin\u00f3 la pesadilla originada por el foco de Fiebre Aftosa que se present\u00f3 en Yacop\u00ed y luego en Caparrap\u00ed. [&hellip;]<\/p>\n","protected":false},"author":1,"featured_media":7132,"comment_status":"open","ping_status":"open","sticky":false,"template":"","format":"standard","meta":[],"categories":[3,18,6],"tags":[3729,2902,464,1628],"yoast_head":"<!-- This site is optimized with the Yoast SEO plugin v17.3 - https:\/\/yoast.com\/wordpress\/plugins\/seo\/ -->\n<meta name=\"description\" content=\"El ICA dispuso levantar la cuarentena, luego de determinar la ausencia de actividad viral asociada Fiebre Aftosa en la zona.\" \/>\n<meta name=\"robots\" content=\"index, follow, max-snippet:-1, max-image-preview:large, max-video-preview:-1\" \/>\n<meta property=\"og:locale\" content=\"es_ES\" \/>\n<meta property=\"og:type\" content=\"article\" \/>\n<meta property=\"og:title\" content=\"Levantada la cuarentena en Yacop\u00ed y Caparrap\u00ed - Notiagro\" \/>\n<meta property=\"og:description\" content=\"El ICA dispuso levantar la cuarentena, luego de determinar la ausencia de actividad viral asociada Fiebre Aftosa en la zona.\" \/>\n<meta property=\"og:site_name\" content=\"Notiagro\" \/>\n<meta property=\"article:published_time\" content=\"2018-07-06T21:42:41+00:00\" \/>\n<meta property=\"og:image\" content=\"http:\/\/www.agromundo.co\/blog\/wp-content\/uploads\/2018\/07\/Cuarentena.jpg\" \/>\n\t<meta property=\"og:image:width\" content=\"300\" \/>\n\t<meta property=\"og:image:height\" content=\"205\" \/>\n<meta name=\"twitter:label1\" content=\"Escrito por\" \/>\n\t<meta name=\"twitter:data1\" content=\"admin\" \/>\n\t<meta name=\"twitter:label2\" content=\"Tiempo de lectura\" \/>\n\t<meta name=\"twitter:data2\" content=\"2 minutos\" \/>\n<script type=\"application\/ld+json\" class=\"yoast-schema-graph\">{\"@context\":\"https:\/\/schema.org\",\"@graph\":[{\"@type\":\"WebSite\",\"@id\":\"https:\/\/www.agromundo.co\/blog\/#website\",\"url\":\"https:\/\/www.agromundo.co\/blog\/\",\"name\":\"Notiagro\",\"description\":\"Noticias y eventos sector agropecuario colombiano\",\"potentialAction\":[{\"@type\":\"SearchAction\",\"target\":{\"@type\":\"EntryPoint\",\"urlTemplate\":\"https:\/\/www.agromundo.co\/blog\/?s={search_term_string}\"},\"query-input\":\"required name=search_term_string\"}],\"inLanguage\":\"es\"},{\"@type\":\"ImageObject\",\"@id\":\"#primaryimage\",\"inLanguage\":\"es\",\"url\":\"https:\/\/www.agromundo.co\/blog\/wp-content\/uploads\/2018\/07\/Cuarentena.jpg\",\"contentUrl\":\"https:\/\/www.agromundo.co\/blog\/wp-content\/uploads\/2018\/07\/Cuarentena.jpg\",\"width\":300,\"height\":205},{\"@type\":\"WebPage\",\"@id\":\"#webpage\",\"url\":null,\"name\":\"Levantada la cuarentena en Yacop\\u00ed y Caparrap\\u00ed - Notiagro\",\"isPartOf\":{\"@id\":\"https:\/\/www.agromundo.co\/blog\/#website\"},\"primaryImageOfPage\":{\"@id\":\"#primaryimage\"},\"datePublished\":\"2018-07-06T21:42:41+00:00\",\"dateModified\":\"2018-07-06T21:42:41+00:00\",\"author\":{\"@id\":\"https:\/\/www.agromundo.co\/blog\/#\/schema\/person\/3e07d858c3c7a93ebf4ad3785559d35d\"},\"description\":\"El ICA dispuso levantar la cuarentena, luego de determinar la ausencia de actividad viral asociada Fiebre Aftosa en la zona.\",\"breadcrumb\":{\"@id\":\"#breadcrumb\"},\"inLanguage\":\"es\",\"potentialAction\":[{\"@type\":\"ReadAction\",\"target\":[null]}]},{\"@type\":\"BreadcrumbList\",\"@id\":\"#breadcrumb\",\"itemListElement\":[{\"@type\":\"ListItem\",\"position\":1,\"name\":\"Portada\",\"item\":\"https:\/\/www.agromundo.co\/blog\/\"},{\"@type\":\"ListItem\",\"position\":2,\"name\":\"Levantada la cuarentena en Yacop\\u00ed y Caparrap\\u00ed\"}]},{\"@type\":\"Person\",\"@id\":\"https:\/\/www.agromundo.co\/blog\/#\/schema\/person\/3e07d858c3c7a93ebf4ad3785559d35d\",\"name\":\"admin\",\"image\":{\"@type\":\"ImageObject\",\"@id\":\"https:\/\/www.agromundo.co\/blog\/#personlogo\",\"inLanguage\":\"es\",\"url\":\"https:\/\/secure.gravatar.com\/avatar\/f990c4c6d966ea7f7bec9cc10bcda5ce?s=96&d=mm&r=g\",\"contentUrl\":\"https:\/\/secure.gravatar.com\/avatar\/f990c4c6d966ea7f7bec9cc10bcda5ce?s=96&d=mm&r=g\",\"caption\":\"admin\"},\"url\":\"https:\/\/www.agromundo.co\/blog\/author\/admin\/\"}]}<\/script>\n<!-- \/ Yoast SEO plugin. -->","yoast_head_json":{"description":"El ICA dispuso levantar la cuarentena, luego de determinar la ausencia de actividad viral asociada Fiebre Aftosa en la zona.","robots":{"index":"index","follow":"follow","max-snippet":"max-snippet:-1","max-image-preview":"max-image-preview:large","max-video-preview":"max-video-preview:-1"},"og_locale":"es_ES","og_type":"article","og_title":"Levantada la cuarentena en Yacop\u00ed y Caparrap\u00ed - Notiagro","og_description":"El ICA dispuso levantar la cuarentena, luego de determinar la ausencia de actividad viral asociada Fiebre Aftosa en la zona.","og_site_name":"Notiagro","article_published_time":"2018-07-06T21:42:41+00:00","og_image":[{"width":300,"height":205,"url":"http:\/\/www.agromundo.co\/blog\/wp-content\/uploads\/2018\/07\/Cuarentena.jpg","type":"image\/jpeg"}],"twitter_misc":{"Escrito por":"admin","Tiempo de lectura":"2 minutos"},"schema":{"@context":"https:\/\/schema.org","@graph":[{"@type":"WebSite","@id":"https:\/\/www.agromundo.co\/blog\/#website","url":"https:\/\/www.agromundo.co\/blog\/","name":"Notiagro","description":"Noticias y eventos sector agropecuario colombiano","potentialAction":[{"@type":"SearchAction","target":{"@type":"EntryPoint","urlTemplate":"https:\/\/www.agromundo.co\/blog\/?s={search_term_string}"},"query-input":"required name=search_term_string"}],"inLanguage":"es"},{"@type":"ImageObject","@id":"#primaryimage","inLanguage":"es","url":"https:\/\/www.agromundo.co\/blog\/wp-content\/uploads\/2018\/07\/Cuarentena.jpg","contentUrl":"https:\/\/www.agromundo.co\/blog\/wp-content\/uploads\/2018\/07\/Cuarentena.jpg","width":300,"height":205},{"@type":"WebPage","@id":"#webpage","url":null,"name":"Levantada la cuarentena en Yacop\u00ed y Caparrap\u00ed - Notiagro","isPartOf":{"@id":"https:\/\/www.agromundo.co\/blog\/#website"},"primaryImageOfPage":{"@id":"#primaryimage"},"datePublished":"2018-07-06T21:42:41+00:00","dateModified":"2018-07-06T21:42:41+00:00","author":{"@id":"https:\/\/www.agromundo.co\/blog\/#\/schema\/person\/3e07d858c3c7a93ebf4ad3785559d35d"},"description":"El ICA dispuso levantar la cuarentena, luego de determinar la ausencia de actividad viral asociada Fiebre Aftosa en la zona.","breadcrumb":{"@id":"#breadcrumb"},"inLanguage":"es","potentialAction":[{"@type":"ReadAction","target":[null]}]},{"@type":"BreadcrumbList","@id":"#breadcrumb","itemListElement":[{"@type":"ListItem","position":1,"name":"Portada","item":"https:\/\/www.agromundo.co\/blog\/"},{"@type":"ListItem","position":2,"name":"Levantada la cuarentena en Yacop\u00ed y Caparrap\u00ed"}]},{"@type":"Person","@id":"https:\/\/www.agromundo.co\/blog\/#\/schema\/person\/3e07d858c3c7a93ebf4ad3785559d35d","name":"admin","image":{"@type":"ImageObject","@id":"https:\/\/www.agromundo.co\/blog\/#personlogo","inLanguage":"es","url":"https:\/\/secure.gravatar.com\/avatar\/f990c4c6d966ea7f7bec9cc10bcda5ce?s=96&d=mm&r=g","contentUrl":"https:\/\/secure.gravatar.com\/avatar\/f990c4c6d966ea7f7bec9cc10bcda5ce?s=96&d=mm&r=g","caption":"admin"},"url":"https:\/\/www.agromundo.co\/blog\/author\/admin\/"}]}},"_links":{"self":[{"href":"https:\/\/www.agromundo.co\/blog\/wp-json\/wp\/v2\/posts\/7131"}],"collection":[{"href":"https:\/\/www.agromundo.co\/blog\/wp-json\/wp\/v2\/posts"}],"about":[{"href":"https:\/\/www.agromundo.co\/blog\/wp-json\/wp\/v2\/types\/post"}],"author":[{"embeddable":true,"href":"https:\/\/www.agromundo.co\/blog\/wp-json\/wp\/v2\/users\/1"}],"replies":[{"embeddable":true,"href":"https:\/\/www.agromundo.co\/blog\/wp-json\/wp\/v2\/comments?post=7131"}],"version-history":[{"count":1,"href":"https:\/\/www.agromundo.co\/blog\/wp-json\/wp\/v2\/posts\/7131\/revisions"}],"predecessor-version":[{"id":7133,"href":"https:\/\/www.agromundo.co\/blog\/wp-json\/wp\/v2\/posts\/7131\/revisions\/7133"}],"wp:featuredmedia":[{"embeddable":true,"href":"https:\/\/www.agromundo.co\/blog\/wp-json\/wp\/v2\/media\/7132"}],"wp:attachment":[{"href":"https:\/\/www.agromundo.co\/blog\/wp-json\/wp\/v2\/media?parent=7131"}],"wp:term":[{"taxonomy":"category","embeddable":true,"href":"https:\/\/www.agromundo.co\/blog\/wp-json\/wp\/v2\/categories?post=7131"},{"taxonomy":"post_tag","embeddable":true,"href":"https:\/\/www.agromundo.co\/blog\/wp-json\/wp\/v2\/tags?post=7131"}],"curies":[{"name":"wp","href":"https:\/\/api.w.org\/{rel}","templated":true}]}}