{"id":7286,"date":"2018-09-04T14:47:14","date_gmt":"2018-09-04T14:47:14","guid":{"rendered":"http:\/\/www.agromundo.co\/blog\/?p=7286"},"modified":"2018-09-04T14:50:36","modified_gmt":"2018-09-04T14:50:36","slug":"retencion-placenta","status":"publish","type":"post","link":"https:\/\/www.agromundo.co\/blog\/retencion-placenta\/","title":{"rendered":"Retenci\u00f3n de placenta en bovinos. Prevenci\u00f3n y tratamiento"},"content":{"rendered":"<p>Retenci\u00f3n de placenta<\/p>\n<div id=\"attachment_7287\" style=\"width: 310px\" class=\"wp-caption aligncenter\"><img aria-describedby=\"caption-attachment-7287\" loading=\"lazy\" class=\"wp-image-7287 size-medium\" title=\"Retenci\u00f3n de placenta\" src=\"http:\/\/www.agromundo.co\/blog\/wp-content\/uploads\/2018\/09\/Retencion-de-placenta-300x205.jpg\" alt=\"Retencion de placenta\" width=\"300\" height=\"205\" \/><p id=\"caption-attachment-7287\" class=\"wp-caption-text\">Foto: Zootecnia y Veterinaria es mi pasi\u00f3n<\/p><\/div>\n<ul>\n<li><em>Esta patolog\u00eda se presenta sobre todo en ganader\u00edas de lecher\u00eda especializada y puede acarrear grandes p\u00e9rdidas si no es tratada a tiempo. Aqu\u00ed se muestran cu\u00e1les son sus consecuencias, c\u00f3mo puede prevenirse y tratarse una vez se presenta.<\/em><strong>\u00a0<\/strong><\/li>\n<\/ul>\n<p>El m\u00e9dico veterinario, mag\u00edster en Ciencias Veterinarias, C\u00e9sar Augusto G\u00f3mez Vel\u00e1squez, precis\u00f3 que la retenci\u00f3n de placenta forma una comunicaci\u00f3n entre el \u00fatero del animal y el exterior, por lo que puede contaminarse con las bacterias del ambiente.<\/p>\n<p>Seg\u00fan dijo, la placenta est\u00e1 retenida por las car\u00fanculas uterinas, pero no recibe circulaci\u00f3n de sangre, por lo que se inicia un proceso de putrefacci\u00f3n, favoreciendo el desarrollo de un microambiente para que algunas bacterias se multipliquen en el \u00fatero.<\/p>\n<p>El experto se\u00f1ala que la presencia de bacterias dentro del \u00fatero puede generar una infecci\u00f3n uterina que a su vez puede causar la infertilidad de la vaca. Ello acarrea grandes p\u00e9rdidas para el empresario ganadero, por el aumento de los d\u00edas abiertos y el costo del tratamiento que conlleva el tratamiento de la infecci\u00f3n.<\/p>\n<p><strong>Prevenci\u00f3n<\/strong><\/p>\n<p>Explic\u00f3 G\u00f3mez Vel\u00e1squez que\u00a0la retenci\u00f3n de placenta tiene una mayor probabilidad de presentarse en lecher\u00edas, particularmente en las de alta producci\u00f3n, debido a un\u00a0problema de hipocalcemia o de absorci\u00f3n de calcio\u00a0 de las vacas pr\u00f3ximas a las reci\u00e9n paridas. Como efecto, el \u00fatero no recibe el suficiente calcio que ayuda a la retenci\u00f3n de la placenta.<\/p>\n<p>A\u00f1adi\u00f3 que la otra posibilidad es que la vaca presente bajas concentraciones de vitamina E y selenio, y no ayuden a la antioxidaci\u00f3n de radicales libres que se concentran en los placentomas o car\u00fanculas uterinas.<\/p>\n<p>De esta forma, la prevenci\u00f3n incluye un buen aporte de minerales en el parto con concentraciones bajas de calcio, para exigir al organismo que lo libere por s\u00ed mismo en la sangre. Otra medida consiste en suministrar selenio y vitamina E en el preparto.\u00a0<strong>\u00a0<\/strong><\/p>\n<p><strong>Tratamiento<\/strong><strong>\u00a0<\/strong><\/p>\n<p>El tratamiento tiene 2 objetivos.\u00a0El primero consiste en eliminar la placenta, que se realiza con el suministro de oxitocina, que de no funcionar, es reemplazada por prostaglandina F2\u03b1. Si al cabo de los d\u00edas no es eliminada, hay que realizar el procedimiento de manera manual, retraer lo que est\u00e9 \u00a0por afuera sin invadir el \u00fatero.<\/p>\n<p>Indic\u00f3 G\u00f3mez que el segundo objetivo es el tratamiento de la infecci\u00f3n del \u00fatero, empleando antis\u00e9pticos como el lugol y antibi\u00f3ticos, de los cuales se dispone de una amplia gama en infusiones intrauterinas.<\/p>\n<p>Manifest\u00f3 el m\u00e9dico veterinario su preferencia por las cefalosporinas de primera o de segunda generaci\u00f3n, como la cefalexina. En relaci\u00f3n con el uso de hormonas, record\u00f3 que no hay contraindicaci\u00f3n con respecto a la oxitocina y la prostaglandina F2\u03b1, pero s\u00ed las hay con el uso de estr\u00f3genos.<\/p>\n<p>&nbsp;<\/p>\n<p>Fuente: Adaptado de CONtexto Ganadero.<\/p>\n<p>Con el patrocinio de:<\/p>\n<div id=\"attachment_6612\" style=\"width: 130px\" class=\"wp-caption alignleft\"><a href=\"http:\/\/www.agromundo.co\/pisos-en-caucho-para-salas-de-ordeno-y-pesebrera.html\"><img aria-describedby=\"caption-attachment-6612\" loading=\"lazy\" class=\"wp-image-6612\" src=\"http:\/\/www.agromundo.co\/blog\/wp-content\/uploads\/2017\/11\/Pisos-de-caucho-para-ganado.jpg\" alt=\"Pisos de caucho para ganado\" width=\"120\" height=\"120\" srcset=\"https:\/\/www.agromundo.co\/blog\/wp-content\/uploads\/2017\/11\/Pisos-de-caucho-para-ganado.jpg 160w, https:\/\/www.agromundo.co\/blog\/wp-content\/uploads\/2017\/11\/Pisos-de-caucho-para-ganado-150x150.jpg 150w\" sizes=\"(max-width: 120px) 100vw, 120px\" \/><\/a><p id=\"caption-attachment-6612\" class=\"wp-caption-text\">Pisos de caucho vulcanizado para ganader\u00eda<\/p><\/div>\n<div id=\"attachment_6690\" style=\"width: 171px\" class=\"wp-caption alignright\"><a href=\"http:\/\/www.agromundo.co\/botas-bekina.html\"><img aria-describedby=\"caption-attachment-6690\" loading=\"lazy\" class=\"wp-image-6690 size-full\" src=\"http:\/\/www.agromundo.co\/blog\/wp-content\/uploads\/2017\/12\/Botas-Bekina.jpg\" alt=\"Botas Bekina\" width=\"161\" height=\"120\" srcset=\"https:\/\/www.agromundo.co\/blog\/wp-content\/uploads\/2017\/12\/Botas-Bekina.jpg 161w, https:\/\/www.agromundo.co\/blog\/wp-content\/uploads\/2017\/12\/Botas-Bekina-100x75.jpg 100w\" sizes=\"(max-width: 161px) 100vw, 161px\" \/><\/a><p id=\"caption-attachment-6690\" class=\"wp-caption-text\">Botas Bekina<\/p><\/div>\n<p>&nbsp;<\/p>\n","protected":false},"excerpt":{"rendered":"<p>Retenci\u00f3n de placenta Esta patolog\u00eda se presenta sobre todo en ganader\u00edas de lecher\u00eda especializada y puede acarrear grandes p\u00e9rdidas si no es tratada a tiempo. Aqu\u00ed se muestran cu\u00e1les son sus consecuencias, c\u00f3mo puede prevenirse y tratarse una vez se presenta.\u00a0 El m\u00e9dico veterinario, mag\u00edster en Ciencias Veterinarias, C\u00e9sar Augusto G\u00f3mez Vel\u00e1squez, precis\u00f3 que la [&hellip;]<\/p>\n","protected":false},"author":1,"featured_media":7287,"comment_status":"open","ping_status":"open","sticky":false,"template":"","format":"standard","meta":[],"categories":[3,6],"tags":[3813,3811,1902,3808,3810,3812,3809,3806],"yoast_head":"<!-- This site is optimized with the Yoast SEO plugin v17.3 - https:\/\/yoast.com\/wordpress\/plugins\/seo\/ -->\n<meta name=\"description\" content=\"La retenci\u00f3n de placenta en bovinos, una patolog\u00eda de mayor incidencia en ganader\u00edas de leche especializadas. Prevenci\u00f3n y tratamiento.\" \/>\n<meta name=\"robots\" content=\"index, follow, max-snippet:-1, max-image-preview:large, max-video-preview:-1\" \/>\n<link rel=\"canonical\" href=\"https:\/\/www.agromundo.co\/blog\/retencion-placenta\/\" \/>\n<meta property=\"og:locale\" content=\"es_ES\" \/>\n<meta property=\"og:type\" content=\"article\" \/>\n<meta property=\"og:title\" content=\"Retenci\u00f3n de placenta en bovinos. Prevenci\u00f3n y tratamiento - Notiagro\" \/>\n<meta property=\"og:description\" content=\"La retenci\u00f3n de placenta en bovinos, una patolog\u00eda de mayor incidencia en ganader\u00edas de leche especializadas. Prevenci\u00f3n y tratamiento.\" \/>\n<meta property=\"og:url\" content=\"https:\/\/www.agromundo.co\/blog\/retencion-placenta\/\" \/>\n<meta property=\"og:site_name\" content=\"Notiagro\" \/>\n<meta property=\"article:published_time\" content=\"2018-09-04T14:47:14+00:00\" \/>\n<meta property=\"article:modified_time\" content=\"2018-09-04T14:50:36+00:00\" \/>\n<meta property=\"og:image\" content=\"http:\/\/www.agromundo.co\/blog\/wp-content\/uploads\/2018\/09\/Retencion-de-placenta.jpg\" \/>\n\t<meta property=\"og:image:width\" content=\"300\" \/>\n\t<meta property=\"og:image:height\" content=\"205\" \/>\n<meta name=\"twitter:label1\" content=\"Escrito por\" \/>\n\t<meta name=\"twitter:data1\" content=\"admin\" \/>\n\t<meta name=\"twitter:label2\" content=\"Tiempo de lectura\" \/>\n\t<meta name=\"twitter:data2\" content=\"3 minutos\" \/>\n<script type=\"application\/ld+json\" class=\"yoast-schema-graph\">{\"@context\":\"https:\/\/schema.org\",\"@graph\":[{\"@type\":\"WebSite\",\"@id\":\"https:\/\/www.agromundo.co\/blog\/#website\",\"url\":\"https:\/\/www.agromundo.co\/blog\/\",\"name\":\"Notiagro\",\"description\":\"Noticias y eventos sector agropecuario colombiano\",\"potentialAction\":[{\"@type\":\"SearchAction\",\"target\":{\"@type\":\"EntryPoint\",\"urlTemplate\":\"https:\/\/www.agromundo.co\/blog\/?s={search_term_string}\"},\"query-input\":\"required name=search_term_string\"}],\"inLanguage\":\"es\"},{\"@type\":\"ImageObject\",\"@id\":\"https:\/\/www.agromundo.co\/blog\/retencion-placenta\/#primaryimage\",\"inLanguage\":\"es\",\"url\":\"https:\/\/www.agromundo.co\/blog\/wp-content\/uploads\/2018\/09\/Retencion-de-placenta.jpg\",\"contentUrl\":\"https:\/\/www.agromundo.co\/blog\/wp-content\/uploads\/2018\/09\/Retencion-de-placenta.jpg\",\"width\":300,\"height\":205},{\"@type\":\"WebPage\",\"@id\":\"https:\/\/www.agromundo.co\/blog\/retencion-placenta\/#webpage\",\"url\":\"https:\/\/www.agromundo.co\/blog\/retencion-placenta\/\",\"name\":\"Retenci\\u00f3n de placenta en bovinos. Prevenci\\u00f3n y tratamiento - Notiagro\",\"isPartOf\":{\"@id\":\"https:\/\/www.agromundo.co\/blog\/#website\"},\"primaryImageOfPage\":{\"@id\":\"https:\/\/www.agromundo.co\/blog\/retencion-placenta\/#primaryimage\"},\"datePublished\":\"2018-09-04T14:47:14+00:00\",\"dateModified\":\"2018-09-04T14:50:36+00:00\",\"author\":{\"@id\":\"https:\/\/www.agromundo.co\/blog\/#\/schema\/person\/3e07d858c3c7a93ebf4ad3785559d35d\"},\"description\":\"La retenci\\u00f3n de placenta en bovinos, una patolog\\u00eda de mayor incidencia en ganader\\u00edas de leche especializadas. Prevenci\\u00f3n y tratamiento.\",\"breadcrumb\":{\"@id\":\"https:\/\/www.agromundo.co\/blog\/retencion-placenta\/#breadcrumb\"},\"inLanguage\":\"es\",\"potentialAction\":[{\"@type\":\"ReadAction\",\"target\":[\"https:\/\/www.agromundo.co\/blog\/retencion-placenta\/\"]}]},{\"@type\":\"BreadcrumbList\",\"@id\":\"https:\/\/www.agromundo.co\/blog\/retencion-placenta\/#breadcrumb\",\"itemListElement\":[{\"@type\":\"ListItem\",\"position\":1,\"name\":\"Portada\",\"item\":\"https:\/\/www.agromundo.co\/blog\/\"},{\"@type\":\"ListItem\",\"position\":2,\"name\":\"Retenci\\u00f3n de placenta en bovinos. Prevenci\\u00f3n y tratamiento\"}]},{\"@type\":\"Person\",\"@id\":\"https:\/\/www.agromundo.co\/blog\/#\/schema\/person\/3e07d858c3c7a93ebf4ad3785559d35d\",\"name\":\"admin\",\"image\":{\"@type\":\"ImageObject\",\"@id\":\"https:\/\/www.agromundo.co\/blog\/#personlogo\",\"inLanguage\":\"es\",\"url\":\"https:\/\/secure.gravatar.com\/avatar\/f990c4c6d966ea7f7bec9cc10bcda5ce?s=96&d=mm&r=g\",\"contentUrl\":\"https:\/\/secure.gravatar.com\/avatar\/f990c4c6d966ea7f7bec9cc10bcda5ce?s=96&d=mm&r=g\",\"caption\":\"admin\"},\"url\":\"https:\/\/www.agromundo.co\/blog\/author\/admin\/\"}]}<\/script>\n<!-- \/ Yoast SEO plugin. -->","yoast_head_json":{"description":"La retenci\u00f3n de placenta en bovinos, una patolog\u00eda de mayor incidencia en ganader\u00edas de leche especializadas. Prevenci\u00f3n y tratamiento.","robots":{"index":"index","follow":"follow","max-snippet":"max-snippet:-1","max-image-preview":"max-image-preview:large","max-video-preview":"max-video-preview:-1"},"canonical":"https:\/\/www.agromundo.co\/blog\/retencion-placenta\/","og_locale":"es_ES","og_type":"article","og_title":"Retenci\u00f3n de placenta en bovinos. Prevenci\u00f3n y tratamiento - Notiagro","og_description":"La retenci\u00f3n de placenta en bovinos, una patolog\u00eda de mayor incidencia en ganader\u00edas de leche especializadas. Prevenci\u00f3n y tratamiento.","og_url":"https:\/\/www.agromundo.co\/blog\/retencion-placenta\/","og_site_name":"Notiagro","article_published_time":"2018-09-04T14:47:14+00:00","article_modified_time":"2018-09-04T14:50:36+00:00","og_image":[{"width":300,"height":205,"url":"http:\/\/www.agromundo.co\/blog\/wp-content\/uploads\/2018\/09\/Retencion-de-placenta.jpg","type":"image\/jpeg"}],"twitter_misc":{"Escrito por":"admin","Tiempo de lectura":"3 minutos"},"schema":{"@context":"https:\/\/schema.org","@graph":[{"@type":"WebSite","@id":"https:\/\/www.agromundo.co\/blog\/#website","url":"https:\/\/www.agromundo.co\/blog\/","name":"Notiagro","description":"Noticias y eventos sector agropecuario colombiano","potentialAction":[{"@type":"SearchAction","target":{"@type":"EntryPoint","urlTemplate":"https:\/\/www.agromundo.co\/blog\/?s={search_term_string}"},"query-input":"required name=search_term_string"}],"inLanguage":"es"},{"@type":"ImageObject","@id":"https:\/\/www.agromundo.co\/blog\/retencion-placenta\/#primaryimage","inLanguage":"es","url":"https:\/\/www.agromundo.co\/blog\/wp-content\/uploads\/2018\/09\/Retencion-de-placenta.jpg","contentUrl":"https:\/\/www.agromundo.co\/blog\/wp-content\/uploads\/2018\/09\/Retencion-de-placenta.jpg","width":300,"height":205},{"@type":"WebPage","@id":"https:\/\/www.agromundo.co\/blog\/retencion-placenta\/#webpage","url":"https:\/\/www.agromundo.co\/blog\/retencion-placenta\/","name":"Retenci\u00f3n de placenta en bovinos. Prevenci\u00f3n y tratamiento - Notiagro","isPartOf":{"@id":"https:\/\/www.agromundo.co\/blog\/#website"},"primaryImageOfPage":{"@id":"https:\/\/www.agromundo.co\/blog\/retencion-placenta\/#primaryimage"},"datePublished":"2018-09-04T14:47:14+00:00","dateModified":"2018-09-04T14:50:36+00:00","author":{"@id":"https:\/\/www.agromundo.co\/blog\/#\/schema\/person\/3e07d858c3c7a93ebf4ad3785559d35d"},"description":"La retenci\u00f3n de placenta en bovinos, una patolog\u00eda de mayor incidencia en ganader\u00edas de leche especializadas. Prevenci\u00f3n y tratamiento.","breadcrumb":{"@id":"https:\/\/www.agromundo.co\/blog\/retencion-placenta\/#breadcrumb"},"inLanguage":"es","potentialAction":[{"@type":"ReadAction","target":["https:\/\/www.agromundo.co\/blog\/retencion-placenta\/"]}]},{"@type":"BreadcrumbList","@id":"https:\/\/www.agromundo.co\/blog\/retencion-placenta\/#breadcrumb","itemListElement":[{"@type":"ListItem","position":1,"name":"Portada","item":"https:\/\/www.agromundo.co\/blog\/"},{"@type":"ListItem","position":2,"name":"Retenci\u00f3n de placenta en bovinos. Prevenci\u00f3n y tratamiento"}]},{"@type":"Person","@id":"https:\/\/www.agromundo.co\/blog\/#\/schema\/person\/3e07d858c3c7a93ebf4ad3785559d35d","name":"admin","image":{"@type":"ImageObject","@id":"https:\/\/www.agromundo.co\/blog\/#personlogo","inLanguage":"es","url":"https:\/\/secure.gravatar.com\/avatar\/f990c4c6d966ea7f7bec9cc10bcda5ce?s=96&d=mm&r=g","contentUrl":"https:\/\/secure.gravatar.com\/avatar\/f990c4c6d966ea7f7bec9cc10bcda5ce?s=96&d=mm&r=g","caption":"admin"},"url":"https:\/\/www.agromundo.co\/blog\/author\/admin\/"}]}},"_links":{"self":[{"href":"https:\/\/www.agromundo.co\/blog\/wp-json\/wp\/v2\/posts\/7286"}],"collection":[{"href":"https:\/\/www.agromundo.co\/blog\/wp-json\/wp\/v2\/posts"}],"about":[{"href":"https:\/\/www.agromundo.co\/blog\/wp-json\/wp\/v2\/types\/post"}],"author":[{"embeddable":true,"href":"https:\/\/www.agromundo.co\/blog\/wp-json\/wp\/v2\/users\/1"}],"replies":[{"embeddable":true,"href":"https:\/\/www.agromundo.co\/blog\/wp-json\/wp\/v2\/comments?post=7286"}],"version-history":[{"count":1,"href":"https:\/\/www.agromundo.co\/blog\/wp-json\/wp\/v2\/posts\/7286\/revisions"}],"predecessor-version":[{"id":7288,"href":"https:\/\/www.agromundo.co\/blog\/wp-json\/wp\/v2\/posts\/7286\/revisions\/7288"}],"wp:featuredmedia":[{"embeddable":true,"href":"https:\/\/www.agromundo.co\/blog\/wp-json\/wp\/v2\/media\/7287"}],"wp:attachment":[{"href":"https:\/\/www.agromundo.co\/blog\/wp-json\/wp\/v2\/media?parent=7286"}],"wp:term":[{"taxonomy":"category","embeddable":true,"href":"https:\/\/www.agromundo.co\/blog\/wp-json\/wp\/v2\/categories?post=7286"},{"taxonomy":"post_tag","embeddable":true,"href":"https:\/\/www.agromundo.co\/blog\/wp-json\/wp\/v2\/tags?post=7286"}],"curies":[{"name":"wp","href":"https:\/\/api.w.org\/{rel}","templated":true}]}}