{"id":7300,"date":"2018-09-10T14:55:17","date_gmt":"2018-09-10T14:55:17","guid":{"rendered":"http:\/\/www.agromundo.co\/blog\/?p=7300"},"modified":"2018-09-10T14:55:17","modified_gmt":"2018-09-10T14:55:17","slug":"congreso-nutricion-bovina","status":"publish","type":"post","link":"https:\/\/www.agromundo.co\/blog\/congreso-nutricion-bovina\/","title":{"rendered":"Segundo congreso de nutrici\u00f3n bovina en Medell\u00edn"},"content":{"rendered":"<p>Nutrici\u00f3n bovina<\/p>\n<div id=\"attachment_7301\" style=\"width: 310px\" class=\"wp-caption aligncenter\"><img aria-describedby=\"caption-attachment-7301\" loading=\"lazy\" class=\"wp-image-7301 size-medium\" title=\"Nutrici\u00f3n bovina\" src=\"http:\/\/www.agromundo.co\/blog\/wp-content\/uploads\/2018\/09\/Nutricion-bovina-300x200.jpg\" alt=\"Nutricion bovina\" width=\"300\" height=\"200\" srcset=\"https:\/\/www.agromundo.co\/blog\/wp-content\/uploads\/2018\/09\/Nutricion-bovina-300x200.jpg 300w, https:\/\/www.agromundo.co\/blog\/wp-content\/uploads\/2018\/09\/Nutricion-bovina.jpg 308w\" sizes=\"(max-width: 300px) 100vw, 300px\" \/><p id=\"caption-attachment-7301\" class=\"wp-caption-text\">Foto: Cortes\u00eda<\/p><\/div>\n<ul>\n<li><em>Usted podr\u00e1 aprender sobre establecimiento y manejo de pastos, estrategias de alimentaci\u00f3n, nutrigen\u00f3mica y uso de drones en lecher\u00eda, para mejorar la eficiencia de los hatos, en el encuentro que se llevar\u00e1 a cabo en Medell\u00edn el 14 y 15 de septiembre de 2018.<\/em><\/li>\n<\/ul>\n<p>No se pierda el 2\u00b0 Congreso Nacional de Alimentaci\u00f3n y Nutrici\u00f3n Bovina el pr\u00f3ximo fin de semana. Contar\u00e1 con 7 especialistas, quienes presentar\u00e1n sus resultados en trabajos sobre dietas para bovinos.<\/p>\n<p>El viernes 14 iniciar\u00e1 con la presentaci\u00f3n del, m\u00e9dico veterinario y zootecnista, PhD en nutrici\u00f3n animal, profesor de la Universidad Nacional (Sede Medell\u00edn), H\u00e9ctor Jairo Correa, sobre\u00a0los efectos de la suplementaci\u00f3n alimenticia en la calidad y el costo de la producci\u00f3n de leche.<strong>\u00a0<\/strong><\/p>\n<p>Seguidamente, el tambi\u00e9n profesor de la U. Nacional, Bsc en producci\u00f3n animal, MSc en nutrici\u00f3n de rumiantes y PhD de la Universidad de Kansas Rolando Barahona Rosales, dictar\u00e1 una charla sobre\u00a0estrategias de alimentaci\u00f3n para la reducci\u00f3n del impacto ambiental en la ganader\u00eda del tr\u00f3pico de altura.<\/p>\n<p>M\u00e1s adelante, la docente de la Universidad de La Salle, Carolina Bespaholk Jacometo, ha sido invitada para disertar sobre la nutrigen\u00f3mica, que de acuerdo con la experta es el \u00e1rea de la ciencia que busca entender la forma como interact\u00faan con el metabolismo los compuestos bioactivos de los alimentos.<\/p>\n<p>A continuaci\u00f3n, Luis Cuadros Moreno, zootecnista de la Universidad Nacional, muy consultado por los empresarios ganaderos y conocido por sus contribuciones, expondr\u00e1 sobre el\u00a0manejo y la suplementaci\u00f3n de pastos en el tr\u00f3pico alto.<\/p>\n<p>Luego del almuerzo, Sergio Luis Mej\u00eda, PhD investigador de Agrosavia, contar\u00e1 el proyecto que desarroll\u00f3 en el C.I. Turipan\u00e1 sobre\u00a0un modelo de producci\u00f3n de carne basado en el establecimiento de pasturas, que constituye una alternativa para los productores peque\u00f1os interesados en la implementaci\u00f3n de proyectos de ceba.<\/p>\n<p>Por su parte, el profesor de la Universidad Agraria, H\u00e9ctor Jos\u00e9 Anzola, MVZ MSc y PhD en nutrici\u00f3n de rumiantes y ganado lechero, explicar\u00e1 el proyecto en el que particip\u00f3 con el dr. \u00d3scar Ospina conjuntamente con otros especialistas sobre el\u00a0empleo de drones para la determinaci\u00f3n del nivel de fibra y prote\u00edna en pastos a partir de im\u00e1genes RGB.<\/p>\n<p>Hacia el final del viernes, el ganadero Jorge Eli\u00e9cer Camargo, un importante productor de los Llanos Orientales, hablar\u00e1 sobre sistemas de alimentaci\u00f3n y nutrici\u00f3n sostenibles en ganader\u00edas de leche y carne con producci\u00f3n limpia.<\/p>\n<p>Para el d\u00eda s\u00e1bado,\u00a0los asistentes visitar\u00e1n una hacienda modelo en producci\u00f3n de leche donde conocer\u00e1n el programa de alimentaci\u00f3n y nutrici\u00f3n que adelantan sus propietarios ganaderos.<\/p>\n<p>El 2\u00b0 Congreso de Nutrici\u00f3n Bovina que se llevar\u00e1 a cabo durante los d\u00edas 14 y 15 de septiembre de 2018 en el auditorio Juan Pablo II de la Universidad Pontificia Bolivariana de la ciudad de Medell\u00edn, es organizado por Produmedios y el peri\u00f3dico EL AGRO.<\/p>\n<p>Para mayor informaci\u00f3n, comun\u00edquese a los tel\u00e9fonos3212072551,\u00a03157942516,\u00a03138528128 o\u00a03138528109. Tambi\u00e9n puede escribir a los correos\u00a0<a href=\"mailto:periodicoelagro@gmail.com\">periodicoelagro@gmail.com<\/a>,\u00a0<a href=\"mailto:eventoselagro2018@gmail.com\">eventoselagro2018@gmail.com<\/a>,\u00a0<a href=\"mailto:gerencia@produmedios.org\">gerencia@produmedios.org<\/a>\u00a0y \u00a0<a href=\"mailto:eventos@produmedios.org\">eventos@produmedios.org<\/a>.<\/p>\n<p>&nbsp;<\/p>\n<p>Fuente: Adaptado de CONtexto Ganadero.<\/p>\n<p>Con el patrocinio de:<\/p>\n<div id=\"attachment_6568\" style=\"width: 146px\" class=\"wp-caption alignleft\"><a href=\"http:\/\/www.agromundo.co\/alimento-y-suplementos-para-ganado-y-caballos.html\"><img aria-describedby=\"caption-attachment-6568\" loading=\"lazy\" class=\"wp-image-6568 size-full\" src=\"http:\/\/www.agromundo.co\/blog\/wp-content\/uploads\/2017\/10\/logotipo.jpg\" alt=\"logotipo\" width=\"136\" height=\"120\" \/><\/a><p id=\"caption-attachment-6568\" class=\"wp-caption-text\">Alimentos y suplementos alimenticios para ganado Nutryr<\/p><\/div>\n<div id=\"attachment_6608\" style=\"width: 130px\" class=\"wp-caption alignright\"><a href=\"http:\/\/www.agromundo.co\/pisos-en-caucho-para-salas-de-ordeno-y-pesebrera.html\"><img aria-describedby=\"caption-attachment-6608\" loading=\"lazy\" class=\"wp-image-6608\" src=\"http:\/\/www.agromundo.co\/blog\/wp-content\/uploads\/2017\/11\/Pisos-para-salas-de-orde\u00f1o-Plastigoma.jpg\" alt=\"Pisos para salas de orde\u00f1o Plastigoma\" width=\"120\" height=\"120\" srcset=\"https:\/\/www.agromundo.co\/blog\/wp-content\/uploads\/2017\/11\/Pisos-para-salas-de-orde\u00f1o-Plastigoma.jpg 160w, https:\/\/www.agromundo.co\/blog\/wp-content\/uploads\/2017\/11\/Pisos-para-salas-de-orde\u00f1o-Plastigoma-150x150.jpg 150w\" sizes=\"(max-width: 120px) 100vw, 120px\" \/><\/a><p id=\"caption-attachment-6608\" class=\"wp-caption-text\">Pisos de caucho vulcanizadopara salas de orde\u00f1o<\/p><\/div>\n","protected":false},"excerpt":{"rendered":"<p>Nutrici\u00f3n bovina Usted podr\u00e1 aprender sobre establecimiento y manejo de pastos, estrategias de alimentaci\u00f3n, nutrigen\u00f3mica y uso de drones en lecher\u00eda, para mejorar la eficiencia de los hatos, en el encuentro que se llevar\u00e1 a cabo en Medell\u00edn el 14 y 15 de septiembre de 2018. No se pierda el 2\u00b0 Congreso Nacional de Alimentaci\u00f3n [&hellip;]<\/p>\n","protected":false},"author":1,"featured_media":7301,"comment_status":"open","ping_status":"open","sticky":false,"template":"","format":"standard","meta":[],"categories":[22,3,18,6],"tags":[1922,3821,3666,1628,3127,3207,3774],"yoast_head":"<!-- This site is optimized with the Yoast SEO plugin v17.3 - https:\/\/yoast.com\/wordpress\/plugins\/seo\/ -->\n<meta name=\"description\" content=\"El 14 y 15 de septiembre de 2018 se llevar\u00e1 a cabo el segundo Congreso Nacional de Alimentaci\u00f3n y Nutrici\u00f3n Bovina en la ciudad de Medell\u00edn.\" \/>\n<meta name=\"robots\" content=\"index, follow, max-snippet:-1, max-image-preview:large, max-video-preview:-1\" \/>\n<meta property=\"og:locale\" content=\"es_ES\" \/>\n<meta property=\"og:type\" content=\"article\" \/>\n<meta property=\"og:title\" content=\"Segundo congreso de nutrici\u00f3n bovina en Medell\u00edn - Notiagro\" \/>\n<meta property=\"og:description\" content=\"El 14 y 15 de septiembre de 2018 se llevar\u00e1 a cabo el segundo Congreso Nacional de Alimentaci\u00f3n y Nutrici\u00f3n Bovina en la ciudad de Medell\u00edn.\" \/>\n<meta property=\"og:site_name\" content=\"Notiagro\" \/>\n<meta property=\"article:published_time\" content=\"2018-09-10T14:55:17+00:00\" \/>\n<meta property=\"og:image\" content=\"https:\/\/www.agromundo.co\/blog\/wp-content\/uploads\/2018\/09\/Nutricion-bovina.jpg\" \/>\n\t<meta property=\"og:image:width\" content=\"308\" \/>\n\t<meta property=\"og:image:height\" content=\"205\" \/>\n<meta name=\"twitter:label1\" content=\"Escrito por\" \/>\n\t<meta name=\"twitter:data1\" content=\"admin\" \/>\n\t<meta name=\"twitter:label2\" content=\"Tiempo de lectura\" \/>\n\t<meta name=\"twitter:data2\" content=\"3 minutos\" \/>\n<script type=\"application\/ld+json\" class=\"yoast-schema-graph\">{\"@context\":\"https:\/\/schema.org\",\"@graph\":[{\"@type\":\"WebSite\",\"@id\":\"https:\/\/www.agromundo.co\/blog\/#website\",\"url\":\"https:\/\/www.agromundo.co\/blog\/\",\"name\":\"Notiagro\",\"description\":\"Noticias y eventos sector agropecuario colombiano\",\"potentialAction\":[{\"@type\":\"SearchAction\",\"target\":{\"@type\":\"EntryPoint\",\"urlTemplate\":\"https:\/\/www.agromundo.co\/blog\/?s={search_term_string}\"},\"query-input\":\"required name=search_term_string\"}],\"inLanguage\":\"es\"},{\"@type\":\"ImageObject\",\"@id\":\"#primaryimage\",\"inLanguage\":\"es\",\"url\":\"https:\/\/www.agromundo.co\/blog\/wp-content\/uploads\/2018\/09\/Nutricion-bovina.jpg\",\"contentUrl\":\"https:\/\/www.agromundo.co\/blog\/wp-content\/uploads\/2018\/09\/Nutricion-bovina.jpg\",\"width\":308,\"height\":205},{\"@type\":\"WebPage\",\"@id\":\"#webpage\",\"url\":null,\"name\":\"Segundo congreso de nutrici\\u00f3n bovina en Medell\\u00edn - Notiagro\",\"isPartOf\":{\"@id\":\"https:\/\/www.agromundo.co\/blog\/#website\"},\"primaryImageOfPage\":{\"@id\":\"#primaryimage\"},\"datePublished\":\"2018-09-10T14:55:17+00:00\",\"dateModified\":\"2018-09-10T14:55:17+00:00\",\"author\":{\"@id\":\"https:\/\/www.agromundo.co\/blog\/#\/schema\/person\/3e07d858c3c7a93ebf4ad3785559d35d\"},\"description\":\"El 14 y 15 de septiembre de 2018 se llevar\\u00e1 a cabo el segundo Congreso Nacional de Alimentaci\\u00f3n y Nutrici\\u00f3n Bovina en la ciudad de Medell\\u00edn.\",\"breadcrumb\":{\"@id\":\"#breadcrumb\"},\"inLanguage\":\"es\",\"potentialAction\":[{\"@type\":\"ReadAction\",\"target\":[null]}]},{\"@type\":\"BreadcrumbList\",\"@id\":\"#breadcrumb\",\"itemListElement\":[{\"@type\":\"ListItem\",\"position\":1,\"name\":\"Portada\",\"item\":\"https:\/\/www.agromundo.co\/blog\/\"},{\"@type\":\"ListItem\",\"position\":2,\"name\":\"Segundo congreso de nutrici\\u00f3n bovina en Medell\\u00edn\"}]},{\"@type\":\"Person\",\"@id\":\"https:\/\/www.agromundo.co\/blog\/#\/schema\/person\/3e07d858c3c7a93ebf4ad3785559d35d\",\"name\":\"admin\",\"image\":{\"@type\":\"ImageObject\",\"@id\":\"https:\/\/www.agromundo.co\/blog\/#personlogo\",\"inLanguage\":\"es\",\"url\":\"https:\/\/secure.gravatar.com\/avatar\/f990c4c6d966ea7f7bec9cc10bcda5ce?s=96&d=mm&r=g\",\"contentUrl\":\"https:\/\/secure.gravatar.com\/avatar\/f990c4c6d966ea7f7bec9cc10bcda5ce?s=96&d=mm&r=g\",\"caption\":\"admin\"},\"url\":\"https:\/\/www.agromundo.co\/blog\/author\/admin\/\"}]}<\/script>\n<!-- \/ Yoast SEO plugin. -->","yoast_head_json":{"description":"El 14 y 15 de septiembre de 2018 se llevar\u00e1 a cabo el segundo Congreso Nacional de Alimentaci\u00f3n y Nutrici\u00f3n Bovina en la ciudad de Medell\u00edn.","robots":{"index":"index","follow":"follow","max-snippet":"max-snippet:-1","max-image-preview":"max-image-preview:large","max-video-preview":"max-video-preview:-1"},"og_locale":"es_ES","og_type":"article","og_title":"Segundo congreso de nutrici\u00f3n bovina en Medell\u00edn - Notiagro","og_description":"El 14 y 15 de septiembre de 2018 se llevar\u00e1 a cabo el segundo Congreso Nacional de Alimentaci\u00f3n y Nutrici\u00f3n Bovina en la ciudad de Medell\u00edn.","og_site_name":"Notiagro","article_published_time":"2018-09-10T14:55:17+00:00","og_image":[{"width":308,"height":205,"url":"https:\/\/www.agromundo.co\/blog\/wp-content\/uploads\/2018\/09\/Nutricion-bovina.jpg","type":"image\/jpeg"}],"twitter_misc":{"Escrito por":"admin","Tiempo de lectura":"3 minutos"},"schema":{"@context":"https:\/\/schema.org","@graph":[{"@type":"WebSite","@id":"https:\/\/www.agromundo.co\/blog\/#website","url":"https:\/\/www.agromundo.co\/blog\/","name":"Notiagro","description":"Noticias y eventos sector agropecuario colombiano","potentialAction":[{"@type":"SearchAction","target":{"@type":"EntryPoint","urlTemplate":"https:\/\/www.agromundo.co\/blog\/?s={search_term_string}"},"query-input":"required name=search_term_string"}],"inLanguage":"es"},{"@type":"ImageObject","@id":"#primaryimage","inLanguage":"es","url":"https:\/\/www.agromundo.co\/blog\/wp-content\/uploads\/2018\/09\/Nutricion-bovina.jpg","contentUrl":"https:\/\/www.agromundo.co\/blog\/wp-content\/uploads\/2018\/09\/Nutricion-bovina.jpg","width":308,"height":205},{"@type":"WebPage","@id":"#webpage","url":null,"name":"Segundo congreso de nutrici\u00f3n bovina en Medell\u00edn - Notiagro","isPartOf":{"@id":"https:\/\/www.agromundo.co\/blog\/#website"},"primaryImageOfPage":{"@id":"#primaryimage"},"datePublished":"2018-09-10T14:55:17+00:00","dateModified":"2018-09-10T14:55:17+00:00","author":{"@id":"https:\/\/www.agromundo.co\/blog\/#\/schema\/person\/3e07d858c3c7a93ebf4ad3785559d35d"},"description":"El 14 y 15 de septiembre de 2018 se llevar\u00e1 a cabo el segundo Congreso Nacional de Alimentaci\u00f3n y Nutrici\u00f3n Bovina en la ciudad de Medell\u00edn.","breadcrumb":{"@id":"#breadcrumb"},"inLanguage":"es","potentialAction":[{"@type":"ReadAction","target":[null]}]},{"@type":"BreadcrumbList","@id":"#breadcrumb","itemListElement":[{"@type":"ListItem","position":1,"name":"Portada","item":"https:\/\/www.agromundo.co\/blog\/"},{"@type":"ListItem","position":2,"name":"Segundo congreso de nutrici\u00f3n bovina en Medell\u00edn"}]},{"@type":"Person","@id":"https:\/\/www.agromundo.co\/blog\/#\/schema\/person\/3e07d858c3c7a93ebf4ad3785559d35d","name":"admin","image":{"@type":"ImageObject","@id":"https:\/\/www.agromundo.co\/blog\/#personlogo","inLanguage":"es","url":"https:\/\/secure.gravatar.com\/avatar\/f990c4c6d966ea7f7bec9cc10bcda5ce?s=96&d=mm&r=g","contentUrl":"https:\/\/secure.gravatar.com\/avatar\/f990c4c6d966ea7f7bec9cc10bcda5ce?s=96&d=mm&r=g","caption":"admin"},"url":"https:\/\/www.agromundo.co\/blog\/author\/admin\/"}]}},"_links":{"self":[{"href":"https:\/\/www.agromundo.co\/blog\/wp-json\/wp\/v2\/posts\/7300"}],"collection":[{"href":"https:\/\/www.agromundo.co\/blog\/wp-json\/wp\/v2\/posts"}],"about":[{"href":"https:\/\/www.agromundo.co\/blog\/wp-json\/wp\/v2\/types\/post"}],"author":[{"embeddable":true,"href":"https:\/\/www.agromundo.co\/blog\/wp-json\/wp\/v2\/users\/1"}],"replies":[{"embeddable":true,"href":"https:\/\/www.agromundo.co\/blog\/wp-json\/wp\/v2\/comments?post=7300"}],"version-history":[{"count":1,"href":"https:\/\/www.agromundo.co\/blog\/wp-json\/wp\/v2\/posts\/7300\/revisions"}],"predecessor-version":[{"id":7302,"href":"https:\/\/www.agromundo.co\/blog\/wp-json\/wp\/v2\/posts\/7300\/revisions\/7302"}],"wp:featuredmedia":[{"embeddable":true,"href":"https:\/\/www.agromundo.co\/blog\/wp-json\/wp\/v2\/media\/7301"}],"wp:attachment":[{"href":"https:\/\/www.agromundo.co\/blog\/wp-json\/wp\/v2\/media?parent=7300"}],"wp:term":[{"taxonomy":"category","embeddable":true,"href":"https:\/\/www.agromundo.co\/blog\/wp-json\/wp\/v2\/categories?post=7300"},{"taxonomy":"post_tag","embeddable":true,"href":"https:\/\/www.agromundo.co\/blog\/wp-json\/wp\/v2\/tags?post=7300"}],"curies":[{"name":"wp","href":"https:\/\/api.w.org\/{rel}","templated":true}]}}