{"id":7397,"date":"2018-10-16T15:30:52","date_gmt":"2018-10-16T15:30:52","guid":{"rendered":"http:\/\/www.agromundo.co\/blog\/?p=7397"},"modified":"2018-10-16T15:32:10","modified_gmt":"2018-10-16T15:32:10","slug":"feria-equina-barranquilla-agroexpo-caribe","status":"publish","type":"post","link":"https:\/\/www.agromundo.co\/blog\/feria-equina-barranquilla-agroexpo-caribe\/","title":{"rendered":"Feria equina de Barranquilla en Agroexpo Caribe"},"content":{"rendered":"<p>Feria equina de Barranquilla<\/p>\n<p><img loading=\"lazy\" class=\"aligncenter wp-image-7399 size-medium\" title=\"Feria equina de Barranquilla\" src=\"http:\/\/www.agromundo.co\/blog\/wp-content\/uploads\/2018\/10\/Feria-equina-de-Barranquilla-300x201.jpg\" alt=\"Feria equina de Barranquilla\" width=\"300\" height=\"201\" srcset=\"https:\/\/www.agromundo.co\/blog\/wp-content\/uploads\/2018\/10\/Feria-equina-de-Barranquilla-300x201.jpg 300w, https:\/\/www.agromundo.co\/blog\/wp-content\/uploads\/2018\/10\/Feria-equina-de-Barranquilla.jpg 306w\" sizes=\"(max-width: 300px) 100vw, 300px\" \/><\/p>\n<p>Durante la segunda versi\u00f3n de\u00a0<strong>Agroexpo Caribe<\/strong>, que se realizar\u00e1 del 18 al 21 de octubre del 2018 en el Centro de Eventos del Caribe, Puerta de Oro, habr\u00e1 lugar para la\u00a0<strong>Feria Equina de Barranquilla, <\/strong>a cargo de la Asociaci\u00f3n de Criadores de Caballos (<strong>Asoequinos)<\/strong>, donde se presentar\u00e1n 400 de los mejores ejemplares de trote y galope, paso insignia, trocha y galope y paso trocha.<\/p>\n<p>El director ejecutivo de Asoequinos, Hernando Salcedo afirm\u00f3 que la pasi\u00f3n por el caballo colombiano genera riqueza a trav\u00e9s de por lo menos 3 grandes componentes del desarrollo empresarial: el espect\u00e1culo de las exposiciones equinas, la crianza y la comercializaci\u00f3n y venta de equinos y material reproductivo.<\/p>\n<p>Una muestra de ello se desarrollar\u00e1 en la Feria Equina de Barranquilla, que pretende robarse el show con ejemplares nacionales e internacionales. El 18 de octubre se iniciar\u00e1 con la competencia de\u00a0trocha y galope, el 19 se realizar\u00e1 la de\u00a0trote y galope,\u00a0el 20 octubre la de\u00a0paso insignia (paso puro colombiano)\u00a0y el 21 se culminar\u00e1 con la de\u00a0paso trocha (puro colombiano).<\/p>\n<p>Los jueces calificar\u00e1n, entre otros aspectos, la docilidad del animal, el n\u00famero de batidas por minuto, la sonoridad y el sostenimiento y sobre la tabla, el adiestramiento, la embocadura el fenotipo y el movimiento o no de la cola. Por cada concepto a calificar se asignar\u00e1 un puntaje y el que mayor cantidad de puntos acumule, ser\u00e1 el ganador en su modalidad.<\/p>\n<p>En la feria se tendr\u00e1n ejemplares de la Regi\u00f3n Caribe, Antioquia, Cundinamarca, Valle del Cauca y los Santanderes. Adem\u00e1s se contar\u00e1 con la presencia de escuelas infantiles de caballer\u00eda y de los mejores criaderos como San Isidro, El Ed\u00e9n, Luxor, La Quinta Real, el 21 San Jos\u00e9, entre otros.<\/p>\n<p>El jefe de Proyectos de Corferias, Andr\u00e9s Vargas, inform\u00f3 que\u00a0en el Atl\u00e1ntico se realizan 5 ferias equinas grado A al a\u00f1o; sin embargo\u00a0Agroexpo Caribe\u00a0pretende darles criterio internacional, por lo que traer\u00e1n la representaci\u00f3n de los mejores ejemplares.<\/p>\n<p>A\u00f1adi\u00f3 Vargas que ser\u00e1n designadas 200 pesebreras equipadas con aire acondicionado para los equinos procedentes del interior pa\u00eds, para que el cambio de clima no los afecte; adem\u00e1s de 75 palcos en el recinto.<\/p>\n<p>&nbsp;<\/p>\n<p>Fuente: Adaptado de amigosdelcampo.com.<\/p>\n<p>Con el patrocinio de:<\/p>\n<div id=\"attachment_6815\" style=\"width: 146px\" class=\"wp-caption alignleft\"><a href=\"http:\/\/www.agromundo.co\/herraduras-clavos-y-accesorios-para-herraje-mustad-emcoclavos.html\"><img aria-describedby=\"caption-attachment-6815\" loading=\"lazy\" class=\"wp-image-6815 size-full\" src=\"http:\/\/www.agromundo.co\/blog\/wp-content\/uploads\/2018\/02\/logo-1.png\" alt=\"logo\" width=\"136\" height=\"120\" \/><\/a><p id=\"caption-attachment-6815\" class=\"wp-caption-text\">Herraduras y accesorios para herraje<\/p><\/div>\n<div id=\"attachment_7398\" style=\"width: 123px\" class=\"wp-caption alignright\"><a href=\"http:\/\/www.agromundo.co\/alimento-y-suplementos-para-ganado-y-caballos.html\"><img aria-describedby=\"caption-attachment-7398\" loading=\"lazy\" class=\"wp-image-7398\" src=\"http:\/\/www.agromundo.co\/blog\/wp-content\/uploads\/2018\/10\/Sal-mineralizada-Nutryr-S.A.jpeg\" alt=\"Sal mineralizada Nutryr S.A\" width=\"113\" height=\"120\" \/><\/a><p id=\"caption-attachment-7398\" class=\"wp-caption-text\">Sal mineralizada Nutryr S.A<\/p><\/div>\n","protected":false},"excerpt":{"rendered":"<p>Feria equina de Barranquilla Durante la segunda versi\u00f3n de\u00a0Agroexpo Caribe, que se realizar\u00e1 del 18 al 21 de octubre del 2018 en el Centro de Eventos del Caribe, Puerta de Oro, habr\u00e1 lugar para la\u00a0Feria Equina de Barranquilla, a cargo de la Asociaci\u00f3n de Criadores de Caballos (Asoequinos), donde se presentar\u00e1n 400 de los mejores [&hellip;]<\/p>\n","protected":false},"author":1,"featured_media":7399,"comment_status":"open","ping_status":"open","sticky":false,"template":"","format":"standard","meta":[],"categories":[22,3,18,6],"tags":[2878,2996,421,1000,3869],"yoast_head":"<!-- This site is optimized with the Yoast SEO plugin v17.3 - https:\/\/yoast.com\/wordpress\/plugins\/seo\/ -->\n<meta name=\"description\" content=\"Durante la segunda versi\u00f3n de Agroexpo Caribe, del 18 al 21 de octubre del 2018, habr\u00e1 lugar para realizar la Feria Equina de Barranquilla.\" \/>\n<meta name=\"robots\" content=\"index, follow, max-snippet:-1, max-image-preview:large, max-video-preview:-1\" \/>\n<link rel=\"canonical\" href=\"https:\/\/www.agromundo.co\/blog\/feria-equina-barranquilla-agroexpo-caribe\/\" \/>\n<meta property=\"og:locale\" content=\"es_ES\" \/>\n<meta property=\"og:type\" content=\"article\" \/>\n<meta property=\"og:title\" content=\"Feria equina de Barranquilla en Agroexpo Caribe - Notiagro\" \/>\n<meta property=\"og:description\" content=\"Durante la segunda versi\u00f3n de Agroexpo Caribe, del 18 al 21 de octubre del 2018, habr\u00e1 lugar para realizar la Feria Equina de Barranquilla.\" \/>\n<meta property=\"og:url\" content=\"https:\/\/www.agromundo.co\/blog\/feria-equina-barranquilla-agroexpo-caribe\/\" \/>\n<meta property=\"og:site_name\" content=\"Notiagro\" \/>\n<meta property=\"article:published_time\" content=\"2018-10-16T15:30:52+00:00\" \/>\n<meta property=\"article:modified_time\" content=\"2018-10-16T15:32:10+00:00\" \/>\n<meta property=\"og:image\" content=\"https:\/\/www.agromundo.co\/blog\/wp-content\/uploads\/2018\/10\/Feria-equina-de-Barranquilla.jpg\" \/>\n\t<meta property=\"og:image:width\" content=\"306\" \/>\n\t<meta property=\"og:image:height\" content=\"205\" \/>\n<meta name=\"twitter:label1\" content=\"Escrito por\" \/>\n\t<meta name=\"twitter:data1\" content=\"admin\" \/>\n\t<meta name=\"twitter:label2\" content=\"Tiempo de lectura\" \/>\n\t<meta name=\"twitter:data2\" content=\"2 minutos\" \/>\n<script type=\"application\/ld+json\" class=\"yoast-schema-graph\">{\"@context\":\"https:\/\/schema.org\",\"@graph\":[{\"@type\":\"WebSite\",\"@id\":\"https:\/\/www.agromundo.co\/blog\/#website\",\"url\":\"https:\/\/www.agromundo.co\/blog\/\",\"name\":\"Notiagro\",\"description\":\"Noticias y eventos sector agropecuario colombiano\",\"potentialAction\":[{\"@type\":\"SearchAction\",\"target\":{\"@type\":\"EntryPoint\",\"urlTemplate\":\"https:\/\/www.agromundo.co\/blog\/?s={search_term_string}\"},\"query-input\":\"required name=search_term_string\"}],\"inLanguage\":\"es\"},{\"@type\":\"ImageObject\",\"@id\":\"https:\/\/www.agromundo.co\/blog\/feria-equina-barranquilla-agroexpo-caribe\/#primaryimage\",\"inLanguage\":\"es\",\"url\":\"https:\/\/www.agromundo.co\/blog\/wp-content\/uploads\/2018\/10\/Feria-equina-de-Barranquilla.jpg\",\"contentUrl\":\"https:\/\/www.agromundo.co\/blog\/wp-content\/uploads\/2018\/10\/Feria-equina-de-Barranquilla.jpg\",\"width\":306,\"height\":205},{\"@type\":\"WebPage\",\"@id\":\"https:\/\/www.agromundo.co\/blog\/feria-equina-barranquilla-agroexpo-caribe\/#webpage\",\"url\":\"https:\/\/www.agromundo.co\/blog\/feria-equina-barranquilla-agroexpo-caribe\/\",\"name\":\"Feria equina de Barranquilla en Agroexpo Caribe - Notiagro\",\"isPartOf\":{\"@id\":\"https:\/\/www.agromundo.co\/blog\/#website\"},\"primaryImageOfPage\":{\"@id\":\"https:\/\/www.agromundo.co\/blog\/feria-equina-barranquilla-agroexpo-caribe\/#primaryimage\"},\"datePublished\":\"2018-10-16T15:30:52+00:00\",\"dateModified\":\"2018-10-16T15:32:10+00:00\",\"author\":{\"@id\":\"https:\/\/www.agromundo.co\/blog\/#\/schema\/person\/3e07d858c3c7a93ebf4ad3785559d35d\"},\"description\":\"Durante la segunda versi\\u00f3n de Agroexpo Caribe, del 18 al 21 de octubre del 2018, habr\\u00e1 lugar para realizar la Feria Equina de Barranquilla.\",\"breadcrumb\":{\"@id\":\"https:\/\/www.agromundo.co\/blog\/feria-equina-barranquilla-agroexpo-caribe\/#breadcrumb\"},\"inLanguage\":\"es\",\"potentialAction\":[{\"@type\":\"ReadAction\",\"target\":[\"https:\/\/www.agromundo.co\/blog\/feria-equina-barranquilla-agroexpo-caribe\/\"]}]},{\"@type\":\"BreadcrumbList\",\"@id\":\"https:\/\/www.agromundo.co\/blog\/feria-equina-barranquilla-agroexpo-caribe\/#breadcrumb\",\"itemListElement\":[{\"@type\":\"ListItem\",\"position\":1,\"name\":\"Portada\",\"item\":\"https:\/\/www.agromundo.co\/blog\/\"},{\"@type\":\"ListItem\",\"position\":2,\"name\":\"Feria equina de Barranquilla en Agroexpo Caribe\"}]},{\"@type\":\"Person\",\"@id\":\"https:\/\/www.agromundo.co\/blog\/#\/schema\/person\/3e07d858c3c7a93ebf4ad3785559d35d\",\"name\":\"admin\",\"image\":{\"@type\":\"ImageObject\",\"@id\":\"https:\/\/www.agromundo.co\/blog\/#personlogo\",\"inLanguage\":\"es\",\"url\":\"https:\/\/secure.gravatar.com\/avatar\/f990c4c6d966ea7f7bec9cc10bcda5ce?s=96&d=mm&r=g\",\"contentUrl\":\"https:\/\/secure.gravatar.com\/avatar\/f990c4c6d966ea7f7bec9cc10bcda5ce?s=96&d=mm&r=g\",\"caption\":\"admin\"},\"url\":\"https:\/\/www.agromundo.co\/blog\/author\/admin\/\"}]}<\/script>\n<!-- \/ Yoast SEO plugin. -->","yoast_head_json":{"description":"Durante la segunda versi\u00f3n de Agroexpo Caribe, del 18 al 21 de octubre del 2018, habr\u00e1 lugar para realizar la Feria Equina de Barranquilla.","robots":{"index":"index","follow":"follow","max-snippet":"max-snippet:-1","max-image-preview":"max-image-preview:large","max-video-preview":"max-video-preview:-1"},"canonical":"https:\/\/www.agromundo.co\/blog\/feria-equina-barranquilla-agroexpo-caribe\/","og_locale":"es_ES","og_type":"article","og_title":"Feria equina de Barranquilla en Agroexpo Caribe - Notiagro","og_description":"Durante la segunda versi\u00f3n de Agroexpo Caribe, del 18 al 21 de octubre del 2018, habr\u00e1 lugar para realizar la Feria Equina de Barranquilla.","og_url":"https:\/\/www.agromundo.co\/blog\/feria-equina-barranquilla-agroexpo-caribe\/","og_site_name":"Notiagro","article_published_time":"2018-10-16T15:30:52+00:00","article_modified_time":"2018-10-16T15:32:10+00:00","og_image":[{"width":306,"height":205,"url":"https:\/\/www.agromundo.co\/blog\/wp-content\/uploads\/2018\/10\/Feria-equina-de-Barranquilla.jpg","type":"image\/jpeg"}],"twitter_misc":{"Escrito por":"admin","Tiempo de lectura":"2 minutos"},"schema":{"@context":"https:\/\/schema.org","@graph":[{"@type":"WebSite","@id":"https:\/\/www.agromundo.co\/blog\/#website","url":"https:\/\/www.agromundo.co\/blog\/","name":"Notiagro","description":"Noticias y eventos sector agropecuario colombiano","potentialAction":[{"@type":"SearchAction","target":{"@type":"EntryPoint","urlTemplate":"https:\/\/www.agromundo.co\/blog\/?s={search_term_string}"},"query-input":"required name=search_term_string"}],"inLanguage":"es"},{"@type":"ImageObject","@id":"https:\/\/www.agromundo.co\/blog\/feria-equina-barranquilla-agroexpo-caribe\/#primaryimage","inLanguage":"es","url":"https:\/\/www.agromundo.co\/blog\/wp-content\/uploads\/2018\/10\/Feria-equina-de-Barranquilla.jpg","contentUrl":"https:\/\/www.agromundo.co\/blog\/wp-content\/uploads\/2018\/10\/Feria-equina-de-Barranquilla.jpg","width":306,"height":205},{"@type":"WebPage","@id":"https:\/\/www.agromundo.co\/blog\/feria-equina-barranquilla-agroexpo-caribe\/#webpage","url":"https:\/\/www.agromundo.co\/blog\/feria-equina-barranquilla-agroexpo-caribe\/","name":"Feria equina de Barranquilla en Agroexpo Caribe - Notiagro","isPartOf":{"@id":"https:\/\/www.agromundo.co\/blog\/#website"},"primaryImageOfPage":{"@id":"https:\/\/www.agromundo.co\/blog\/feria-equina-barranquilla-agroexpo-caribe\/#primaryimage"},"datePublished":"2018-10-16T15:30:52+00:00","dateModified":"2018-10-16T15:32:10+00:00","author":{"@id":"https:\/\/www.agromundo.co\/blog\/#\/schema\/person\/3e07d858c3c7a93ebf4ad3785559d35d"},"description":"Durante la segunda versi\u00f3n de Agroexpo Caribe, del 18 al 21 de octubre del 2018, habr\u00e1 lugar para realizar la Feria Equina de Barranquilla.","breadcrumb":{"@id":"https:\/\/www.agromundo.co\/blog\/feria-equina-barranquilla-agroexpo-caribe\/#breadcrumb"},"inLanguage":"es","potentialAction":[{"@type":"ReadAction","target":["https:\/\/www.agromundo.co\/blog\/feria-equina-barranquilla-agroexpo-caribe\/"]}]},{"@type":"BreadcrumbList","@id":"https:\/\/www.agromundo.co\/blog\/feria-equina-barranquilla-agroexpo-caribe\/#breadcrumb","itemListElement":[{"@type":"ListItem","position":1,"name":"Portada","item":"https:\/\/www.agromundo.co\/blog\/"},{"@type":"ListItem","position":2,"name":"Feria equina de Barranquilla en Agroexpo Caribe"}]},{"@type":"Person","@id":"https:\/\/www.agromundo.co\/blog\/#\/schema\/person\/3e07d858c3c7a93ebf4ad3785559d35d","name":"admin","image":{"@type":"ImageObject","@id":"https:\/\/www.agromundo.co\/blog\/#personlogo","inLanguage":"es","url":"https:\/\/secure.gravatar.com\/avatar\/f990c4c6d966ea7f7bec9cc10bcda5ce?s=96&d=mm&r=g","contentUrl":"https:\/\/secure.gravatar.com\/avatar\/f990c4c6d966ea7f7bec9cc10bcda5ce?s=96&d=mm&r=g","caption":"admin"},"url":"https:\/\/www.agromundo.co\/blog\/author\/admin\/"}]}},"_links":{"self":[{"href":"https:\/\/www.agromundo.co\/blog\/wp-json\/wp\/v2\/posts\/7397"}],"collection":[{"href":"https:\/\/www.agromundo.co\/blog\/wp-json\/wp\/v2\/posts"}],"about":[{"href":"https:\/\/www.agromundo.co\/blog\/wp-json\/wp\/v2\/types\/post"}],"author":[{"embeddable":true,"href":"https:\/\/www.agromundo.co\/blog\/wp-json\/wp\/v2\/users\/1"}],"replies":[{"embeddable":true,"href":"https:\/\/www.agromundo.co\/blog\/wp-json\/wp\/v2\/comments?post=7397"}],"version-history":[{"count":1,"href":"https:\/\/www.agromundo.co\/blog\/wp-json\/wp\/v2\/posts\/7397\/revisions"}],"predecessor-version":[{"id":7400,"href":"https:\/\/www.agromundo.co\/blog\/wp-json\/wp\/v2\/posts\/7397\/revisions\/7400"}],"wp:featuredmedia":[{"embeddable":true,"href":"https:\/\/www.agromundo.co\/blog\/wp-json\/wp\/v2\/media\/7399"}],"wp:attachment":[{"href":"https:\/\/www.agromundo.co\/blog\/wp-json\/wp\/v2\/media?parent=7397"}],"wp:term":[{"taxonomy":"category","embeddable":true,"href":"https:\/\/www.agromundo.co\/blog\/wp-json\/wp\/v2\/categories?post=7397"},{"taxonomy":"post_tag","embeddable":true,"href":"https:\/\/www.agromundo.co\/blog\/wp-json\/wp\/v2\/tags?post=7397"}],"curies":[{"name":"wp","href":"https:\/\/api.w.org\/{rel}","templated":true}]}}