{"id":7408,"date":"2018-10-19T15:08:22","date_gmt":"2018-10-19T15:08:22","guid":{"rendered":"http:\/\/www.agromundo.co\/blog\/?p=7408"},"modified":"2018-10-19T15:08:22","modified_gmt":"2018-10-19T15:08:22","slug":"cursos-ganaderia-regenerativa","status":"publish","type":"post","link":"https:\/\/www.agromundo.co\/blog\/cursos-ganaderia-regenerativa\/","title":{"rendered":"Cursos de ganader\u00eda regenerativa en Cartagena y Medell\u00edn"},"content":{"rendered":"<p>Ganader\u00eda regenerativa<\/p>\n<div id=\"attachment_7409\" style=\"width: 310px\" class=\"wp-caption aligncenter\"><img aria-describedby=\"caption-attachment-7409\" loading=\"lazy\" class=\"wp-image-7409 size-medium\" title=\"Ganader\u00eda regenerativa\" src=\"http:\/\/www.agromundo.co\/blog\/wp-content\/uploads\/2018\/10\/Ganaderia-regenerativa-300x205.jpg\" alt=\"Ganaderia regenerativa\" width=\"300\" height=\"205\" \/><p id=\"caption-attachment-7409\" class=\"wp-caption-text\">Foto: Asodoble<\/p><\/div>\n<ul>\n<li><em>Asodoble, Asociaci\u00f3n Colombiana de Criadores de Ganado Doble Prop\u00f3sito, ofrecer\u00e1 2 conversatorios en las ciudades de Cartagena y Medell\u00edn con diferente metodolog\u00eda para que los asistentes conozcan sobre esta manera de producci\u00f3n que est\u00e1 basada en pr\u00e1cticas sostenibles y amigables con el ambiente.<\/em><\/li>\n<\/ul>\n<p>La asociaci\u00f3n manifest\u00f3 que estos conversatorios est\u00e1n dirigidos a personas interesadas que no asistieron al primer Encuentro Latinoamericano de Ganader\u00eda Regenerativa que se realiz\u00f3 en Ecuador en julio del presente a\u00f1o.<\/p>\n<p>\u00c1lvaro Aristiz\u00e1bal Mej\u00eda, directivo de Asodoble, explic\u00f3 que se explicar\u00e1n los fundamentos de la ganader\u00eda regenerativa para explicar los diferentes tipos de pastoreo, los cuales son herramientas de esta propuesta.<\/p>\n<p>Entre estos, el funcionario enumer\u00f3 el Pastoreo Racional Voisin, el GIP, el hol\u00edstico, que seg\u00fan \u00e9l funcionan con las bases de la ganader\u00eda regenerativa, pensando primero en el cuidado de los suelos y luego las plantas, as\u00ed como el animal adecuado que debe consumir cada forraje.<\/p>\n<p>Se\u00f1al\u00f3 que siempre han insistido en la conservaci\u00f3n de la relaci\u00f3n suelo-planta-animal, para que la biocenosis, la vida en el suelo, contin\u00fae. Si se interrumpe, porque por ejemplo, se colocan animales desadaptados, pueden da\u00f1arse las pasturas. Al cambiarlas, tambi\u00e9n se puede destruir el suelo.<\/p>\n<p>De acuerdo con Aristiz\u00e1bal, debe cambiarse la mentalidad de la actividad ganadera tradicional enfocada en la explotaci\u00f3n del suelo sin considerar el ecosistema, as\u00ed como del empleo indiscriminado de sustancias qu\u00edmicas.<\/p>\n<p>Con ese objetivo en mente, Asodoble ha programado 2 jornadas en Bol\u00edvar y Antioquia, la primera se llevar\u00e1 a cabo este s\u00e1bado 20 de octubre. En ella se explicar\u00e1 a los participantes este concepto que sirve como fundamento a los diferentes m\u00e9todos de pastoreo y c\u00f3mo poder aplicarlo en sus predios.<\/p>\n<p>Agreg\u00f3 que luego vendr\u00e1 la de Medell\u00edn, la cual se realizar\u00e1 con base en la experiencia de 5 ganaderos colombianos de hatos de climas c\u00e1lidos y h\u00famedos, que utilizan diferentes sistemas de pastoreo, quienes expondr\u00e1n lo que han hecho y los resultados que han obtenido.<\/p>\n<p>El conversatorio de este 20 de octubre tendr\u00e1 lugar en la finca Manzanares, en Turbaco (Bol\u00edvar). El costo de la entrada es de $70.000 que incluye almuerzo y refrigerio. El de Medell\u00edn se realizar\u00e1 el 16 de noviembre.<\/p>\n<p>Si desea participar en estos conversatorios debe inscribirse previamente. Para mayor informaci\u00f3n, comun\u00edquese al 3107071326 o\u00a03118475755, o env\u00ede un correo a\u00a0<a href=\"mailto:asodoble1@gmail.com\">asodoble1@gmail.com<\/a><\/p>\n<p>Fuente: Adaptado de CONtexto Ganadero.<\/p>\n<p>Con el patrocinio de:<\/p>\n<div id=\"attachment_6550\" style=\"width: 130px\" class=\"wp-caption alignleft\"><a href=\"http:\/\/www.agromundo.co\/ventiladores-industriales-colombia.html\"><img aria-describedby=\"caption-attachment-6550\" loading=\"lazy\" class=\"wp-image-6550\" src=\"http:\/\/www.agromundo.co\/blog\/wp-content\/uploads\/2017\/10\/Ventilador-aspersor-de-agua-Aquafan.jpg\" alt=\"Ventilador aspersor de agua Aquafan\" width=\"120\" height=\"120\" srcset=\"https:\/\/www.agromundo.co\/blog\/wp-content\/uploads\/2017\/10\/Ventilador-aspersor-de-agua-Aquafan.jpg 160w, https:\/\/www.agromundo.co\/blog\/wp-content\/uploads\/2017\/10\/Ventilador-aspersor-de-agua-Aquafan-150x150.jpg 150w\" sizes=\"(max-width: 120px) 100vw, 120px\" \/><\/a><p id=\"caption-attachment-6550\" class=\"wp-caption-text\">Ventilador aspersor de agua<\/p><\/div>\n<div id=\"attachment_6690\" style=\"width: 171px\" class=\"wp-caption alignright\"><a href=\"http:\/\/www.agromundo.co\/botas-bekina.html\"><img aria-describedby=\"caption-attachment-6690\" loading=\"lazy\" class=\"wp-image-6690 size-full\" src=\"http:\/\/www.agromundo.co\/blog\/wp-content\/uploads\/2017\/12\/Botas-Bekina.jpg\" alt=\"Botas Bekina\" width=\"161\" height=\"120\" srcset=\"https:\/\/www.agromundo.co\/blog\/wp-content\/uploads\/2017\/12\/Botas-Bekina.jpg 161w, https:\/\/www.agromundo.co\/blog\/wp-content\/uploads\/2017\/12\/Botas-Bekina-100x75.jpg 100w\" sizes=\"(max-width: 161px) 100vw, 161px\" \/><\/a><p id=\"caption-attachment-6690\" class=\"wp-caption-text\">Botas Bekina<\/p><\/div>\n","protected":false},"excerpt":{"rendered":"<p>Ganader\u00eda regenerativa Asodoble, Asociaci\u00f3n Colombiana de Criadores de Ganado Doble Prop\u00f3sito, ofrecer\u00e1 2 conversatorios en las ciudades de Cartagena y Medell\u00edn con diferente metodolog\u00eda para que los asistentes conozcan sobre esta manera de producci\u00f3n que est\u00e1 basada en pr\u00e1cticas sostenibles y amigables con el ambiente. La asociaci\u00f3n manifest\u00f3 que estos conversatorios est\u00e1n dirigidos a personas [&hellip;]<\/p>\n","protected":false},"author":1,"featured_media":7409,"comment_status":"open","ping_status":"open","sticky":false,"template":"","format":"standard","meta":[],"categories":[22,3,18,6],"tags":[3874,1628,3122,2985],"yoast_head":"<!-- This site is optimized with the Yoast SEO plugin v17.3 - https:\/\/yoast.com\/wordpress\/plugins\/seo\/ -->\n<meta name=\"description\" content=\"Cursos sobre ganader\u00eda regenerativa realizar\u00e1 la Asociaci\u00f3n Colombiana de Criadores de Ganado Doble Prop\u00f3sito (Asodoble) en Cartagena y Medell\u00edn.\" \/>\n<meta name=\"robots\" content=\"index, follow, max-snippet:-1, max-image-preview:large, max-video-preview:-1\" \/>\n<meta property=\"og:locale\" content=\"es_ES\" \/>\n<meta property=\"og:type\" content=\"article\" \/>\n<meta property=\"og:title\" content=\"Cursos de ganader\u00eda regenerativa en Cartagena y Medell\u00edn - Notiagro\" \/>\n<meta property=\"og:description\" content=\"Cursos sobre ganader\u00eda regenerativa realizar\u00e1 la Asociaci\u00f3n Colombiana de Criadores de Ganado Doble Prop\u00f3sito (Asodoble) en Cartagena y Medell\u00edn.\" \/>\n<meta property=\"og:site_name\" content=\"Notiagro\" \/>\n<meta property=\"article:published_time\" content=\"2018-10-19T15:08:22+00:00\" \/>\n<meta property=\"og:image\" content=\"https:\/\/www.agromundo.co\/blog\/wp-content\/uploads\/2018\/10\/Ganaderia-regenerativa.jpg\" \/>\n\t<meta property=\"og:image:width\" content=\"300\" \/>\n\t<meta property=\"og:image:height\" content=\"205\" \/>\n<meta name=\"twitter:label1\" content=\"Escrito por\" \/>\n\t<meta name=\"twitter:data1\" content=\"admin\" \/>\n\t<meta name=\"twitter:label2\" content=\"Tiempo de lectura\" \/>\n\t<meta name=\"twitter:data2\" content=\"2 minutos\" \/>\n<script type=\"application\/ld+json\" class=\"yoast-schema-graph\">{\"@context\":\"https:\/\/schema.org\",\"@graph\":[{\"@type\":\"WebSite\",\"@id\":\"https:\/\/www.agromundo.co\/blog\/#website\",\"url\":\"https:\/\/www.agromundo.co\/blog\/\",\"name\":\"Notiagro\",\"description\":\"Noticias y eventos sector agropecuario colombiano\",\"potentialAction\":[{\"@type\":\"SearchAction\",\"target\":{\"@type\":\"EntryPoint\",\"urlTemplate\":\"https:\/\/www.agromundo.co\/blog\/?s={search_term_string}\"},\"query-input\":\"required name=search_term_string\"}],\"inLanguage\":\"es\"},{\"@type\":\"ImageObject\",\"@id\":\"#primaryimage\",\"inLanguage\":\"es\",\"url\":\"https:\/\/www.agromundo.co\/blog\/wp-content\/uploads\/2018\/10\/Ganaderia-regenerativa.jpg\",\"contentUrl\":\"https:\/\/www.agromundo.co\/blog\/wp-content\/uploads\/2018\/10\/Ganaderia-regenerativa.jpg\",\"width\":300,\"height\":205},{\"@type\":\"WebPage\",\"@id\":\"#webpage\",\"url\":null,\"name\":\"Cursos de ganader\\u00eda regenerativa en Cartagena y Medell\\u00edn - Notiagro\",\"isPartOf\":{\"@id\":\"https:\/\/www.agromundo.co\/blog\/#website\"},\"primaryImageOfPage\":{\"@id\":\"#primaryimage\"},\"datePublished\":\"2018-10-19T15:08:22+00:00\",\"dateModified\":\"2018-10-19T15:08:22+00:00\",\"author\":{\"@id\":\"https:\/\/www.agromundo.co\/blog\/#\/schema\/person\/3e07d858c3c7a93ebf4ad3785559d35d\"},\"description\":\"Cursos sobre ganader\\u00eda regenerativa realizar\\u00e1 la Asociaci\\u00f3n Colombiana de Criadores de Ganado Doble Prop\\u00f3sito (Asodoble) en Cartagena y Medell\\u00edn.\",\"breadcrumb\":{\"@id\":\"#breadcrumb\"},\"inLanguage\":\"es\",\"potentialAction\":[{\"@type\":\"ReadAction\",\"target\":[null]}]},{\"@type\":\"BreadcrumbList\",\"@id\":\"#breadcrumb\",\"itemListElement\":[{\"@type\":\"ListItem\",\"position\":1,\"name\":\"Portada\",\"item\":\"https:\/\/www.agromundo.co\/blog\/\"},{\"@type\":\"ListItem\",\"position\":2,\"name\":\"Cursos de ganader\\u00eda regenerativa en Cartagena y Medell\\u00edn\"}]},{\"@type\":\"Person\",\"@id\":\"https:\/\/www.agromundo.co\/blog\/#\/schema\/person\/3e07d858c3c7a93ebf4ad3785559d35d\",\"name\":\"admin\",\"image\":{\"@type\":\"ImageObject\",\"@id\":\"https:\/\/www.agromundo.co\/blog\/#personlogo\",\"inLanguage\":\"es\",\"url\":\"https:\/\/secure.gravatar.com\/avatar\/f990c4c6d966ea7f7bec9cc10bcda5ce?s=96&d=mm&r=g\",\"contentUrl\":\"https:\/\/secure.gravatar.com\/avatar\/f990c4c6d966ea7f7bec9cc10bcda5ce?s=96&d=mm&r=g\",\"caption\":\"admin\"},\"url\":\"https:\/\/www.agromundo.co\/blog\/author\/admin\/\"}]}<\/script>\n<!-- \/ Yoast SEO plugin. -->","yoast_head_json":{"description":"Cursos sobre ganader\u00eda regenerativa realizar\u00e1 la Asociaci\u00f3n Colombiana de Criadores de Ganado Doble Prop\u00f3sito (Asodoble) en Cartagena y Medell\u00edn.","robots":{"index":"index","follow":"follow","max-snippet":"max-snippet:-1","max-image-preview":"max-image-preview:large","max-video-preview":"max-video-preview:-1"},"og_locale":"es_ES","og_type":"article","og_title":"Cursos de ganader\u00eda regenerativa en Cartagena y Medell\u00edn - Notiagro","og_description":"Cursos sobre ganader\u00eda regenerativa realizar\u00e1 la Asociaci\u00f3n Colombiana de Criadores de Ganado Doble Prop\u00f3sito (Asodoble) en Cartagena y Medell\u00edn.","og_site_name":"Notiagro","article_published_time":"2018-10-19T15:08:22+00:00","og_image":[{"width":300,"height":205,"url":"https:\/\/www.agromundo.co\/blog\/wp-content\/uploads\/2018\/10\/Ganaderia-regenerativa.jpg","type":"image\/jpeg"}],"twitter_misc":{"Escrito por":"admin","Tiempo de lectura":"2 minutos"},"schema":{"@context":"https:\/\/schema.org","@graph":[{"@type":"WebSite","@id":"https:\/\/www.agromundo.co\/blog\/#website","url":"https:\/\/www.agromundo.co\/blog\/","name":"Notiagro","description":"Noticias y eventos sector agropecuario colombiano","potentialAction":[{"@type":"SearchAction","target":{"@type":"EntryPoint","urlTemplate":"https:\/\/www.agromundo.co\/blog\/?s={search_term_string}"},"query-input":"required name=search_term_string"}],"inLanguage":"es"},{"@type":"ImageObject","@id":"#primaryimage","inLanguage":"es","url":"https:\/\/www.agromundo.co\/blog\/wp-content\/uploads\/2018\/10\/Ganaderia-regenerativa.jpg","contentUrl":"https:\/\/www.agromundo.co\/blog\/wp-content\/uploads\/2018\/10\/Ganaderia-regenerativa.jpg","width":300,"height":205},{"@type":"WebPage","@id":"#webpage","url":null,"name":"Cursos de ganader\u00eda regenerativa en Cartagena y Medell\u00edn - Notiagro","isPartOf":{"@id":"https:\/\/www.agromundo.co\/blog\/#website"},"primaryImageOfPage":{"@id":"#primaryimage"},"datePublished":"2018-10-19T15:08:22+00:00","dateModified":"2018-10-19T15:08:22+00:00","author":{"@id":"https:\/\/www.agromundo.co\/blog\/#\/schema\/person\/3e07d858c3c7a93ebf4ad3785559d35d"},"description":"Cursos sobre ganader\u00eda regenerativa realizar\u00e1 la Asociaci\u00f3n Colombiana de Criadores de Ganado Doble Prop\u00f3sito (Asodoble) en Cartagena y Medell\u00edn.","breadcrumb":{"@id":"#breadcrumb"},"inLanguage":"es","potentialAction":[{"@type":"ReadAction","target":[null]}]},{"@type":"BreadcrumbList","@id":"#breadcrumb","itemListElement":[{"@type":"ListItem","position":1,"name":"Portada","item":"https:\/\/www.agromundo.co\/blog\/"},{"@type":"ListItem","position":2,"name":"Cursos de ganader\u00eda regenerativa en Cartagena y Medell\u00edn"}]},{"@type":"Person","@id":"https:\/\/www.agromundo.co\/blog\/#\/schema\/person\/3e07d858c3c7a93ebf4ad3785559d35d","name":"admin","image":{"@type":"ImageObject","@id":"https:\/\/www.agromundo.co\/blog\/#personlogo","inLanguage":"es","url":"https:\/\/secure.gravatar.com\/avatar\/f990c4c6d966ea7f7bec9cc10bcda5ce?s=96&d=mm&r=g","contentUrl":"https:\/\/secure.gravatar.com\/avatar\/f990c4c6d966ea7f7bec9cc10bcda5ce?s=96&d=mm&r=g","caption":"admin"},"url":"https:\/\/www.agromundo.co\/blog\/author\/admin\/"}]}},"_links":{"self":[{"href":"https:\/\/www.agromundo.co\/blog\/wp-json\/wp\/v2\/posts\/7408"}],"collection":[{"href":"https:\/\/www.agromundo.co\/blog\/wp-json\/wp\/v2\/posts"}],"about":[{"href":"https:\/\/www.agromundo.co\/blog\/wp-json\/wp\/v2\/types\/post"}],"author":[{"embeddable":true,"href":"https:\/\/www.agromundo.co\/blog\/wp-json\/wp\/v2\/users\/1"}],"replies":[{"embeddable":true,"href":"https:\/\/www.agromundo.co\/blog\/wp-json\/wp\/v2\/comments?post=7408"}],"version-history":[{"count":1,"href":"https:\/\/www.agromundo.co\/blog\/wp-json\/wp\/v2\/posts\/7408\/revisions"}],"predecessor-version":[{"id":7410,"href":"https:\/\/www.agromundo.co\/blog\/wp-json\/wp\/v2\/posts\/7408\/revisions\/7410"}],"wp:featuredmedia":[{"embeddable":true,"href":"https:\/\/www.agromundo.co\/blog\/wp-json\/wp\/v2\/media\/7409"}],"wp:attachment":[{"href":"https:\/\/www.agromundo.co\/blog\/wp-json\/wp\/v2\/media?parent=7408"}],"wp:term":[{"taxonomy":"category","embeddable":true,"href":"https:\/\/www.agromundo.co\/blog\/wp-json\/wp\/v2\/categories?post=7408"},{"taxonomy":"post_tag","embeddable":true,"href":"https:\/\/www.agromundo.co\/blog\/wp-json\/wp\/v2\/tags?post=7408"}],"curies":[{"name":"wp","href":"https:\/\/api.w.org\/{rel}","templated":true}]}}