{"id":7430,"date":"2018-10-29T15:44:47","date_gmt":"2018-10-29T15:44:47","guid":{"rendered":"http:\/\/www.agromundo.co\/blog\/?p=7430"},"modified":"2018-10-29T15:44:47","modified_gmt":"2018-10-29T15:44:47","slug":"detectado-foco-fiebre-aftosa-la-guajira","status":"publish","type":"post","link":"https:\/\/www.agromundo.co\/blog\/detectado-foco-fiebre-aftosa-la-guajira\/","title":{"rendered":"Detectado foco de Fiebre Aftosa en La Guajira"},"content":{"rendered":"<p>Aftosa en La Guajira<\/p>\n<div id=\"attachment_7431\" style=\"width: 310px\" class=\"wp-caption aligncenter\"><img aria-describedby=\"caption-attachment-7431\" loading=\"lazy\" class=\"wp-image-7431 size-medium\" title=\"Aftosa en La Guajira\" src=\"http:\/\/www.agromundo.co\/blog\/wp-content\/uploads\/2018\/10\/Aftosa-en-La-Guajira-300x205.jpg\" alt=\"Aftosa en La Guajira\" width=\"300\" height=\"205\" \/><p id=\"caption-attachment-7431\" class=\"wp-caption-text\">Foto: es.wikipedia.org &#8211; El Pil\u00f3n<\/p><\/div>\n<ul>\n<li><em>La gerente del Instituto Colombiano Agropecuario (ICA), Deyanira Barrero, confirm\u00f3 el hallazgo del virus en una zona cercana a la frontera con Venezuela.<\/em><\/li>\n<\/ul>\n<p>En la ma\u00f1ana del viernes 26 de octubre de 2018, anunci\u00f3 la funcionaria que otro foco de Fiebre Aftosa fue detectado en la regi\u00f3n Caribe, en el corregimiento de Carraipia, perteneciente al municipio de Maicao, en el departamento de La Guajira.<\/p>\n<p>Seg\u00fan inform\u00f3 para el programa 6A.M.\u00a0de Caracol Radio, hasta la fecha se ten\u00eda identificado un foco primario con 3 focos secundarios en el departamento del Cesar y se ten\u00eda la sospecha de la presencia de Aftosa en La Guajira.\u00a0A partir de ah\u00ed\u00a0se realizaron los respectivos procesos de inspecci\u00f3n y las pruebas para establecer un diagn\u00f3stico, el cual result\u00f3 positivo, confirmando que es un nuevo foco.<\/p>\n<p>Agreg\u00f3 que ten\u00edamos 2 focos de origen. El primero en el del municipio de San Diego (Cesar) y ahora el segundo en el municipio de Maicao (Guajira).<\/p>\n<p>De acuerdo con la rectora de la sanidad animal, el territorio tiene una alt\u00edsima permeabilidad en el asunto sanitario, debido a la cercan\u00eda con la frontera con Venezuela, pa\u00eds que no cuenta con certificaci\u00f3n alguna de la Organizaci\u00f3n Mundial de Sanidad Animal (OIE), en raz\u00f3n a que el virus no ha sido erradicado de su territorio.<\/p>\n<p>Sostuvo adem\u00e1s, que ya se est\u00e1n viendo las consecuencias en las exportaciones de productos c\u00e1rnicos, tras el cierre de mercados como los de Curazao y Rusia, as\u00ed como la suspensi\u00f3n del mercado de Chile.\u00a0Para reactivar las exportaciones de carne, el ICA est\u00e1 adelantando un informe para remitir a las autoridades rusas y de otros pa\u00edses donde se da cuenta de las medidas establecidas para impedir la propagaci\u00f3n del virus.<\/p>\n<p>Barrero manifest\u00f3 que la OIE cuenta 6 meses a partir del momento del \u00faltimo animal sacrificado para la restituci\u00f3n a Colombia del estatus de libre de aftosa con vacunaci\u00f3n.<\/p>\n<p>Por su parte, el miembro de la junta directiva de la Federaci\u00f3n Colombiana de Ganaderos (Fedeg\u00e1n) por el departamento de la Guajira, Jos\u00e9 Domingo Cuello Daza, confirm\u00f3 que\u00a0el virus fue detectado en una explotaci\u00f3n porc\u00edcola en el municipio de Maicao.<\/p>\n<p><strong>Anuncio del Ministerio de Agricultura<\/strong><\/p>\n<p>De acuerdo con este ministerio, el hallazgo se dio como resultado de las medidas de control y vigilancia realizadas por el ICA. A ra\u00edz de ello, la entidad sanitaria instal\u00f3 un puesto de control en el predio afectado para efectuar todas las acciones establecidas en los protocolos.<\/p>\n<p>Se trata de un predio perteneciente a la comunidad ind\u00edgena Wayuu, que ya se encuentra bajo cuarentena el cual est\u00e1 conformado por 27 cerdos, de los que 23 presentaron signos compatibles con la enfermedad y 20 murieron. Adem\u00e1s, tiene 80 ovinos y 82 bovinos.<\/p>\n<p>El Laboratorio Nacional de Diagn\u00f3stico Veterinario del ICA efectu\u00f3 las pruebas y comprob\u00f3 que el nuevo foco de Aftosa detectado en La Guajira guarda relaci\u00f3n directa con el detectado en el departamento del Cesar.<\/p>\n<p>Afirm\u00f3 el titular de la cartera agropecuaria que vacunar\u00e1n y revacunar\u00e1n en las zonas fronterizas, no solamente en el ciclo que ya inici\u00f3 en algunos municipios de La Guajira y Cesar, sino tambi\u00e9n en los interciclos.<\/p>\n<p>&nbsp;<\/p>\n<p>Fuente: Adaptado de CONtexto Ganadero. Aftosa en La Guajira<\/p>\n<p>Con el patrocinio de:<\/p>\n<div id=\"attachment_6909\" style=\"width: 130px\" class=\"wp-caption alignleft\"><a href=\"http:\/\/www.agromundo.co\/pisos-en-caucho-para-salas-de-ordeno-y-pesebrera.html\"><img aria-describedby=\"caption-attachment-6909\" loading=\"lazy\" class=\"wp-image-6909\" src=\"http:\/\/www.agromundo.co\/blog\/wp-content\/uploads\/2018\/04\/Pisos-de-caucho-para-ganado.jpg\" alt=\"Pisos de caucho para ganado\" width=\"120\" height=\"120\" srcset=\"https:\/\/www.agromundo.co\/blog\/wp-content\/uploads\/2018\/04\/Pisos-de-caucho-para-ganado.jpg 160w, https:\/\/www.agromundo.co\/blog\/wp-content\/uploads\/2018\/04\/Pisos-de-caucho-para-ganado-150x150.jpg 150w\" sizes=\"(max-width: 120px) 100vw, 120px\" \/><\/a><p id=\"caption-attachment-6909\" class=\"wp-caption-text\">Pisos de caucho vulcanizado para ganado<\/p><\/div>\n<div id=\"attachment_5508\" style=\"width: 130px\" class=\"wp-caption alignright\"><a href=\"http:\/\/www.agromundo.co\/ventiladores-industriales-colombia.html\"><img aria-describedby=\"caption-attachment-5508\" loading=\"lazy\" class=\"wp-image-5508\" src=\"http:\/\/www.agromundo.co\/blog\/wp-content\/uploads\/2016\/10\/Ventilador-aspersor-de-agua-Aquafan.jpg\" alt=\"ventilador-aspersor-de-agua-aquafan\" width=\"120\" height=\"120\" srcset=\"https:\/\/www.agromundo.co\/blog\/wp-content\/uploads\/2016\/10\/Ventilador-aspersor-de-agua-Aquafan.jpg 160w, https:\/\/www.agromundo.co\/blog\/wp-content\/uploads\/2016\/10\/Ventilador-aspersor-de-agua-Aquafan-150x150.jpg 150w\" sizes=\"(max-width: 120px) 100vw, 120px\" \/><\/a><p id=\"caption-attachment-5508\" class=\"wp-caption-text\">Ventilador aspersor de agua.<\/p><\/div>\n","protected":false},"excerpt":{"rendered":"<p>Aftosa en La Guajira La gerente del Instituto Colombiano Agropecuario (ICA), Deyanira Barrero, confirm\u00f3 el hallazgo del virus en una zona cercana a la frontera con Venezuela. En la ma\u00f1ana del viernes 26 de octubre de 2018, anunci\u00f3 la funcionaria que otro foco de Fiebre Aftosa fue detectado en la regi\u00f3n Caribe, en el corregimiento [&hellip;]<\/p>\n","protected":false},"author":1,"featured_media":7431,"comment_status":"open","ping_status":"open","sticky":false,"template":"","format":"standard","meta":[],"categories":[3,18,6],"tags":[3884,1008,464,3885,3283,1628],"yoast_head":"<!-- This site is optimized with the Yoast SEO plugin v17.3 - https:\/\/yoast.com\/wordpress\/plugins\/seo\/ -->\n<meta name=\"description\" content=\"Aftosa en La guajira. Un nuevo foco de la enfermedad fue detectado en la regi\u00f3n Caribe, en el corregimiento de Carraipia, del municipio de Maicao.\" \/>\n<meta name=\"robots\" content=\"index, follow, max-snippet:-1, max-image-preview:large, max-video-preview:-1\" \/>\n<meta property=\"og:locale\" content=\"es_ES\" \/>\n<meta property=\"og:type\" content=\"article\" \/>\n<meta property=\"og:title\" content=\"Detectado foco de Fiebre Aftosa en La Guajira - Notiagro\" \/>\n<meta property=\"og:description\" content=\"Aftosa en La guajira. Un nuevo foco de la enfermedad fue detectado en la regi\u00f3n Caribe, en el corregimiento de Carraipia, del municipio de Maicao.\" \/>\n<meta property=\"og:site_name\" content=\"Notiagro\" \/>\n<meta property=\"article:published_time\" content=\"2018-10-29T15:44:47+00:00\" \/>\n<meta property=\"og:image\" content=\"http:\/\/www.agromundo.co\/blog\/wp-content\/uploads\/2018\/10\/Aftosa-en-La-Guajira.jpg\" \/>\n\t<meta property=\"og:image:width\" content=\"300\" \/>\n\t<meta property=\"og:image:height\" content=\"205\" \/>\n<meta name=\"twitter:label1\" content=\"Escrito por\" \/>\n\t<meta name=\"twitter:data1\" content=\"admin\" \/>\n\t<meta name=\"twitter:label2\" content=\"Tiempo de lectura\" \/>\n\t<meta name=\"twitter:data2\" content=\"3 minutos\" \/>\n<script type=\"application\/ld+json\" class=\"yoast-schema-graph\">{\"@context\":\"https:\/\/schema.org\",\"@graph\":[{\"@type\":\"WebSite\",\"@id\":\"https:\/\/www.agromundo.co\/blog\/#website\",\"url\":\"https:\/\/www.agromundo.co\/blog\/\",\"name\":\"Notiagro\",\"description\":\"Noticias y eventos sector agropecuario colombiano\",\"potentialAction\":[{\"@type\":\"SearchAction\",\"target\":{\"@type\":\"EntryPoint\",\"urlTemplate\":\"https:\/\/www.agromundo.co\/blog\/?s={search_term_string}\"},\"query-input\":\"required name=search_term_string\"}],\"inLanguage\":\"es\"},{\"@type\":\"ImageObject\",\"@id\":\"#primaryimage\",\"inLanguage\":\"es\",\"url\":\"https:\/\/www.agromundo.co\/blog\/wp-content\/uploads\/2018\/10\/Aftosa-en-La-Guajira.jpg\",\"contentUrl\":\"https:\/\/www.agromundo.co\/blog\/wp-content\/uploads\/2018\/10\/Aftosa-en-La-Guajira.jpg\",\"width\":300,\"height\":205},{\"@type\":\"WebPage\",\"@id\":\"#webpage\",\"url\":null,\"name\":\"Detectado foco de Fiebre Aftosa en La Guajira - Notiagro\",\"isPartOf\":{\"@id\":\"https:\/\/www.agromundo.co\/blog\/#website\"},\"primaryImageOfPage\":{\"@id\":\"#primaryimage\"},\"datePublished\":\"2018-10-29T15:44:47+00:00\",\"dateModified\":\"2018-10-29T15:44:47+00:00\",\"author\":{\"@id\":\"https:\/\/www.agromundo.co\/blog\/#\/schema\/person\/3e07d858c3c7a93ebf4ad3785559d35d\"},\"description\":\"Aftosa en La guajira. Un nuevo foco de la enfermedad fue detectado en la regi\\u00f3n Caribe, en el corregimiento de Carraipia, del municipio de Maicao.\",\"breadcrumb\":{\"@id\":\"#breadcrumb\"},\"inLanguage\":\"es\",\"potentialAction\":[{\"@type\":\"ReadAction\",\"target\":[null]}]},{\"@type\":\"BreadcrumbList\",\"@id\":\"#breadcrumb\",\"itemListElement\":[{\"@type\":\"ListItem\",\"position\":1,\"name\":\"Portada\",\"item\":\"https:\/\/www.agromundo.co\/blog\/\"},{\"@type\":\"ListItem\",\"position\":2,\"name\":\"Detectado foco de Fiebre Aftosa en La Guajira\"}]},{\"@type\":\"Person\",\"@id\":\"https:\/\/www.agromundo.co\/blog\/#\/schema\/person\/3e07d858c3c7a93ebf4ad3785559d35d\",\"name\":\"admin\",\"image\":{\"@type\":\"ImageObject\",\"@id\":\"https:\/\/www.agromundo.co\/blog\/#personlogo\",\"inLanguage\":\"es\",\"url\":\"https:\/\/secure.gravatar.com\/avatar\/f990c4c6d966ea7f7bec9cc10bcda5ce?s=96&d=mm&r=g\",\"contentUrl\":\"https:\/\/secure.gravatar.com\/avatar\/f990c4c6d966ea7f7bec9cc10bcda5ce?s=96&d=mm&r=g\",\"caption\":\"admin\"},\"url\":\"https:\/\/www.agromundo.co\/blog\/author\/admin\/\"}]}<\/script>\n<!-- \/ Yoast SEO plugin. -->","yoast_head_json":{"description":"Aftosa en La guajira. Un nuevo foco de la enfermedad fue detectado en la regi\u00f3n Caribe, en el corregimiento de Carraipia, del municipio de Maicao.","robots":{"index":"index","follow":"follow","max-snippet":"max-snippet:-1","max-image-preview":"max-image-preview:large","max-video-preview":"max-video-preview:-1"},"og_locale":"es_ES","og_type":"article","og_title":"Detectado foco de Fiebre Aftosa en La Guajira - Notiagro","og_description":"Aftosa en La guajira. Un nuevo foco de la enfermedad fue detectado en la regi\u00f3n Caribe, en el corregimiento de Carraipia, del municipio de Maicao.","og_site_name":"Notiagro","article_published_time":"2018-10-29T15:44:47+00:00","og_image":[{"width":300,"height":205,"url":"http:\/\/www.agromundo.co\/blog\/wp-content\/uploads\/2018\/10\/Aftosa-en-La-Guajira.jpg","type":"image\/jpeg"}],"twitter_misc":{"Escrito por":"admin","Tiempo de lectura":"3 minutos"},"schema":{"@context":"https:\/\/schema.org","@graph":[{"@type":"WebSite","@id":"https:\/\/www.agromundo.co\/blog\/#website","url":"https:\/\/www.agromundo.co\/blog\/","name":"Notiagro","description":"Noticias y eventos sector agropecuario colombiano","potentialAction":[{"@type":"SearchAction","target":{"@type":"EntryPoint","urlTemplate":"https:\/\/www.agromundo.co\/blog\/?s={search_term_string}"},"query-input":"required name=search_term_string"}],"inLanguage":"es"},{"@type":"ImageObject","@id":"#primaryimage","inLanguage":"es","url":"https:\/\/www.agromundo.co\/blog\/wp-content\/uploads\/2018\/10\/Aftosa-en-La-Guajira.jpg","contentUrl":"https:\/\/www.agromundo.co\/blog\/wp-content\/uploads\/2018\/10\/Aftosa-en-La-Guajira.jpg","width":300,"height":205},{"@type":"WebPage","@id":"#webpage","url":null,"name":"Detectado foco de Fiebre Aftosa en La Guajira - Notiagro","isPartOf":{"@id":"https:\/\/www.agromundo.co\/blog\/#website"},"primaryImageOfPage":{"@id":"#primaryimage"},"datePublished":"2018-10-29T15:44:47+00:00","dateModified":"2018-10-29T15:44:47+00:00","author":{"@id":"https:\/\/www.agromundo.co\/blog\/#\/schema\/person\/3e07d858c3c7a93ebf4ad3785559d35d"},"description":"Aftosa en La guajira. Un nuevo foco de la enfermedad fue detectado en la regi\u00f3n Caribe, en el corregimiento de Carraipia, del municipio de Maicao.","breadcrumb":{"@id":"#breadcrumb"},"inLanguage":"es","potentialAction":[{"@type":"ReadAction","target":[null]}]},{"@type":"BreadcrumbList","@id":"#breadcrumb","itemListElement":[{"@type":"ListItem","position":1,"name":"Portada","item":"https:\/\/www.agromundo.co\/blog\/"},{"@type":"ListItem","position":2,"name":"Detectado foco de Fiebre Aftosa en La Guajira"}]},{"@type":"Person","@id":"https:\/\/www.agromundo.co\/blog\/#\/schema\/person\/3e07d858c3c7a93ebf4ad3785559d35d","name":"admin","image":{"@type":"ImageObject","@id":"https:\/\/www.agromundo.co\/blog\/#personlogo","inLanguage":"es","url":"https:\/\/secure.gravatar.com\/avatar\/f990c4c6d966ea7f7bec9cc10bcda5ce?s=96&d=mm&r=g","contentUrl":"https:\/\/secure.gravatar.com\/avatar\/f990c4c6d966ea7f7bec9cc10bcda5ce?s=96&d=mm&r=g","caption":"admin"},"url":"https:\/\/www.agromundo.co\/blog\/author\/admin\/"}]}},"_links":{"self":[{"href":"https:\/\/www.agromundo.co\/blog\/wp-json\/wp\/v2\/posts\/7430"}],"collection":[{"href":"https:\/\/www.agromundo.co\/blog\/wp-json\/wp\/v2\/posts"}],"about":[{"href":"https:\/\/www.agromundo.co\/blog\/wp-json\/wp\/v2\/types\/post"}],"author":[{"embeddable":true,"href":"https:\/\/www.agromundo.co\/blog\/wp-json\/wp\/v2\/users\/1"}],"replies":[{"embeddable":true,"href":"https:\/\/www.agromundo.co\/blog\/wp-json\/wp\/v2\/comments?post=7430"}],"version-history":[{"count":1,"href":"https:\/\/www.agromundo.co\/blog\/wp-json\/wp\/v2\/posts\/7430\/revisions"}],"predecessor-version":[{"id":7432,"href":"https:\/\/www.agromundo.co\/blog\/wp-json\/wp\/v2\/posts\/7430\/revisions\/7432"}],"wp:featuredmedia":[{"embeddable":true,"href":"https:\/\/www.agromundo.co\/blog\/wp-json\/wp\/v2\/media\/7431"}],"wp:attachment":[{"href":"https:\/\/www.agromundo.co\/blog\/wp-json\/wp\/v2\/media?parent=7430"}],"wp:term":[{"taxonomy":"category","embeddable":true,"href":"https:\/\/www.agromundo.co\/blog\/wp-json\/wp\/v2\/categories?post=7430"},{"taxonomy":"post_tag","embeddable":true,"href":"https:\/\/www.agromundo.co\/blog\/wp-json\/wp\/v2\/tags?post=7430"}],"curies":[{"name":"wp","href":"https:\/\/api.w.org\/{rel}","templated":true}]}}