{"id":7514,"date":"2018-12-12T15:55:54","date_gmt":"2018-12-12T15:55:54","guid":{"rendered":"http:\/\/www.agromundo.co\/blog\/?p=7514"},"modified":"2018-12-12T15:55:54","modified_gmt":"2018-12-12T15:55:54","slug":"expollano-2018-diciembre-14-al-16","status":"publish","type":"post","link":"https:\/\/www.agromundo.co\/blog\/expollano-2018-diciembre-14-al-16\/","title":{"rendered":"Expollano 2018. Diciembre 14 al 16 en Yopal (Casanare)"},"content":{"rendered":"<p>Expollano 2018<\/p>\n<div id=\"attachment_7516\" style=\"width: 310px\" class=\"wp-caption aligncenter\"><img aria-describedby=\"caption-attachment-7516\" loading=\"lazy\" class=\"wp-image-7516 size-medium\" title=\"Expollano 2018\" src=\"http:\/\/www.agromundo.co\/blog\/wp-content\/uploads\/2018\/12\/Expollano-2018-300x205.jpg\" alt=\"Expollano 2018\" width=\"300\" height=\"205\" \/><p id=\"caption-attachment-7516\" class=\"wp-caption-text\">Foto: yopal-casanare.gov.co<\/p><\/div>\n<ul>\n<li><em>El evento, que se llevar\u00e1 a cabo en la ciudad de Yopal, combina el desarrollo de talleres, con concursos lecheros y conferencias sobre\u00a0 gen\u00e9tica, alimentaci\u00f3n, indicadores de producci\u00f3n y competitividad. En la agenda acad\u00e9mica participar\u00e1n empresas p\u00fablicas y privadas que tratar\u00e1n aspectos vitales para la ganader\u00eda casanare\u00f1a.<\/em><\/li>\n<\/ul>\n<p>Feria ganadera y equina, demostraci\u00f3n en vivo, d\u00eda de campo, agro show de maquinaria, capacitaci\u00f3n t\u00e9cnica, remate de bovinos, marat\u00f3n de cr\u00e9dito, exhibici\u00f3n y demostraci\u00f3n de m\u00e1s de 8 razas bovinas, constituyen los componentes que tendr\u00e1n a la mano los asistentes a Expollano 2018 que se realizar\u00e1 en el Coliseo de Ferias de Yopal (Casanare), del 14 al 16 de diciembre.<\/p>\n<p>En el evento se expondr\u00e1n ejemplares de alta calidad, particularmente de las razas, Gyr, Brahman rojo, gris y sus cruces, Simmental Charol\u00e1is, Nelore, Senepol y razas criollas.<\/p>\n<p>Los asistentes podr\u00e1n tener una transferencia de conocimiento integral, que contempla la realizaci\u00f3n de 5 talleres de diversos temas de la ganader\u00eda colombiana.<\/p>\n<p>El evento inicia el 14 de diciembre con un taller sobre sanidad animal para aquellos productores lecheros interesados en certificarse en hatos libres.<\/p>\n<p>El 15 de diciembre se inicia con el concurso lechero y primer orde\u00f1o y luego se realizar\u00e1n 3 talleres sobre los siguientes temas: Estrategias para mejorar los indicadores de productividad de la lecher\u00eda en el tr\u00f3pico bajo, habilidades para la comercializaci\u00f3n efectiva de ganado y el componente de la gen\u00e9tica en la competitividad ganadera.<\/p>\n<p>Otro tema que contempla la agenda es la orientaci\u00f3n t\u00e9cnica en las buenas pr\u00e1cticas en explotaciones lecheras del Departamento de Casanare.<\/p>\n<p>El mismo d\u00eda se adelantar\u00e1 una rueda de negocios y m\u00e1s adelante la conferencia Educaci\u00f3n Financiera por parte del Banco Agrario.<\/p>\n<p>El Agro Show incluir\u00e1 los siguientes temas: mantenimiento y calibraci\u00f3n de equipos, fumigaci\u00f3n, mecanizaci\u00f3n agr\u00edcola, agricultura de precisi\u00f3n, henificaci\u00f3n y manejo de forrajes y praderas.<\/p>\n<p>Estos ser\u00e1n presentados por las empresas Case \u2013Serrano &amp; Herrera, Kubota-Luyma, Massey Ferguson y New Holland NTS.<\/p>\n<p>El 16 de diciembre inicia igualmente con el segundo orde\u00f1o del concurso lechero y continua con un taller sobre las biotecnolog\u00edas reproductivas para el mejoramiento gen\u00e9tico de las ganader\u00edas del tr\u00f3pico bajo. Tambi\u00e9n se realizar\u00e1 la caminata desde el parque del Centro Comercial Gran Plaza Alcarav\u00e1n.<\/p>\n<p>El evento contempla la exhibici\u00f3n y promoci\u00f3n de las razas Brahman rojo y gris y sus cruces, Simmental, Charol\u00e1is, Nelore, Senepol y razas criollas.<\/p>\n<p>Finalmente Expollano 2018 realizar\u00e1 el remate de ganado y nuevamente un expo show agr\u00edcola sobre mantenimiento de equipos.<\/p>\n<p>&nbsp;<\/p>\n<p>Fuente: Adaptado de CONtexto Ganadero.<\/p>\n<p>Con el patrocinio de:<\/p>\n<div id=\"attachment_6660\" style=\"width: 155px\" class=\"wp-caption alignleft\"><a href=\"http:\/\/www.agromundo.co\/basculas-prometalicos-sa.html\"><img aria-describedby=\"caption-attachment-6660\" loading=\"lazy\" class=\"wp-image-6660\" src=\"http:\/\/www.agromundo.co\/blog\/wp-content\/uploads\/2017\/12\/B\u00e1scula-ganadera-electromec\u00e1nica-Promet\u00e1licos..jpg\" alt=\"B\u00e1scula ganadera electromec\u00e1nica Promet\u00e1licos.\" width=\"145\" height=\"120\" \/><\/a><p id=\"caption-attachment-6660\" class=\"wp-caption-text\">B\u00e1scula ganadera electromec\u00e1nica Promet\u00e1licos.<\/p><\/div>\n<div id=\"attachment_7515\" style=\"width: 226px\" class=\"wp-caption alignright\"><a href=\"http:\/\/www.agromundo.co\/eco-maderas-plasticas.html\"><img aria-describedby=\"caption-attachment-7515\" loading=\"lazy\" class=\"wp-image-7515\" src=\"http:\/\/www.agromundo.co\/blog\/wp-content\/uploads\/2018\/12\/Corrales-en-pl\u00e1stico-para-ganado-Eco-maderas-pl\u00e1sticas..jpg\" alt=\"Corrales en pl\u00e1stico para ganado Eco maderas pl\u00e1sticas.\" width=\"216\" height=\"120\" \/><\/a><p id=\"caption-attachment-7515\" class=\"wp-caption-text\">Corrales en pl\u00e1stico para ganado Eco maderas pl\u00e1sticas.<\/p><\/div>\n","protected":false},"excerpt":{"rendered":"<p>Expollano 2018 El evento, que se llevar\u00e1 a cabo en la ciudad de Yopal, combina el desarrollo de talleres, con concursos lecheros y conferencias sobre\u00a0 gen\u00e9tica, alimentaci\u00f3n, indicadores de producci\u00f3n y competitividad. En la agenda acad\u00e9mica participar\u00e1n empresas p\u00fablicas y privadas que tratar\u00e1n aspectos vitales para la ganader\u00eda casanare\u00f1a. Feria ganadera y equina, demostraci\u00f3n en [&hellip;]<\/p>\n","protected":false},"author":1,"featured_media":7516,"comment_status":"open","ping_status":"open","sticky":false,"template":"","format":"standard","meta":[],"categories":[22,3,18,6],"tags":[3937,1515,2103,1628],"yoast_head":"<!-- This site is optimized with the Yoast SEO plugin v17.3 - https:\/\/yoast.com\/wordpress\/plugins\/seo\/ -->\n<meta name=\"description\" content=\"Con una variada programaci\u00f3n, del 14 al 16 de diciembre se llevar\u00e1 a cabo Expollano 2018 en el Coliseo de Ferias de Yopal (Casanare).\" \/>\n<meta name=\"robots\" content=\"index, follow, max-snippet:-1, max-image-preview:large, max-video-preview:-1\" \/>\n<meta property=\"og:locale\" content=\"es_ES\" \/>\n<meta property=\"og:type\" content=\"article\" \/>\n<meta property=\"og:title\" content=\"Expollano 2018. Diciembre 14 al 16 en Yopal (Casanare) - Notiagro\" \/>\n<meta property=\"og:description\" content=\"Con una variada programaci\u00f3n, del 14 al 16 de diciembre se llevar\u00e1 a cabo Expollano 2018 en el Coliseo de Ferias de Yopal (Casanare).\" \/>\n<meta property=\"og:site_name\" content=\"Notiagro\" \/>\n<meta property=\"article:published_time\" content=\"2018-12-12T15:55:54+00:00\" \/>\n<meta property=\"og:image\" content=\"https:\/\/www.agromundo.co\/blog\/wp-content\/uploads\/2018\/12\/Expollano-2018.jpg\" \/>\n\t<meta property=\"og:image:width\" content=\"300\" \/>\n\t<meta property=\"og:image:height\" content=\"205\" \/>\n<meta name=\"twitter:label1\" content=\"Escrito por\" \/>\n\t<meta name=\"twitter:data1\" content=\"admin\" \/>\n\t<meta name=\"twitter:label2\" content=\"Tiempo de lectura\" \/>\n\t<meta name=\"twitter:data2\" content=\"3 minutos\" \/>\n<script type=\"application\/ld+json\" class=\"yoast-schema-graph\">{\"@context\":\"https:\/\/schema.org\",\"@graph\":[{\"@type\":\"WebSite\",\"@id\":\"https:\/\/www.agromundo.co\/blog\/#website\",\"url\":\"https:\/\/www.agromundo.co\/blog\/\",\"name\":\"Notiagro\",\"description\":\"Noticias y eventos sector agropecuario colombiano\",\"potentialAction\":[{\"@type\":\"SearchAction\",\"target\":{\"@type\":\"EntryPoint\",\"urlTemplate\":\"https:\/\/www.agromundo.co\/blog\/?s={search_term_string}\"},\"query-input\":\"required name=search_term_string\"}],\"inLanguage\":\"es\"},{\"@type\":\"ImageObject\",\"@id\":\"#primaryimage\",\"inLanguage\":\"es\",\"url\":\"https:\/\/www.agromundo.co\/blog\/wp-content\/uploads\/2018\/12\/Expollano-2018.jpg\",\"contentUrl\":\"https:\/\/www.agromundo.co\/blog\/wp-content\/uploads\/2018\/12\/Expollano-2018.jpg\",\"width\":300,\"height\":205},{\"@type\":\"WebPage\",\"@id\":\"#webpage\",\"url\":null,\"name\":\"Expollano 2018. Diciembre 14 al 16 en Yopal (Casanare) - Notiagro\",\"isPartOf\":{\"@id\":\"https:\/\/www.agromundo.co\/blog\/#website\"},\"primaryImageOfPage\":{\"@id\":\"#primaryimage\"},\"datePublished\":\"2018-12-12T15:55:54+00:00\",\"dateModified\":\"2018-12-12T15:55:54+00:00\",\"author\":{\"@id\":\"https:\/\/www.agromundo.co\/blog\/#\/schema\/person\/3e07d858c3c7a93ebf4ad3785559d35d\"},\"description\":\"Con una variada programaci\\u00f3n, del 14 al 16 de diciembre se llevar\\u00e1 a cabo Expollano 2018 en el Coliseo de Ferias de Yopal (Casanare).\",\"breadcrumb\":{\"@id\":\"#breadcrumb\"},\"inLanguage\":\"es\",\"potentialAction\":[{\"@type\":\"ReadAction\",\"target\":[null]}]},{\"@type\":\"BreadcrumbList\",\"@id\":\"#breadcrumb\",\"itemListElement\":[{\"@type\":\"ListItem\",\"position\":1,\"name\":\"Portada\",\"item\":\"https:\/\/www.agromundo.co\/blog\/\"},{\"@type\":\"ListItem\",\"position\":2,\"name\":\"Expollano 2018. Diciembre 14 al 16 en Yopal (Casanare)\"}]},{\"@type\":\"Person\",\"@id\":\"https:\/\/www.agromundo.co\/blog\/#\/schema\/person\/3e07d858c3c7a93ebf4ad3785559d35d\",\"name\":\"admin\",\"image\":{\"@type\":\"ImageObject\",\"@id\":\"https:\/\/www.agromundo.co\/blog\/#personlogo\",\"inLanguage\":\"es\",\"url\":\"https:\/\/secure.gravatar.com\/avatar\/f990c4c6d966ea7f7bec9cc10bcda5ce?s=96&d=mm&r=g\",\"contentUrl\":\"https:\/\/secure.gravatar.com\/avatar\/f990c4c6d966ea7f7bec9cc10bcda5ce?s=96&d=mm&r=g\",\"caption\":\"admin\"},\"url\":\"https:\/\/www.agromundo.co\/blog\/author\/admin\/\"}]}<\/script>\n<!-- \/ Yoast SEO plugin. -->","yoast_head_json":{"description":"Con una variada programaci\u00f3n, del 14 al 16 de diciembre se llevar\u00e1 a cabo Expollano 2018 en el Coliseo de Ferias de Yopal (Casanare).","robots":{"index":"index","follow":"follow","max-snippet":"max-snippet:-1","max-image-preview":"max-image-preview:large","max-video-preview":"max-video-preview:-1"},"og_locale":"es_ES","og_type":"article","og_title":"Expollano 2018. Diciembre 14 al 16 en Yopal (Casanare) - Notiagro","og_description":"Con una variada programaci\u00f3n, del 14 al 16 de diciembre se llevar\u00e1 a cabo Expollano 2018 en el Coliseo de Ferias de Yopal (Casanare).","og_site_name":"Notiagro","article_published_time":"2018-12-12T15:55:54+00:00","og_image":[{"width":300,"height":205,"url":"https:\/\/www.agromundo.co\/blog\/wp-content\/uploads\/2018\/12\/Expollano-2018.jpg","type":"image\/jpeg"}],"twitter_misc":{"Escrito por":"admin","Tiempo de lectura":"3 minutos"},"schema":{"@context":"https:\/\/schema.org","@graph":[{"@type":"WebSite","@id":"https:\/\/www.agromundo.co\/blog\/#website","url":"https:\/\/www.agromundo.co\/blog\/","name":"Notiagro","description":"Noticias y eventos sector agropecuario colombiano","potentialAction":[{"@type":"SearchAction","target":{"@type":"EntryPoint","urlTemplate":"https:\/\/www.agromundo.co\/blog\/?s={search_term_string}"},"query-input":"required name=search_term_string"}],"inLanguage":"es"},{"@type":"ImageObject","@id":"#primaryimage","inLanguage":"es","url":"https:\/\/www.agromundo.co\/blog\/wp-content\/uploads\/2018\/12\/Expollano-2018.jpg","contentUrl":"https:\/\/www.agromundo.co\/blog\/wp-content\/uploads\/2018\/12\/Expollano-2018.jpg","width":300,"height":205},{"@type":"WebPage","@id":"#webpage","url":null,"name":"Expollano 2018. Diciembre 14 al 16 en Yopal (Casanare) - Notiagro","isPartOf":{"@id":"https:\/\/www.agromundo.co\/blog\/#website"},"primaryImageOfPage":{"@id":"#primaryimage"},"datePublished":"2018-12-12T15:55:54+00:00","dateModified":"2018-12-12T15:55:54+00:00","author":{"@id":"https:\/\/www.agromundo.co\/blog\/#\/schema\/person\/3e07d858c3c7a93ebf4ad3785559d35d"},"description":"Con una variada programaci\u00f3n, del 14 al 16 de diciembre se llevar\u00e1 a cabo Expollano 2018 en el Coliseo de Ferias de Yopal (Casanare).","breadcrumb":{"@id":"#breadcrumb"},"inLanguage":"es","potentialAction":[{"@type":"ReadAction","target":[null]}]},{"@type":"BreadcrumbList","@id":"#breadcrumb","itemListElement":[{"@type":"ListItem","position":1,"name":"Portada","item":"https:\/\/www.agromundo.co\/blog\/"},{"@type":"ListItem","position":2,"name":"Expollano 2018. Diciembre 14 al 16 en Yopal (Casanare)"}]},{"@type":"Person","@id":"https:\/\/www.agromundo.co\/blog\/#\/schema\/person\/3e07d858c3c7a93ebf4ad3785559d35d","name":"admin","image":{"@type":"ImageObject","@id":"https:\/\/www.agromundo.co\/blog\/#personlogo","inLanguage":"es","url":"https:\/\/secure.gravatar.com\/avatar\/f990c4c6d966ea7f7bec9cc10bcda5ce?s=96&d=mm&r=g","contentUrl":"https:\/\/secure.gravatar.com\/avatar\/f990c4c6d966ea7f7bec9cc10bcda5ce?s=96&d=mm&r=g","caption":"admin"},"url":"https:\/\/www.agromundo.co\/blog\/author\/admin\/"}]}},"_links":{"self":[{"href":"https:\/\/www.agromundo.co\/blog\/wp-json\/wp\/v2\/posts\/7514"}],"collection":[{"href":"https:\/\/www.agromundo.co\/blog\/wp-json\/wp\/v2\/posts"}],"about":[{"href":"https:\/\/www.agromundo.co\/blog\/wp-json\/wp\/v2\/types\/post"}],"author":[{"embeddable":true,"href":"https:\/\/www.agromundo.co\/blog\/wp-json\/wp\/v2\/users\/1"}],"replies":[{"embeddable":true,"href":"https:\/\/www.agromundo.co\/blog\/wp-json\/wp\/v2\/comments?post=7514"}],"version-history":[{"count":1,"href":"https:\/\/www.agromundo.co\/blog\/wp-json\/wp\/v2\/posts\/7514\/revisions"}],"predecessor-version":[{"id":7517,"href":"https:\/\/www.agromundo.co\/blog\/wp-json\/wp\/v2\/posts\/7514\/revisions\/7517"}],"wp:featuredmedia":[{"embeddable":true,"href":"https:\/\/www.agromundo.co\/blog\/wp-json\/wp\/v2\/media\/7516"}],"wp:attachment":[{"href":"https:\/\/www.agromundo.co\/blog\/wp-json\/wp\/v2\/media?parent=7514"}],"wp:term":[{"taxonomy":"category","embeddable":true,"href":"https:\/\/www.agromundo.co\/blog\/wp-json\/wp\/v2\/categories?post=7514"},{"taxonomy":"post_tag","embeddable":true,"href":"https:\/\/www.agromundo.co\/blog\/wp-json\/wp\/v2\/tags?post=7514"}],"curies":[{"name":"wp","href":"https:\/\/api.w.org\/{rel}","templated":true}]}}