{"id":7821,"date":"2019-04-08T18:59:13","date_gmt":"2019-04-08T18:59:13","guid":{"rendered":"http:\/\/www.agromundo.co\/blog\/?p=7821"},"modified":"2019-04-08T18:59:13","modified_gmt":"2019-04-08T18:59:13","slug":"biomasa-probiotica-partir-suero-lacteo","status":"publish","type":"post","link":"https:\/\/www.agromundo.co\/blog\/biomasa-probiotica-partir-suero-lacteo\/","title":{"rendered":"Biomasa probi\u00f3tica a partir de suero l\u00e1cteo"},"content":{"rendered":"<p>Biomasa probi\u00f3tica<\/p>\n<div id=\"attachment_7824\" style=\"width: 310px\" class=\"wp-caption aligncenter\"><img aria-describedby=\"caption-attachment-7824\" loading=\"lazy\" class=\"wp-image-7824 size-medium\" title=\"Biomasa probi\u00f3tica\" src=\"http:\/\/www.agromundo.co\/blog\/wp-content\/uploads\/2019\/04\/Biomasa-probiotica-300x205.jpg\" alt=\"Biomasa probiotica\" width=\"300\" height=\"205\" \/><p id=\"caption-attachment-7824\" class=\"wp-caption-text\">La biomasa probi\u00f3tica podr\u00e1 usarse como aditivo en los productos c\u00e1rnicos l\u00e1cteos y agroindustriales. Fotograf\u00eda: unperiodico.unal.edu.co<\/p><\/div>\n<p style=\"padding-left: 30px;\">\u2981 <em>La ganader\u00eda especializada en producci\u00f3n de leche podr\u00e1 generar valor agregado a partir del suero l\u00e1cteo para transformarlo en biomasa, y asimismo, en elemento de auto sostenibilidad.<\/em><\/p>\n<p>La biomasa, que era potestad exclusiva de los forrajes, ahora podr\u00e1 producirse de forma probi\u00f3tica mediante la utilizaci\u00f3n del suero l\u00e1cteo de la vaca suplementado con minerales y extracto de levadura.<\/p>\n<p>As\u00ed pudo constatarlo la bacteri\u00f3loga M\u00f3nica del Rosario Torres R, mag\u00edster en Ingenier\u00eda Qu\u00edmica de la Universidad Nacional de Colombia, en una investigaci\u00f3n publicada en el portal unperiodico.unal.edu.co<\/p>\n<p>Seg\u00fan Torres Rodelo, podr\u00e1 producirse biomasa probi\u00f3tica que se constituir\u00e1 como elemento de gran valor nutricional para la agroindustria alimentaria y como elemento de sostenibilidad para la ganader\u00eda especializada en producci\u00f3n de leche.<\/p>\n<p>Seg\u00fan indica la publicaci\u00f3n, el suero l\u00e1cteo contiene minerales como f\u00f3sforo y calcio, elementos esenciales en el crecimiento de biomasa l\u00e1ctica probi\u00f3tica.<\/p>\n<p>La investigadora suplement\u00f3 el lactosuero con 2 nutrientes: un extracto de levadura, y una mezcla de inulina y minerales como agente probi\u00f3tico.<\/p>\n<p>Seguidamente lo someti\u00f3 a un proceso de acondicionamiento, hasta transformarlo en polvo.<\/p>\n<p>Luego disolvi\u00f3 54,6 gramos del mismo en 1 litro de agua destilada mezclado con extracto de levadura e inulina.<\/p>\n<p>Simult\u00e1neamente, lo someti\u00f3 a un tratamiento t\u00e9rmico con agitaci\u00f3n suave, dej\u00e1ndolo reposar por un t\u00e9rmino de media hora.<\/p>\n<p>Luego se realiz\u00f3 un proceso de centrifugaci\u00f3n a 5.500 revoluciones por minuto durante 15 minutos, se esteriliz\u00f3 en autoclave y se inocul\u00f3 con el microorganismo probi\u00f3tico para iniciar la producci\u00f3n en masa.<\/p>\n<p>En una segunda parte de la investigaci\u00f3n, Torres Rodelo constat\u00f3 las concentraciones adecuadas para el desarrollo del sustrato de lactosuero suplementado y de esa forma obtener la biomasa probi\u00f3tica.<\/p>\n<p>Destac\u00f3 que en diversas investigaciones se hab\u00edan evaluado sustratos para el crecimiento de bacterias probi\u00f3ticas basadas en leche y leche descremada suplementada, pero no se hallaba una alternativa que proporcionara rendimientos altos de biomasa probi\u00f3tica.<\/p>\n<p>Afirm\u00f3 la investigadora que este proceso que se adelant\u00f3 en el Laboratorio de Ciencias de los Alimentos de la Universidad Nacional, sede Manizales, se constituye en alternativa para aprovechar los recursos naturales y generar valor agregado para la industria de alimentos.<\/p>\n<p>Fuente: Adaptado de CONtexto ganadero.<br \/>\nCon el patrocinio de:<\/p>\n<div id=\"attachment_7178\" style=\"width: 130px\" class=\"wp-caption alignleft\"><a href=\"http:\/\/www.agromundo.co\/friomax.html\"><img aria-describedby=\"caption-attachment-7178\" loading=\"lazy\" class=\"wp-image-7178 size-full\" src=\"http:\/\/www.agromundo.co\/blog\/wp-content\/uploads\/2018\/07\/Friomax.jpg\" alt=\"Equipos para refrigeraci\u00f3n y procesamiento de l\u00e1cteos\" width=\"120\" height=\"120\" \/><\/a><p id=\"caption-attachment-7178\" class=\"wp-caption-text\">Equipos para refrigeraci\u00f3n y procesamiento de l\u00e1cteos<\/p><\/div>\n<div id=\"attachment_7823\" style=\"width: 130px\" class=\"wp-caption alignright\"><a href=\"http:\/\/www.agromundo.co\/pisos-en-caucho-para-salas-de-ordeno-y-pesebrera.html\"><img aria-describedby=\"caption-attachment-7823\" loading=\"lazy\" class=\"wp-image-7823 size-full\" src=\"http:\/\/www.agromundo.co\/blog\/wp-content\/uploads\/2019\/04\/Pisos-para-salas-de-orde\u00f1o-Plastigoma-1.jpg\" alt=\"Pisos de caucho vulcanizado para salas de orde\u00f1o\" width=\"120\" height=\"120\" \/><\/a><p id=\"caption-attachment-7823\" class=\"wp-caption-text\">Pisos de caucho vulcanizado para salas de orde\u00f1o<\/p><\/div>\n","protected":false},"excerpt":{"rendered":"<p>Biomasa probi\u00f3tica \u2981 La ganader\u00eda especializada en producci\u00f3n de leche podr\u00e1 generar valor agregado a partir del suero l\u00e1cteo para transformarlo en biomasa, y asimismo, en elemento de auto sostenibilidad. La biomasa, que era potestad exclusiva de los forrajes, ahora podr\u00e1 producirse de forma probi\u00f3tica mediante la utilizaci\u00f3n del suero l\u00e1cteo de la vaca suplementado [&hellip;]<\/p>\n","protected":false},"author":1,"featured_media":7824,"comment_status":"open","ping_status":"open","sticky":false,"template":"","format":"standard","meta":[],"categories":[20,3,18,6],"tags":[4104,1628,4105,4107,4106,3425],"yoast_head":"<!-- This site is optimized with the Yoast SEO plugin v17.3 - https:\/\/yoast.com\/wordpress\/plugins\/seo\/ -->\n<meta name=\"description\" content=\"Seg\u00fan estudio de la Universidad Nacional de Colombia (sede Manizales), a partir del suelo l\u00e1cteo se podr\u00e1 producir biomasa probi\u00f3tica.\" \/>\n<meta name=\"robots\" content=\"index, follow, max-snippet:-1, max-image-preview:large, max-video-preview:-1\" \/>\n<meta property=\"og:locale\" content=\"es_ES\" \/>\n<meta property=\"og:type\" content=\"article\" \/>\n<meta property=\"og:title\" content=\"Biomasa probi\u00f3tica a partir de suero l\u00e1cteo - Notiagro\" \/>\n<meta property=\"og:description\" content=\"Seg\u00fan estudio de la Universidad Nacional de Colombia (sede Manizales), a partir del suelo l\u00e1cteo se podr\u00e1 producir biomasa probi\u00f3tica.\" \/>\n<meta property=\"og:site_name\" content=\"Notiagro\" \/>\n<meta property=\"article:published_time\" content=\"2019-04-08T18:59:13+00:00\" \/>\n<meta property=\"og:image\" content=\"https:\/\/www.agromundo.co\/blog\/wp-content\/uploads\/2019\/04\/Biomasa-probiotica.jpg\" \/>\n\t<meta property=\"og:image:width\" content=\"300\" \/>\n\t<meta property=\"og:image:height\" content=\"205\" \/>\n<meta name=\"twitter:label1\" content=\"Escrito por\" \/>\n\t<meta name=\"twitter:data1\" content=\"admin\" \/>\n\t<meta name=\"twitter:label2\" content=\"Tiempo de lectura\" \/>\n\t<meta name=\"twitter:data2\" content=\"2 minutos\" \/>\n<script type=\"application\/ld+json\" class=\"yoast-schema-graph\">{\"@context\":\"https:\/\/schema.org\",\"@graph\":[{\"@type\":\"WebSite\",\"@id\":\"https:\/\/www.agromundo.co\/blog\/#website\",\"url\":\"https:\/\/www.agromundo.co\/blog\/\",\"name\":\"Notiagro\",\"description\":\"Noticias y eventos sector agropecuario colombiano\",\"potentialAction\":[{\"@type\":\"SearchAction\",\"target\":{\"@type\":\"EntryPoint\",\"urlTemplate\":\"https:\/\/www.agromundo.co\/blog\/?s={search_term_string}\"},\"query-input\":\"required name=search_term_string\"}],\"inLanguage\":\"es\"},{\"@type\":\"ImageObject\",\"@id\":\"#primaryimage\",\"inLanguage\":\"es\",\"url\":\"https:\/\/www.agromundo.co\/blog\/wp-content\/uploads\/2019\/04\/Biomasa-probiotica.jpg\",\"contentUrl\":\"https:\/\/www.agromundo.co\/blog\/wp-content\/uploads\/2019\/04\/Biomasa-probiotica.jpg\",\"width\":300,\"height\":205},{\"@type\":\"WebPage\",\"@id\":\"#webpage\",\"url\":null,\"name\":\"Biomasa probi\\u00f3tica a partir de suero l\\u00e1cteo - Notiagro\",\"isPartOf\":{\"@id\":\"https:\/\/www.agromundo.co\/blog\/#website\"},\"primaryImageOfPage\":{\"@id\":\"#primaryimage\"},\"datePublished\":\"2019-04-08T18:59:13+00:00\",\"dateModified\":\"2019-04-08T18:59:13+00:00\",\"author\":{\"@id\":\"https:\/\/www.agromundo.co\/blog\/#\/schema\/person\/3e07d858c3c7a93ebf4ad3785559d35d\"},\"description\":\"Seg\\u00fan estudio de la Universidad Nacional de Colombia (sede Manizales), a partir del suelo l\\u00e1cteo se podr\\u00e1 producir biomasa probi\\u00f3tica.\",\"breadcrumb\":{\"@id\":\"#breadcrumb\"},\"inLanguage\":\"es\",\"potentialAction\":[{\"@type\":\"ReadAction\",\"target\":[null]}]},{\"@type\":\"BreadcrumbList\",\"@id\":\"#breadcrumb\",\"itemListElement\":[{\"@type\":\"ListItem\",\"position\":1,\"name\":\"Portada\",\"item\":\"https:\/\/www.agromundo.co\/blog\/\"},{\"@type\":\"ListItem\",\"position\":2,\"name\":\"Biomasa probi\\u00f3tica a partir de suero l\\u00e1cteo\"}]},{\"@type\":\"Person\",\"@id\":\"https:\/\/www.agromundo.co\/blog\/#\/schema\/person\/3e07d858c3c7a93ebf4ad3785559d35d\",\"name\":\"admin\",\"image\":{\"@type\":\"ImageObject\",\"@id\":\"https:\/\/www.agromundo.co\/blog\/#personlogo\",\"inLanguage\":\"es\",\"url\":\"https:\/\/secure.gravatar.com\/avatar\/f990c4c6d966ea7f7bec9cc10bcda5ce?s=96&d=mm&r=g\",\"contentUrl\":\"https:\/\/secure.gravatar.com\/avatar\/f990c4c6d966ea7f7bec9cc10bcda5ce?s=96&d=mm&r=g\",\"caption\":\"admin\"},\"url\":\"https:\/\/www.agromundo.co\/blog\/author\/admin\/\"}]}<\/script>\n<!-- \/ Yoast SEO plugin. -->","yoast_head_json":{"description":"Seg\u00fan estudio de la Universidad Nacional de Colombia (sede Manizales), a partir del suelo l\u00e1cteo se podr\u00e1 producir biomasa probi\u00f3tica.","robots":{"index":"index","follow":"follow","max-snippet":"max-snippet:-1","max-image-preview":"max-image-preview:large","max-video-preview":"max-video-preview:-1"},"og_locale":"es_ES","og_type":"article","og_title":"Biomasa probi\u00f3tica a partir de suero l\u00e1cteo - Notiagro","og_description":"Seg\u00fan estudio de la Universidad Nacional de Colombia (sede Manizales), a partir del suelo l\u00e1cteo se podr\u00e1 producir biomasa probi\u00f3tica.","og_site_name":"Notiagro","article_published_time":"2019-04-08T18:59:13+00:00","og_image":[{"width":300,"height":205,"url":"https:\/\/www.agromundo.co\/blog\/wp-content\/uploads\/2019\/04\/Biomasa-probiotica.jpg","type":"image\/jpeg"}],"twitter_misc":{"Escrito por":"admin","Tiempo de lectura":"2 minutos"},"schema":{"@context":"https:\/\/schema.org","@graph":[{"@type":"WebSite","@id":"https:\/\/www.agromundo.co\/blog\/#website","url":"https:\/\/www.agromundo.co\/blog\/","name":"Notiagro","description":"Noticias y eventos sector agropecuario colombiano","potentialAction":[{"@type":"SearchAction","target":{"@type":"EntryPoint","urlTemplate":"https:\/\/www.agromundo.co\/blog\/?s={search_term_string}"},"query-input":"required name=search_term_string"}],"inLanguage":"es"},{"@type":"ImageObject","@id":"#primaryimage","inLanguage":"es","url":"https:\/\/www.agromundo.co\/blog\/wp-content\/uploads\/2019\/04\/Biomasa-probiotica.jpg","contentUrl":"https:\/\/www.agromundo.co\/blog\/wp-content\/uploads\/2019\/04\/Biomasa-probiotica.jpg","width":300,"height":205},{"@type":"WebPage","@id":"#webpage","url":null,"name":"Biomasa probi\u00f3tica a partir de suero l\u00e1cteo - Notiagro","isPartOf":{"@id":"https:\/\/www.agromundo.co\/blog\/#website"},"primaryImageOfPage":{"@id":"#primaryimage"},"datePublished":"2019-04-08T18:59:13+00:00","dateModified":"2019-04-08T18:59:13+00:00","author":{"@id":"https:\/\/www.agromundo.co\/blog\/#\/schema\/person\/3e07d858c3c7a93ebf4ad3785559d35d"},"description":"Seg\u00fan estudio de la Universidad Nacional de Colombia (sede Manizales), a partir del suelo l\u00e1cteo se podr\u00e1 producir biomasa probi\u00f3tica.","breadcrumb":{"@id":"#breadcrumb"},"inLanguage":"es","potentialAction":[{"@type":"ReadAction","target":[null]}]},{"@type":"BreadcrumbList","@id":"#breadcrumb","itemListElement":[{"@type":"ListItem","position":1,"name":"Portada","item":"https:\/\/www.agromundo.co\/blog\/"},{"@type":"ListItem","position":2,"name":"Biomasa probi\u00f3tica a partir de suero l\u00e1cteo"}]},{"@type":"Person","@id":"https:\/\/www.agromundo.co\/blog\/#\/schema\/person\/3e07d858c3c7a93ebf4ad3785559d35d","name":"admin","image":{"@type":"ImageObject","@id":"https:\/\/www.agromundo.co\/blog\/#personlogo","inLanguage":"es","url":"https:\/\/secure.gravatar.com\/avatar\/f990c4c6d966ea7f7bec9cc10bcda5ce?s=96&d=mm&r=g","contentUrl":"https:\/\/secure.gravatar.com\/avatar\/f990c4c6d966ea7f7bec9cc10bcda5ce?s=96&d=mm&r=g","caption":"admin"},"url":"https:\/\/www.agromundo.co\/blog\/author\/admin\/"}]}},"_links":{"self":[{"href":"https:\/\/www.agromundo.co\/blog\/wp-json\/wp\/v2\/posts\/7821"}],"collection":[{"href":"https:\/\/www.agromundo.co\/blog\/wp-json\/wp\/v2\/posts"}],"about":[{"href":"https:\/\/www.agromundo.co\/blog\/wp-json\/wp\/v2\/types\/post"}],"author":[{"embeddable":true,"href":"https:\/\/www.agromundo.co\/blog\/wp-json\/wp\/v2\/users\/1"}],"replies":[{"embeddable":true,"href":"https:\/\/www.agromundo.co\/blog\/wp-json\/wp\/v2\/comments?post=7821"}],"version-history":[{"count":2,"href":"https:\/\/www.agromundo.co\/blog\/wp-json\/wp\/v2\/posts\/7821\/revisions"}],"predecessor-version":[{"id":7825,"href":"https:\/\/www.agromundo.co\/blog\/wp-json\/wp\/v2\/posts\/7821\/revisions\/7825"}],"wp:featuredmedia":[{"embeddable":true,"href":"https:\/\/www.agromundo.co\/blog\/wp-json\/wp\/v2\/media\/7824"}],"wp:attachment":[{"href":"https:\/\/www.agromundo.co\/blog\/wp-json\/wp\/v2\/media?parent=7821"}],"wp:term":[{"taxonomy":"category","embeddable":true,"href":"https:\/\/www.agromundo.co\/blog\/wp-json\/wp\/v2\/categories?post=7821"},{"taxonomy":"post_tag","embeddable":true,"href":"https:\/\/www.agromundo.co\/blog\/wp-json\/wp\/v2\/tags?post=7821"}],"curies":[{"name":"wp","href":"https:\/\/api.w.org\/{rel}","templated":true}]}}