{"id":7826,"date":"2019-04-09T21:37:02","date_gmt":"2019-04-09T21:37:02","guid":{"rendered":"http:\/\/www.agromundo.co\/blog\/?p=7826"},"modified":"2019-04-09T21:37:02","modified_gmt":"2019-04-09T21:37:02","slug":"suplementacion-del-ganado","status":"publish","type":"post","link":"https:\/\/www.agromundo.co\/blog\/suplementacion-del-ganado\/","title":{"rendered":"Conferencia sobre suplementaci\u00f3n del ganado en climas c\u00e1lidos"},"content":{"rendered":"<p>Suplementaci\u00f3n del ganado<\/p>\n<div id=\"attachment_7828\" style=\"width: 310px\" class=\"wp-caption aligncenter\"><img aria-describedby=\"caption-attachment-7828\" loading=\"lazy\" class=\"wp-image-7828 size-medium\" title=\"Suplementaci\u00f3n de ganado\" src=\"http:\/\/www.agromundo.co\/blog\/wp-content\/uploads\/2019\/04\/Suplementacion-de-ganado-300x205.jpg\" alt=\"Suplementacion de ganado\" width=\"300\" height=\"205\" \/><p id=\"caption-attachment-7828\" class=\"wp-caption-text\">Suplementaci\u00f3n del ganado. Foto: Cortes\u00eda<\/p><\/div>\n<p style=\"padding-left: 30px;\">\u2981 <em>Quimipac de Colombia S.A. y el Comit\u00e9 Regional de Ganaderos de Puerto Berrio, (Coreg\u00e1n), son los organizadores de la conferencia \u201cPautas para una correcta suplementaci\u00f3n del ganado en clima c\u00e1lido\u201d, dirigida a administradores pecuarios profesionales.<\/em><\/p>\n<p>Iv\u00e1n Rodr\u00edguez, el zootecnista encargado de la conferencia explic\u00f3 que se realizar\u00e1 en una secuencia l\u00f3gica, iniciando por describir las caracter\u00edsticas nutricionales de los forrajes en Colombia, considerando los an\u00e1lisis de laboratorios que tienen compendiados para las distintas regiones del pa\u00eds<\/p>\n<p>Seg\u00fan Se\u00f1al\u00f3 el profesional, lo que se pretende es tomar las experiencias y los elementos propios del pa\u00eds para realizar un balance de dieta y definir una f\u00f3rmula para un suplemento, pues no est\u00e1 de acuerdo en haya que basarse en tablas extranjeras, donde las determinaciones de laboratorio son diferentes a nuestras materias primas y a nuestros forrajes.<\/p>\n<p>Con la caracterizaci\u00f3n nutricional de los forrajes, se determinar\u00e1 cuando son de alta, baja o mediana calidad en funci\u00f3n de la concentraci\u00f3n de los nutrientes principales como los son fosforo, calcio, energ\u00eda y prote\u00edna.<\/p>\n<p>Seguidamente, el profesional har\u00e1 \u00e9nfasis en los requerimientos nutricionales por especie y tipo de producci\u00f3n como lo son ganados de levante, ganados de cr\u00eda, ganados de ceba, ganados de lecher\u00eda especializada o de doble prop\u00f3sito.<\/p>\n<p>Adem\u00e1s se explicar\u00e1 el aporte nutricional que se obtiene de la dieta a partir de los forrajes y los requerimientos espec\u00edficos del ganado seg\u00fan el balance que se est\u00e9 analizando.<\/p>\n<p>Finalmente, a partir de la comparaci\u00f3n entre el requerimiento nutricional y lo que aporta la dieta, se valoran fosforo calcio, prote\u00edna y energ\u00eda metabolizable como los nutrientes principales, se identificar\u00e1n las deficiencias que hay en cada nutriente.<\/p>\n<p>Asegur\u00f3 Rodr\u00edguez que el prop\u00f3sito de la conferencia es que se comprenda que el dise\u00f1o de una f\u00f3rmula para un suplemento no es m\u00e1s que el resultado de establecer un balance de la dieta, donde partiendo de las deficiencias que se encuentran, se propone una formula suplementaria que se encargue de cubrir los faltantes en la dieta del ganado.<\/p>\n<p>Para mayor informaci\u00f3n comunicarse con Coregan o llamar a los tel\u00e9fonos (4) 8330300 \u2013 320 7259769 y 313 737 0316<\/p>\n<p>La conferencia se realizar\u00e1 el jueves 11 de abril de 2019 de 2:00 p.m. a 5:00 p.m., en el auditorio del Instituto Colombiano Agropecuario (ICA) de Puerto Berr\u00edo.<\/p>\n<p>Fuente: Adaptado de CONtexto Ganadero.<br \/>\nCon el patrocinio de:<\/p>\n<div id=\"attachment_7760\" style=\"width: 130px\" class=\"wp-caption alignleft\"><a href=\"http:\/\/www.agromundo.co\/alimento-y-suplementos-para-ganado-y-caballos.html\"><img aria-describedby=\"caption-attachment-7760\" loading=\"lazy\" class=\"wp-image-7760 size-full\" src=\"http:\/\/www.agromundo.co\/blog\/wp-content\/uploads\/2019\/03\/Alimentos-y-suplementos-alimenticios-para-bovinos-y-equinos.jpg\" alt=\"Alimentos y suplementos alimenticios para bovinos y equinos\" width=\"120\" height=\"120\" \/><\/a><p id=\"caption-attachment-7760\" class=\"wp-caption-text\">Alimentos y suplementos alimenticios para bovinos y equinos<\/p><\/div>\n<div id=\"attachment_7778\" style=\"width: 171px\" class=\"wp-caption alignright\"><a href=\"http:\/\/www.agromundo.co\/botas-bekina.html\"><img aria-describedby=\"caption-attachment-7778\" loading=\"lazy\" class=\"wp-image-7778 size-full\" src=\"http:\/\/www.agromundo.co\/blog\/wp-content\/uploads\/2019\/03\/Botas-Bekina.jpg\" alt=\"Botas Bekina\" width=\"161\" height=\"120\" srcset=\"https:\/\/www.agromundo.co\/blog\/wp-content\/uploads\/2019\/03\/Botas-Bekina.jpg 161w, https:\/\/www.agromundo.co\/blog\/wp-content\/uploads\/2019\/03\/Botas-Bekina-100x75.jpg 100w\" sizes=\"(max-width: 161px) 100vw, 161px\" \/><\/a><p id=\"caption-attachment-7778\" class=\"wp-caption-text\">Botas Bekina<\/p><\/div>\n","protected":false},"excerpt":{"rendered":"<p>Suplementaci\u00f3n del ganado \u2981 Quimipac de Colombia S.A. y el Comit\u00e9 Regional de Ganaderos de Puerto Berrio, (Coreg\u00e1n), son los organizadores de la conferencia \u201cPautas para una correcta suplementaci\u00f3n del ganado en clima c\u00e1lido\u201d, dirigida a administradores pecuarios profesionales. Iv\u00e1n Rodr\u00edguez, el zootecnista encargado de la conferencia explic\u00f3 que se realizar\u00e1 en una secuencia l\u00f3gica, [&hellip;]<\/p>\n","protected":false},"author":1,"featured_media":7828,"comment_status":"open","ping_status":"open","sticky":false,"template":"","format":"standard","meta":[],"categories":[22,3,6,1],"tags":[4109,2334,1628,4108,1647],"yoast_head":"<!-- This site is optimized with the Yoast SEO plugin v17.3 - https:\/\/yoast.com\/wordpress\/plugins\/seo\/ -->\n<meta name=\"description\" content=\"Conferencia sobre suplementaci\u00f3n del ganado se dictar\u00e1 el jueves 11 de abril de 2019 en el auditorio del ICA en Puerto Berr\u00edo.\" \/>\n<meta name=\"robots\" content=\"index, follow, max-snippet:-1, max-image-preview:large, max-video-preview:-1\" \/>\n<meta property=\"og:locale\" content=\"es_ES\" \/>\n<meta property=\"og:type\" content=\"article\" \/>\n<meta property=\"og:title\" content=\"Conferencia sobre suplementaci\u00f3n del ganado en climas c\u00e1lidos - Notiagro\" \/>\n<meta property=\"og:description\" content=\"Conferencia sobre suplementaci\u00f3n del ganado se dictar\u00e1 el jueves 11 de abril de 2019 en el auditorio del ICA en Puerto Berr\u00edo.\" \/>\n<meta property=\"og:site_name\" content=\"Notiagro\" \/>\n<meta property=\"article:published_time\" content=\"2019-04-09T21:37:02+00:00\" \/>\n<meta property=\"og:image\" content=\"https:\/\/www.agromundo.co\/blog\/wp-content\/uploads\/2019\/04\/Suplementacion-de-ganado.jpg\" \/>\n\t<meta property=\"og:image:width\" content=\"300\" \/>\n\t<meta property=\"og:image:height\" content=\"205\" \/>\n<meta name=\"twitter:label1\" content=\"Escrito por\" \/>\n\t<meta name=\"twitter:data1\" content=\"admin\" \/>\n\t<meta name=\"twitter:label2\" content=\"Tiempo de lectura\" \/>\n\t<meta name=\"twitter:data2\" content=\"2 minutos\" \/>\n<script type=\"application\/ld+json\" class=\"yoast-schema-graph\">{\"@context\":\"https:\/\/schema.org\",\"@graph\":[{\"@type\":\"WebSite\",\"@id\":\"https:\/\/www.agromundo.co\/blog\/#website\",\"url\":\"https:\/\/www.agromundo.co\/blog\/\",\"name\":\"Notiagro\",\"description\":\"Noticias y eventos sector agropecuario colombiano\",\"potentialAction\":[{\"@type\":\"SearchAction\",\"target\":{\"@type\":\"EntryPoint\",\"urlTemplate\":\"https:\/\/www.agromundo.co\/blog\/?s={search_term_string}\"},\"query-input\":\"required name=search_term_string\"}],\"inLanguage\":\"es\"},{\"@type\":\"ImageObject\",\"@id\":\"#primaryimage\",\"inLanguage\":\"es\",\"url\":\"https:\/\/www.agromundo.co\/blog\/wp-content\/uploads\/2019\/04\/Suplementacion-de-ganado.jpg\",\"contentUrl\":\"https:\/\/www.agromundo.co\/blog\/wp-content\/uploads\/2019\/04\/Suplementacion-de-ganado.jpg\",\"width\":300,\"height\":205},{\"@type\":\"WebPage\",\"@id\":\"#webpage\",\"url\":null,\"name\":\"Conferencia sobre suplementaci\\u00f3n del ganado en climas c\\u00e1lidos - Notiagro\",\"isPartOf\":{\"@id\":\"https:\/\/www.agromundo.co\/blog\/#website\"},\"primaryImageOfPage\":{\"@id\":\"#primaryimage\"},\"datePublished\":\"2019-04-09T21:37:02+00:00\",\"dateModified\":\"2019-04-09T21:37:02+00:00\",\"author\":{\"@id\":\"https:\/\/www.agromundo.co\/blog\/#\/schema\/person\/3e07d858c3c7a93ebf4ad3785559d35d\"},\"description\":\"Conferencia sobre suplementaci\\u00f3n del ganado se dictar\\u00e1 el jueves 11 de abril de 2019 en el auditorio del ICA en Puerto Berr\\u00edo.\",\"breadcrumb\":{\"@id\":\"#breadcrumb\"},\"inLanguage\":\"es\",\"potentialAction\":[{\"@type\":\"ReadAction\",\"target\":[null]}]},{\"@type\":\"BreadcrumbList\",\"@id\":\"#breadcrumb\",\"itemListElement\":[{\"@type\":\"ListItem\",\"position\":1,\"name\":\"Portada\",\"item\":\"https:\/\/www.agromundo.co\/blog\/\"},{\"@type\":\"ListItem\",\"position\":2,\"name\":\"Conferencia sobre suplementaci\\u00f3n del ganado en climas c\\u00e1lidos\"}]},{\"@type\":\"Person\",\"@id\":\"https:\/\/www.agromundo.co\/blog\/#\/schema\/person\/3e07d858c3c7a93ebf4ad3785559d35d\",\"name\":\"admin\",\"image\":{\"@type\":\"ImageObject\",\"@id\":\"https:\/\/www.agromundo.co\/blog\/#personlogo\",\"inLanguage\":\"es\",\"url\":\"https:\/\/secure.gravatar.com\/avatar\/f990c4c6d966ea7f7bec9cc10bcda5ce?s=96&d=mm&r=g\",\"contentUrl\":\"https:\/\/secure.gravatar.com\/avatar\/f990c4c6d966ea7f7bec9cc10bcda5ce?s=96&d=mm&r=g\",\"caption\":\"admin\"},\"url\":\"https:\/\/www.agromundo.co\/blog\/author\/admin\/\"}]}<\/script>\n<!-- \/ Yoast SEO plugin. -->","yoast_head_json":{"description":"Conferencia sobre suplementaci\u00f3n del ganado se dictar\u00e1 el jueves 11 de abril de 2019 en el auditorio del ICA en Puerto Berr\u00edo.","robots":{"index":"index","follow":"follow","max-snippet":"max-snippet:-1","max-image-preview":"max-image-preview:large","max-video-preview":"max-video-preview:-1"},"og_locale":"es_ES","og_type":"article","og_title":"Conferencia sobre suplementaci\u00f3n del ganado en climas c\u00e1lidos - Notiagro","og_description":"Conferencia sobre suplementaci\u00f3n del ganado se dictar\u00e1 el jueves 11 de abril de 2019 en el auditorio del ICA en Puerto Berr\u00edo.","og_site_name":"Notiagro","article_published_time":"2019-04-09T21:37:02+00:00","og_image":[{"width":300,"height":205,"url":"https:\/\/www.agromundo.co\/blog\/wp-content\/uploads\/2019\/04\/Suplementacion-de-ganado.jpg","type":"image\/jpeg"}],"twitter_misc":{"Escrito por":"admin","Tiempo de lectura":"2 minutos"},"schema":{"@context":"https:\/\/schema.org","@graph":[{"@type":"WebSite","@id":"https:\/\/www.agromundo.co\/blog\/#website","url":"https:\/\/www.agromundo.co\/blog\/","name":"Notiagro","description":"Noticias y eventos sector agropecuario colombiano","potentialAction":[{"@type":"SearchAction","target":{"@type":"EntryPoint","urlTemplate":"https:\/\/www.agromundo.co\/blog\/?s={search_term_string}"},"query-input":"required name=search_term_string"}],"inLanguage":"es"},{"@type":"ImageObject","@id":"#primaryimage","inLanguage":"es","url":"https:\/\/www.agromundo.co\/blog\/wp-content\/uploads\/2019\/04\/Suplementacion-de-ganado.jpg","contentUrl":"https:\/\/www.agromundo.co\/blog\/wp-content\/uploads\/2019\/04\/Suplementacion-de-ganado.jpg","width":300,"height":205},{"@type":"WebPage","@id":"#webpage","url":null,"name":"Conferencia sobre suplementaci\u00f3n del ganado en climas c\u00e1lidos - Notiagro","isPartOf":{"@id":"https:\/\/www.agromundo.co\/blog\/#website"},"primaryImageOfPage":{"@id":"#primaryimage"},"datePublished":"2019-04-09T21:37:02+00:00","dateModified":"2019-04-09T21:37:02+00:00","author":{"@id":"https:\/\/www.agromundo.co\/blog\/#\/schema\/person\/3e07d858c3c7a93ebf4ad3785559d35d"},"description":"Conferencia sobre suplementaci\u00f3n del ganado se dictar\u00e1 el jueves 11 de abril de 2019 en el auditorio del ICA en Puerto Berr\u00edo.","breadcrumb":{"@id":"#breadcrumb"},"inLanguage":"es","potentialAction":[{"@type":"ReadAction","target":[null]}]},{"@type":"BreadcrumbList","@id":"#breadcrumb","itemListElement":[{"@type":"ListItem","position":1,"name":"Portada","item":"https:\/\/www.agromundo.co\/blog\/"},{"@type":"ListItem","position":2,"name":"Conferencia sobre suplementaci\u00f3n del ganado en climas c\u00e1lidos"}]},{"@type":"Person","@id":"https:\/\/www.agromundo.co\/blog\/#\/schema\/person\/3e07d858c3c7a93ebf4ad3785559d35d","name":"admin","image":{"@type":"ImageObject","@id":"https:\/\/www.agromundo.co\/blog\/#personlogo","inLanguage":"es","url":"https:\/\/secure.gravatar.com\/avatar\/f990c4c6d966ea7f7bec9cc10bcda5ce?s=96&d=mm&r=g","contentUrl":"https:\/\/secure.gravatar.com\/avatar\/f990c4c6d966ea7f7bec9cc10bcda5ce?s=96&d=mm&r=g","caption":"admin"},"url":"https:\/\/www.agromundo.co\/blog\/author\/admin\/"}]}},"_links":{"self":[{"href":"https:\/\/www.agromundo.co\/blog\/wp-json\/wp\/v2\/posts\/7826"}],"collection":[{"href":"https:\/\/www.agromundo.co\/blog\/wp-json\/wp\/v2\/posts"}],"about":[{"href":"https:\/\/www.agromundo.co\/blog\/wp-json\/wp\/v2\/types\/post"}],"author":[{"embeddable":true,"href":"https:\/\/www.agromundo.co\/blog\/wp-json\/wp\/v2\/users\/1"}],"replies":[{"embeddable":true,"href":"https:\/\/www.agromundo.co\/blog\/wp-json\/wp\/v2\/comments?post=7826"}],"version-history":[{"count":2,"href":"https:\/\/www.agromundo.co\/blog\/wp-json\/wp\/v2\/posts\/7826\/revisions"}],"predecessor-version":[{"id":7829,"href":"https:\/\/www.agromundo.co\/blog\/wp-json\/wp\/v2\/posts\/7826\/revisions\/7829"}],"wp:featuredmedia":[{"embeddable":true,"href":"https:\/\/www.agromundo.co\/blog\/wp-json\/wp\/v2\/media\/7828"}],"wp:attachment":[{"href":"https:\/\/www.agromundo.co\/blog\/wp-json\/wp\/v2\/media?parent=7826"}],"wp:term":[{"taxonomy":"category","embeddable":true,"href":"https:\/\/www.agromundo.co\/blog\/wp-json\/wp\/v2\/categories?post=7826"},{"taxonomy":"post_tag","embeddable":true,"href":"https:\/\/www.agromundo.co\/blog\/wp-json\/wp\/v2\/tags?post=7826"}],"curies":[{"name":"wp","href":"https:\/\/api.w.org\/{rel}","templated":true}]}}