{"id":7838,"date":"2019-04-12T19:20:34","date_gmt":"2019-04-12T19:20:34","guid":{"rendered":"http:\/\/www.agromundo.co\/blog\/?p=7838"},"modified":"2019-04-12T19:20:34","modified_gmt":"2019-04-12T19:20:34","slug":"asocebu-brasil-del-24-abril-al-5-mayo","status":"publish","type":"post","link":"https:\/\/www.agromundo.co\/blog\/asocebu-brasil-del-24-abril-al-5-mayo\/","title":{"rendered":"Asoceb\u00fa Brasil del 24 de abril al 5 de mayo de 2019"},"content":{"rendered":"<p>Asoceb\u00fa Brasil<\/p>\n<div id=\"attachment_7840\" style=\"width: 310px\" class=\"wp-caption aligncenter\"><img aria-describedby=\"caption-attachment-7840\" loading=\"lazy\" class=\"wp-image-7840 size-medium\" title=\"Asoceb\u00fa Brasil\" src=\"http:\/\/www.agromundo.co\/blog\/wp-content\/uploads\/2019\/04\/Asocebu-Brasil-300x205.jpg\" alt=\"Asocebu Brasil\" width=\"300\" height=\"205\" \/><p id=\"caption-attachment-7840\" class=\"wp-caption-text\">Asoceb\u00fa Brasil. Foto: @asocebucol<\/p><\/div>\n<p style=\"padding-left: 30px;\">\u2981 <em>La gira ganadera que anualmente es organizada por la Asociaci\u00f3n Colombiana de Criadores de Ganado Ceb\u00fa (Asoceb\u00fa), esta vez se llevar\u00e1 a cabo en Brasil del 24 de abril al 5 de mayo de 2019. Los asistentes tendr\u00e1n la ocasi\u00f3n de instruirse sobre la tecnificaci\u00f3n en la ganader\u00eda de ese pa\u00eds.<\/em><\/p>\n<p>El gremio ganadero colombiano prepara su viaje a Brasil hacia finales del mes de abril, para conocer m\u00e1s sobre la ganader\u00eda especializada del pa\u00eds vecino, donde se realizar\u00e1n diversas actividades que les permitir\u00e1 aprender sobre la tecnificaci\u00f3n y el crecimiento de este sector.<\/p>\n<p>Este a\u00f1o los productores conocer\u00e1n diversos tipos de explotaciones ganaderas segmentadas de acuerdo con las distintas orientaciones que hacen parte de la actividad ganadera.<\/p>\n<p>El director ejecutivo de Asoceb\u00fa, Andr\u00e9s Arenas, afirma que en esta nueva gira se visitar\u00e1n explotaciones de ganado de carne, donde se conocer\u00e1 m\u00e1s acerca de las razas Nelore, Nelore mocho y Brahman, as\u00ed como unos confinamientos con cebas intensivas en la ganader\u00eda de carne.<\/p>\n<p>Con respecto al asunto de la leche, los asistentes visitar\u00e1n fincas especializadas, en las que se podr\u00e1n apreciar lecher\u00edas de Gyr y Gyrolando, y pastoreo de Gyrolando, para conocer sus t\u00e9cnicas de orde\u00f1o.<\/p>\n<p>En relaci\u00f3n con la ganader\u00eda doble prop\u00f3sito, se visitar\u00e1n explotaciones en las que se tienen tipos de ganado como el Guzerat y predios con Red Sindhi, una raza que interesa a los ganaderos colombianos, pues es un poco rustica al ser doble prop\u00f3sito.<\/p>\n<p>Una de las principales actividades de la gira Asoceb\u00fa Brasil es la visita a la feria de maquinarias m\u00e1s grande que tiene Brasil, Agrishow, el 29 de abril. Luego de esto, los participantes dirigir\u00e1n su atenci\u00f3n hacia unas centrales de inseminaci\u00f3n para apreciar toros.<\/p>\n<p>El recorrido culmina con la visita a la feria de Expoceb\u00fa, que seg\u00fan Arenas es la principal exposici\u00f3n ganadera de Brasil, para observar el juzgamiento y los remate de las diferentes razas cebuinas, as\u00ed como los concursos lecheros, por lo que es una experiencia muy buena y variada para los ganaderos.<\/p>\n<p>Fuente: Adaptado de CONtexto Ganadero.<br \/>\nCon el patrocinio de:<\/p>\n<div id=\"attachment_7813\" style=\"width: 155px\" class=\"wp-caption alignleft\"><a href=\"http:\/\/www.agromundo.co\/basculas-prometalicos-sa.html\"><img aria-describedby=\"caption-attachment-7813\" loading=\"lazy\" class=\"wp-image-7813 size-full\" src=\"http:\/\/www.agromundo.co\/blog\/wp-content\/uploads\/2019\/04\/B\u00e1scula-ganadera-electromec\u00e1nica-Promet\u00e1licos.jpg\" alt=\"B\u00e1scula ganadera electromec\u00e1nica Promet\u00e1licos\" width=\"145\" height=\"120\" \/><\/a><p id=\"caption-attachment-7813\" class=\"wp-caption-text\">B\u00e1scula ganadera electromec\u00e1nica Promet\u00e1licos<\/p><\/div>\n<div id=\"attachment_7761\" style=\"width: 130px\" class=\"wp-caption alignright\"><a href=\"http:\/\/www.agromundo.co\/actual-biotec.html\"><img aria-describedby=\"caption-attachment-7761\" loading=\"lazy\" class=\"wp-image-7761 size-full\" src=\"http:\/\/www.agromundo.co\/blog\/wp-content\/uploads\/2019\/03\/Insumos-y-equipos-biotecnol\u00f3gicos-para-ganader\u00eda.jpg\" alt=\"Insumos y equipos biotecnol\u00f3gicos para ganader\u00eda\" width=\"120\" height=\"120\" \/><\/a><p id=\"caption-attachment-7761\" class=\"wp-caption-text\">Insumos y equipos biotecnol\u00f3gicos para ganader\u00eda<\/p><\/div>\n","protected":false},"excerpt":{"rendered":"<p>Asoceb\u00fa Brasil \u2981 La gira ganadera que anualmente es organizada por la Asociaci\u00f3n Colombiana de Criadores de Ganado Ceb\u00fa (Asoceb\u00fa), esta vez se llevar\u00e1 a cabo en Brasil del 24 de abril al 5 de mayo de 2019. Los asistentes tendr\u00e1n la ocasi\u00f3n de instruirse sobre la tecnificaci\u00f3n en la ganader\u00eda de ese pa\u00eds. El [&hellip;]<\/p>\n","protected":false},"author":1,"featured_media":7840,"comment_status":"open","ping_status":"open","sticky":false,"template":"","format":"standard","meta":[],"categories":[22,3,18,6],"tags":[4120,4118,1321,2103,1628,4121,4119],"yoast_head":"<!-- This site is optimized with the Yoast SEO plugin v17.3 - https:\/\/yoast.com\/wordpress\/plugins\/seo\/ -->\n<meta name=\"description\" content=\"Asoceb\u00fa Brasil. La gira ganadera que anualmente es organizada Asoceb\u00fa, esta vez se llevar\u00e1 a cabo en Brasil del 24 de abril al 5 de mayo de 2019.\" \/>\n<meta name=\"robots\" content=\"index, follow, max-snippet:-1, max-image-preview:large, max-video-preview:-1\" \/>\n<meta property=\"og:locale\" content=\"es_ES\" \/>\n<meta property=\"og:type\" content=\"article\" \/>\n<meta property=\"og:title\" content=\"Asoceb\u00fa Brasil del 24 de abril al 5 de mayo de 2019 - Notiagro\" \/>\n<meta property=\"og:description\" content=\"Asoceb\u00fa Brasil. La gira ganadera que anualmente es organizada Asoceb\u00fa, esta vez se llevar\u00e1 a cabo en Brasil del 24 de abril al 5 de mayo de 2019.\" \/>\n<meta property=\"og:site_name\" content=\"Notiagro\" \/>\n<meta property=\"article:published_time\" content=\"2019-04-12T19:20:34+00:00\" \/>\n<meta property=\"og:image\" content=\"https:\/\/www.agromundo.co\/blog\/wp-content\/uploads\/2019\/04\/Asocebu-Brasil.jpg\" \/>\n\t<meta property=\"og:image:width\" content=\"300\" \/>\n\t<meta property=\"og:image:height\" content=\"205\" \/>\n<meta name=\"twitter:label1\" content=\"Escrito por\" \/>\n\t<meta name=\"twitter:data1\" content=\"admin\" \/>\n\t<meta name=\"twitter:label2\" content=\"Tiempo de lectura\" \/>\n\t<meta name=\"twitter:data2\" content=\"2 minutos\" \/>\n<script type=\"application\/ld+json\" class=\"yoast-schema-graph\">{\"@context\":\"https:\/\/schema.org\",\"@graph\":[{\"@type\":\"WebSite\",\"@id\":\"https:\/\/www.agromundo.co\/blog\/#website\",\"url\":\"https:\/\/www.agromundo.co\/blog\/\",\"name\":\"Notiagro\",\"description\":\"Noticias y eventos sector agropecuario colombiano\",\"potentialAction\":[{\"@type\":\"SearchAction\",\"target\":{\"@type\":\"EntryPoint\",\"urlTemplate\":\"https:\/\/www.agromundo.co\/blog\/?s={search_term_string}\"},\"query-input\":\"required name=search_term_string\"}],\"inLanguage\":\"es\"},{\"@type\":\"ImageObject\",\"@id\":\"#primaryimage\",\"inLanguage\":\"es\",\"url\":\"https:\/\/www.agromundo.co\/blog\/wp-content\/uploads\/2019\/04\/Asocebu-Brasil.jpg\",\"contentUrl\":\"https:\/\/www.agromundo.co\/blog\/wp-content\/uploads\/2019\/04\/Asocebu-Brasil.jpg\",\"width\":300,\"height\":205},{\"@type\":\"WebPage\",\"@id\":\"#webpage\",\"url\":null,\"name\":\"Asoceb\\u00fa Brasil del 24 de abril al 5 de mayo de 2019 - Notiagro\",\"isPartOf\":{\"@id\":\"https:\/\/www.agromundo.co\/blog\/#website\"},\"primaryImageOfPage\":{\"@id\":\"#primaryimage\"},\"datePublished\":\"2019-04-12T19:20:34+00:00\",\"dateModified\":\"2019-04-12T19:20:34+00:00\",\"author\":{\"@id\":\"https:\/\/www.agromundo.co\/blog\/#\/schema\/person\/3e07d858c3c7a93ebf4ad3785559d35d\"},\"description\":\"Asoceb\\u00fa Brasil. La gira ganadera que anualmente es organizada Asoceb\\u00fa, esta vez se llevar\\u00e1 a cabo en Brasil del 24 de abril al 5 de mayo de 2019.\",\"breadcrumb\":{\"@id\":\"#breadcrumb\"},\"inLanguage\":\"es\",\"potentialAction\":[{\"@type\":\"ReadAction\",\"target\":[null]}]},{\"@type\":\"BreadcrumbList\",\"@id\":\"#breadcrumb\",\"itemListElement\":[{\"@type\":\"ListItem\",\"position\":1,\"name\":\"Portada\",\"item\":\"https:\/\/www.agromundo.co\/blog\/\"},{\"@type\":\"ListItem\",\"position\":2,\"name\":\"Asoceb\\u00fa Brasil del 24 de abril al 5 de mayo de 2019\"}]},{\"@type\":\"Person\",\"@id\":\"https:\/\/www.agromundo.co\/blog\/#\/schema\/person\/3e07d858c3c7a93ebf4ad3785559d35d\",\"name\":\"admin\",\"image\":{\"@type\":\"ImageObject\",\"@id\":\"https:\/\/www.agromundo.co\/blog\/#personlogo\",\"inLanguage\":\"es\",\"url\":\"https:\/\/secure.gravatar.com\/avatar\/f990c4c6d966ea7f7bec9cc10bcda5ce?s=96&d=mm&r=g\",\"contentUrl\":\"https:\/\/secure.gravatar.com\/avatar\/f990c4c6d966ea7f7bec9cc10bcda5ce?s=96&d=mm&r=g\",\"caption\":\"admin\"},\"url\":\"https:\/\/www.agromundo.co\/blog\/author\/admin\/\"}]}<\/script>\n<!-- \/ Yoast SEO plugin. -->","yoast_head_json":{"description":"Asoceb\u00fa Brasil. La gira ganadera que anualmente es organizada Asoceb\u00fa, esta vez se llevar\u00e1 a cabo en Brasil del 24 de abril al 5 de mayo de 2019.","robots":{"index":"index","follow":"follow","max-snippet":"max-snippet:-1","max-image-preview":"max-image-preview:large","max-video-preview":"max-video-preview:-1"},"og_locale":"es_ES","og_type":"article","og_title":"Asoceb\u00fa Brasil del 24 de abril al 5 de mayo de 2019 - Notiagro","og_description":"Asoceb\u00fa Brasil. La gira ganadera que anualmente es organizada Asoceb\u00fa, esta vez se llevar\u00e1 a cabo en Brasil del 24 de abril al 5 de mayo de 2019.","og_site_name":"Notiagro","article_published_time":"2019-04-12T19:20:34+00:00","og_image":[{"width":300,"height":205,"url":"https:\/\/www.agromundo.co\/blog\/wp-content\/uploads\/2019\/04\/Asocebu-Brasil.jpg","type":"image\/jpeg"}],"twitter_misc":{"Escrito por":"admin","Tiempo de lectura":"2 minutos"},"schema":{"@context":"https:\/\/schema.org","@graph":[{"@type":"WebSite","@id":"https:\/\/www.agromundo.co\/blog\/#website","url":"https:\/\/www.agromundo.co\/blog\/","name":"Notiagro","description":"Noticias y eventos sector agropecuario colombiano","potentialAction":[{"@type":"SearchAction","target":{"@type":"EntryPoint","urlTemplate":"https:\/\/www.agromundo.co\/blog\/?s={search_term_string}"},"query-input":"required name=search_term_string"}],"inLanguage":"es"},{"@type":"ImageObject","@id":"#primaryimage","inLanguage":"es","url":"https:\/\/www.agromundo.co\/blog\/wp-content\/uploads\/2019\/04\/Asocebu-Brasil.jpg","contentUrl":"https:\/\/www.agromundo.co\/blog\/wp-content\/uploads\/2019\/04\/Asocebu-Brasil.jpg","width":300,"height":205},{"@type":"WebPage","@id":"#webpage","url":null,"name":"Asoceb\u00fa Brasil del 24 de abril al 5 de mayo de 2019 - Notiagro","isPartOf":{"@id":"https:\/\/www.agromundo.co\/blog\/#website"},"primaryImageOfPage":{"@id":"#primaryimage"},"datePublished":"2019-04-12T19:20:34+00:00","dateModified":"2019-04-12T19:20:34+00:00","author":{"@id":"https:\/\/www.agromundo.co\/blog\/#\/schema\/person\/3e07d858c3c7a93ebf4ad3785559d35d"},"description":"Asoceb\u00fa Brasil. La gira ganadera que anualmente es organizada Asoceb\u00fa, esta vez se llevar\u00e1 a cabo en Brasil del 24 de abril al 5 de mayo de 2019.","breadcrumb":{"@id":"#breadcrumb"},"inLanguage":"es","potentialAction":[{"@type":"ReadAction","target":[null]}]},{"@type":"BreadcrumbList","@id":"#breadcrumb","itemListElement":[{"@type":"ListItem","position":1,"name":"Portada","item":"https:\/\/www.agromundo.co\/blog\/"},{"@type":"ListItem","position":2,"name":"Asoceb\u00fa Brasil del 24 de abril al 5 de mayo de 2019"}]},{"@type":"Person","@id":"https:\/\/www.agromundo.co\/blog\/#\/schema\/person\/3e07d858c3c7a93ebf4ad3785559d35d","name":"admin","image":{"@type":"ImageObject","@id":"https:\/\/www.agromundo.co\/blog\/#personlogo","inLanguage":"es","url":"https:\/\/secure.gravatar.com\/avatar\/f990c4c6d966ea7f7bec9cc10bcda5ce?s=96&d=mm&r=g","contentUrl":"https:\/\/secure.gravatar.com\/avatar\/f990c4c6d966ea7f7bec9cc10bcda5ce?s=96&d=mm&r=g","caption":"admin"},"url":"https:\/\/www.agromundo.co\/blog\/author\/admin\/"}]}},"_links":{"self":[{"href":"https:\/\/www.agromundo.co\/blog\/wp-json\/wp\/v2\/posts\/7838"}],"collection":[{"href":"https:\/\/www.agromundo.co\/blog\/wp-json\/wp\/v2\/posts"}],"about":[{"href":"https:\/\/www.agromundo.co\/blog\/wp-json\/wp\/v2\/types\/post"}],"author":[{"embeddable":true,"href":"https:\/\/www.agromundo.co\/blog\/wp-json\/wp\/v2\/users\/1"}],"replies":[{"embeddable":true,"href":"https:\/\/www.agromundo.co\/blog\/wp-json\/wp\/v2\/comments?post=7838"}],"version-history":[{"count":2,"href":"https:\/\/www.agromundo.co\/blog\/wp-json\/wp\/v2\/posts\/7838\/revisions"}],"predecessor-version":[{"id":7841,"href":"https:\/\/www.agromundo.co\/blog\/wp-json\/wp\/v2\/posts\/7838\/revisions\/7841"}],"wp:featuredmedia":[{"embeddable":true,"href":"https:\/\/www.agromundo.co\/blog\/wp-json\/wp\/v2\/media\/7840"}],"wp:attachment":[{"href":"https:\/\/www.agromundo.co\/blog\/wp-json\/wp\/v2\/media?parent=7838"}],"wp:term":[{"taxonomy":"category","embeddable":true,"href":"https:\/\/www.agromundo.co\/blog\/wp-json\/wp\/v2\/categories?post=7838"},{"taxonomy":"post_tag","embeddable":true,"href":"https:\/\/www.agromundo.co\/blog\/wp-json\/wp\/v2\/tags?post=7838"}],"curies":[{"name":"wp","href":"https:\/\/api.w.org\/{rel}","templated":true}]}}