{"id":7842,"date":"2019-04-15T18:42:20","date_gmt":"2019-04-15T18:42:20","guid":{"rendered":"http:\/\/www.agromundo.co\/blog\/?p=7842"},"modified":"2019-04-15T18:42:20","modified_gmt":"2019-04-15T18:42:20","slug":"10-congreso-nacional-hortifruticola","status":"publish","type":"post","link":"https:\/\/www.agromundo.co\/blog\/10-congreso-nacional-hortifruticola\/","title":{"rendered":"10\u00b0 Congreso nacional hortifrut\u00edcola en Bogot\u00e1"},"content":{"rendered":"<p>Congreso nacional hortifrut\u00edcola<\/p>\n<div id=\"attachment_7843\" style=\"width: 310px\" class=\"wp-caption aligncenter\"><img aria-describedby=\"caption-attachment-7843\" loading=\"lazy\" class=\"wp-image-7843 size-medium\" title=\"Congreso nacional hortifrut\u00edcola\" src=\"http:\/\/www.agromundo.co\/blog\/wp-content\/uploads\/2019\/04\/Congreso-nacional-hortifruticola-300x205.jpg\" alt=\"Congreso nacional hortifruticola\" width=\"300\" height=\"205\" \/><p id=\"caption-attachment-7843\" class=\"wp-caption-text\">Congreso nacional hortifrut\u00edcola. Foto: cortesia<\/p><\/div>\n<p style=\"padding-left: 30px;\">\u2981 <em>El Fondo Nacional de Fomento Hortifrut\u00edcola y La Asociaci\u00f3n Hortifrut\u00edcola de Colombia (Asohofrucol), con el apoyo del Ministerio de Agricultura y Desarrollo Rural y de entidades regionales y nacionales realizar\u00e1n el pr\u00f3ximo 26 de abril de 2019 en Bogot\u00e1 el 10\u00b0 Congreso Nacional Hortifrut\u00edcola: Colombia potencia exportadora.<\/em><\/p>\n<p>El gerente de Asohofrucol, \u00c1lvaro Ernesto Palacio Pel\u00e1ez, dijo que este espacio acad\u00e9mico permitir\u00e1 ofrecer y desarrollar importantes temas con expositores nacionales e internacionales sobre casos reales y exitosos, comercializaci\u00f3n, exportaci\u00f3n, entre otros.<\/p>\n<p>El congreso promete brindar una diversidad de temas que ser\u00e1n abordados por expertos nacionales e internacionales en temas de casos exitosos, exportaci\u00f3n, asociatividad, mercadeo y comercializaci\u00f3n, entre otros.<\/p>\n<p>Indic\u00f3 Palacio que la apertura del congreso estar\u00e1 a cargo del Ministerio de Agricultura y directivos de Asohofrucol.<\/p>\n<p>Por el Ministerio de Industria y Comercio, estar\u00e1 presente Gheidy Gallo Santos, quien abordar\u00e1 el tema del potencial exportador del sector hortifrut\u00edcola colombiano.<\/p>\n<p>Seg\u00fan lo mencion\u00f3 el Gerente de Asohofrucol, la agenda del evento comprender\u00e1 temas como los modelos exitosos en la generaci\u00f3n de valor en cadenas hortifrut\u00edcolas, visi\u00f3n europea y aplicada en Colombia, por parte de un consultor internacional. Adem\u00e1s el potencial exportador, caso de asociatividad y exportaciones de Asopppitaya, agremiaci\u00f3n que representa a productores de frutas tropicales en Colombia.<\/p>\n<p>Adicional a ello el Instituto Colombiano Agropecuario, disertar\u00e1 sobre los aspectos fitosanitarios para la admisibilidad en los mercados de productos hortifrut\u00edcolas.<\/p>\n<p>Finalmente, se plantear\u00e1n temas sobre la log\u00edstica de exportaci\u00f3n y las consideraciones \u00f3ptimas de fertilizaci\u00f3n con lo que se cerrar\u00e1 el congreso, al que se espera que tenga una amplia participaci\u00f3n por parte de productores e interesados.<\/p>\n<p>El congreso nacional hortifrut\u00edcola permitir\u00e1 a los asistentes establecer y fortalecer contactos de utilidad para la producci\u00f3n y comercializaci\u00f3n de sus productos hortifrut\u00edcolas. La finalidad del evento es que los productores de frutas y hortalizas colombianos inicien a trabajar con productos para la exportaci\u00f3n, asegur\u00f3 el Gerente de Asohofrucol.<\/p>\n<p>Para mayor informaci\u00f3n puede comunicarse con Ximena Lozano a los tel\u00e9fonos (1) 281 01 26 o 310 200 37 08 o al correo electr\u00f3nico: ximena.lozano@asohofrucol.com.co<\/p>\n<p>Costo del evento: $200.000 (IVA incluido).<br \/>\nLugar: Sal\u00f3n Rojo del Hotel Tequendama. Bogot\u00e1.<br \/>\nFecha: abril 26 de 2019.<\/p>\n<p>Fuente: Adaptado de CONtexto Ganadero.<br \/>\nCon el patrocinio de:<\/p>\n<div id=\"attachment_7735\" style=\"width: 146px\" class=\"wp-caption alignleft\"><a href=\"http:\/\/www.agromundo.co\/microfertisa.html\"><img aria-describedby=\"caption-attachment-7735\" loading=\"lazy\" class=\"wp-image-7735 size-full\" src=\"http:\/\/www.agromundo.co\/blog\/wp-content\/uploads\/2019\/03\/Fertilizantes-Microfertisa.jpg\" alt=\"Fertilizantes Microfertisa\" width=\"136\" height=\"120\" \/><\/a><p id=\"caption-attachment-7735\" class=\"wp-caption-text\">Fertilizantes Microfertisa<\/p><\/div>\n<div id=\"attachment_7807\" style=\"width: 130px\" class=\"wp-caption alignright\"><a href=\"http:\/\/www.agromundo.co\/herramienta-agricola.html\"><img aria-describedby=\"caption-attachment-7807\" loading=\"lazy\" class=\"wp-image-7807 size-full\" src=\"http:\/\/www.agromundo.co\/blog\/wp-content\/uploads\/2019\/04\/Equipos-y-herramientas-para-el-agro.jpg\" alt=\"Equipos y herramientas para el agro\" width=\"120\" height=\"120\" \/><\/a><p id=\"caption-attachment-7807\" class=\"wp-caption-text\">Equipos y herramientas para el agro<\/p><\/div>\n","protected":false},"excerpt":{"rendered":"<p>Congreso nacional hortifrut\u00edcola \u2981 El Fondo Nacional de Fomento Hortifrut\u00edcola y La Asociaci\u00f3n Hortifrut\u00edcola de Colombia (Asohofrucol), con el apoyo del Ministerio de Agricultura y Desarrollo Rural y de entidades regionales y nacionales realizar\u00e1n el pr\u00f3ximo 26 de abril de 2019 en Bogot\u00e1 el 10\u00b0 Congreso Nacional Hortifrut\u00edcola: Colombia potencia exportadora. El gerente de Asohofrucol, [&hellip;]<\/p>\n","protected":false},"author":1,"featured_media":7843,"comment_status":"open","ping_status":"open","sticky":false,"template":"","format":"standard","meta":[],"categories":[5,17,3,11],"tags":[4123,4122,1047,449,1586,2263],"yoast_head":"<!-- This site is optimized with the Yoast SEO plugin v17.3 - https:\/\/yoast.com\/wordpress\/plugins\/seo\/ -->\n<meta name=\"description\" content=\"El pr\u00f3ximo 26 de abril de 2019 se realizar\u00e1 en Bogot\u00e1 el 10\u00b0 Congreso Nacional Hortifrut\u00edcola: Colombia potencia exportadora.\" \/>\n<meta name=\"robots\" content=\"index, follow, max-snippet:-1, max-image-preview:large, max-video-preview:-1\" \/>\n<meta property=\"og:locale\" content=\"es_ES\" \/>\n<meta property=\"og:type\" content=\"article\" \/>\n<meta property=\"og:title\" content=\"10\u00b0 Congreso nacional hortifrut\u00edcola en Bogot\u00e1 - Notiagro\" \/>\n<meta property=\"og:description\" content=\"El pr\u00f3ximo 26 de abril de 2019 se realizar\u00e1 en Bogot\u00e1 el 10\u00b0 Congreso Nacional Hortifrut\u00edcola: Colombia potencia exportadora.\" \/>\n<meta property=\"og:site_name\" content=\"Notiagro\" \/>\n<meta property=\"article:published_time\" content=\"2019-04-15T18:42:20+00:00\" \/>\n<meta property=\"og:image\" content=\"https:\/\/www.agromundo.co\/blog\/wp-content\/uploads\/2019\/04\/Congreso-nacional-hortifruticola.jpg\" \/>\n\t<meta property=\"og:image:width\" content=\"300\" \/>\n\t<meta property=\"og:image:height\" content=\"205\" \/>\n<meta name=\"twitter:label1\" content=\"Escrito por\" \/>\n\t<meta name=\"twitter:data1\" content=\"admin\" \/>\n\t<meta name=\"twitter:label2\" content=\"Tiempo de lectura\" \/>\n\t<meta name=\"twitter:data2\" content=\"2 minutos\" \/>\n<script type=\"application\/ld+json\" class=\"yoast-schema-graph\">{\"@context\":\"https:\/\/schema.org\",\"@graph\":[{\"@type\":\"WebSite\",\"@id\":\"https:\/\/www.agromundo.co\/blog\/#website\",\"url\":\"https:\/\/www.agromundo.co\/blog\/\",\"name\":\"Notiagro\",\"description\":\"Noticias y eventos sector agropecuario colombiano\",\"potentialAction\":[{\"@type\":\"SearchAction\",\"target\":{\"@type\":\"EntryPoint\",\"urlTemplate\":\"https:\/\/www.agromundo.co\/blog\/?s={search_term_string}\"},\"query-input\":\"required name=search_term_string\"}],\"inLanguage\":\"es\"},{\"@type\":\"ImageObject\",\"@id\":\"#primaryimage\",\"inLanguage\":\"es\",\"url\":\"https:\/\/www.agromundo.co\/blog\/wp-content\/uploads\/2019\/04\/Congreso-nacional-hortifruticola.jpg\",\"contentUrl\":\"https:\/\/www.agromundo.co\/blog\/wp-content\/uploads\/2019\/04\/Congreso-nacional-hortifruticola.jpg\",\"width\":300,\"height\":205},{\"@type\":\"WebPage\",\"@id\":\"#webpage\",\"url\":null,\"name\":\"10\\u00b0 Congreso nacional hortifrut\\u00edcola en Bogot\\u00e1 - Notiagro\",\"isPartOf\":{\"@id\":\"https:\/\/www.agromundo.co\/blog\/#website\"},\"primaryImageOfPage\":{\"@id\":\"#primaryimage\"},\"datePublished\":\"2019-04-15T18:42:20+00:00\",\"dateModified\":\"2019-04-15T18:42:20+00:00\",\"author\":{\"@id\":\"https:\/\/www.agromundo.co\/blog\/#\/schema\/person\/3e07d858c3c7a93ebf4ad3785559d35d\"},\"description\":\"El pr\\u00f3ximo 26 de abril de 2019 se realizar\\u00e1 en Bogot\\u00e1 el 10\\u00b0 Congreso Nacional Hortifrut\\u00edcola: Colombia potencia exportadora.\",\"breadcrumb\":{\"@id\":\"#breadcrumb\"},\"inLanguage\":\"es\",\"potentialAction\":[{\"@type\":\"ReadAction\",\"target\":[null]}]},{\"@type\":\"BreadcrumbList\",\"@id\":\"#breadcrumb\",\"itemListElement\":[{\"@type\":\"ListItem\",\"position\":1,\"name\":\"Portada\",\"item\":\"https:\/\/www.agromundo.co\/blog\/\"},{\"@type\":\"ListItem\",\"position\":2,\"name\":\"10\\u00b0 Congreso nacional hortifrut\\u00edcola en Bogot\\u00e1\"}]},{\"@type\":\"Person\",\"@id\":\"https:\/\/www.agromundo.co\/blog\/#\/schema\/person\/3e07d858c3c7a93ebf4ad3785559d35d\",\"name\":\"admin\",\"image\":{\"@type\":\"ImageObject\",\"@id\":\"https:\/\/www.agromundo.co\/blog\/#personlogo\",\"inLanguage\":\"es\",\"url\":\"https:\/\/secure.gravatar.com\/avatar\/f990c4c6d966ea7f7bec9cc10bcda5ce?s=96&d=mm&r=g\",\"contentUrl\":\"https:\/\/secure.gravatar.com\/avatar\/f990c4c6d966ea7f7bec9cc10bcda5ce?s=96&d=mm&r=g\",\"caption\":\"admin\"},\"url\":\"https:\/\/www.agromundo.co\/blog\/author\/admin\/\"}]}<\/script>\n<!-- \/ Yoast SEO plugin. -->","yoast_head_json":{"description":"El pr\u00f3ximo 26 de abril de 2019 se realizar\u00e1 en Bogot\u00e1 el 10\u00b0 Congreso Nacional Hortifrut\u00edcola: Colombia potencia exportadora.","robots":{"index":"index","follow":"follow","max-snippet":"max-snippet:-1","max-image-preview":"max-image-preview:large","max-video-preview":"max-video-preview:-1"},"og_locale":"es_ES","og_type":"article","og_title":"10\u00b0 Congreso nacional hortifrut\u00edcola en Bogot\u00e1 - Notiagro","og_description":"El pr\u00f3ximo 26 de abril de 2019 se realizar\u00e1 en Bogot\u00e1 el 10\u00b0 Congreso Nacional Hortifrut\u00edcola: Colombia potencia exportadora.","og_site_name":"Notiagro","article_published_time":"2019-04-15T18:42:20+00:00","og_image":[{"width":300,"height":205,"url":"https:\/\/www.agromundo.co\/blog\/wp-content\/uploads\/2019\/04\/Congreso-nacional-hortifruticola.jpg","type":"image\/jpeg"}],"twitter_misc":{"Escrito por":"admin","Tiempo de lectura":"2 minutos"},"schema":{"@context":"https:\/\/schema.org","@graph":[{"@type":"WebSite","@id":"https:\/\/www.agromundo.co\/blog\/#website","url":"https:\/\/www.agromundo.co\/blog\/","name":"Notiagro","description":"Noticias y eventos sector agropecuario colombiano","potentialAction":[{"@type":"SearchAction","target":{"@type":"EntryPoint","urlTemplate":"https:\/\/www.agromundo.co\/blog\/?s={search_term_string}"},"query-input":"required name=search_term_string"}],"inLanguage":"es"},{"@type":"ImageObject","@id":"#primaryimage","inLanguage":"es","url":"https:\/\/www.agromundo.co\/blog\/wp-content\/uploads\/2019\/04\/Congreso-nacional-hortifruticola.jpg","contentUrl":"https:\/\/www.agromundo.co\/blog\/wp-content\/uploads\/2019\/04\/Congreso-nacional-hortifruticola.jpg","width":300,"height":205},{"@type":"WebPage","@id":"#webpage","url":null,"name":"10\u00b0 Congreso nacional hortifrut\u00edcola en Bogot\u00e1 - Notiagro","isPartOf":{"@id":"https:\/\/www.agromundo.co\/blog\/#website"},"primaryImageOfPage":{"@id":"#primaryimage"},"datePublished":"2019-04-15T18:42:20+00:00","dateModified":"2019-04-15T18:42:20+00:00","author":{"@id":"https:\/\/www.agromundo.co\/blog\/#\/schema\/person\/3e07d858c3c7a93ebf4ad3785559d35d"},"description":"El pr\u00f3ximo 26 de abril de 2019 se realizar\u00e1 en Bogot\u00e1 el 10\u00b0 Congreso Nacional Hortifrut\u00edcola: Colombia potencia exportadora.","breadcrumb":{"@id":"#breadcrumb"},"inLanguage":"es","potentialAction":[{"@type":"ReadAction","target":[null]}]},{"@type":"BreadcrumbList","@id":"#breadcrumb","itemListElement":[{"@type":"ListItem","position":1,"name":"Portada","item":"https:\/\/www.agromundo.co\/blog\/"},{"@type":"ListItem","position":2,"name":"10\u00b0 Congreso nacional hortifrut\u00edcola en Bogot\u00e1"}]},{"@type":"Person","@id":"https:\/\/www.agromundo.co\/blog\/#\/schema\/person\/3e07d858c3c7a93ebf4ad3785559d35d","name":"admin","image":{"@type":"ImageObject","@id":"https:\/\/www.agromundo.co\/blog\/#personlogo","inLanguage":"es","url":"https:\/\/secure.gravatar.com\/avatar\/f990c4c6d966ea7f7bec9cc10bcda5ce?s=96&d=mm&r=g","contentUrl":"https:\/\/secure.gravatar.com\/avatar\/f990c4c6d966ea7f7bec9cc10bcda5ce?s=96&d=mm&r=g","caption":"admin"},"url":"https:\/\/www.agromundo.co\/blog\/author\/admin\/"}]}},"_links":{"self":[{"href":"https:\/\/www.agromundo.co\/blog\/wp-json\/wp\/v2\/posts\/7842"}],"collection":[{"href":"https:\/\/www.agromundo.co\/blog\/wp-json\/wp\/v2\/posts"}],"about":[{"href":"https:\/\/www.agromundo.co\/blog\/wp-json\/wp\/v2\/types\/post"}],"author":[{"embeddable":true,"href":"https:\/\/www.agromundo.co\/blog\/wp-json\/wp\/v2\/users\/1"}],"replies":[{"embeddable":true,"href":"https:\/\/www.agromundo.co\/blog\/wp-json\/wp\/v2\/comments?post=7842"}],"version-history":[{"count":1,"href":"https:\/\/www.agromundo.co\/blog\/wp-json\/wp\/v2\/posts\/7842\/revisions"}],"predecessor-version":[{"id":7844,"href":"https:\/\/www.agromundo.co\/blog\/wp-json\/wp\/v2\/posts\/7842\/revisions\/7844"}],"wp:featuredmedia":[{"embeddable":true,"href":"https:\/\/www.agromundo.co\/blog\/wp-json\/wp\/v2\/media\/7843"}],"wp:attachment":[{"href":"https:\/\/www.agromundo.co\/blog\/wp-json\/wp\/v2\/media?parent=7842"}],"wp:term":[{"taxonomy":"category","embeddable":true,"href":"https:\/\/www.agromundo.co\/blog\/wp-json\/wp\/v2\/categories?post=7842"},{"taxonomy":"post_tag","embeddable":true,"href":"https:\/\/www.agromundo.co\/blog\/wp-json\/wp\/v2\/tags?post=7842"}],"curies":[{"name":"wp","href":"https:\/\/api.w.org\/{rel}","templated":true}]}}