{"id":8096,"date":"2019-08-02T19:14:42","date_gmt":"2019-08-02T19:14:42","guid":{"rendered":"http:\/\/www.agromundo.co\/blog\/?p=8096"},"modified":"2019-08-02T19:14:42","modified_gmt":"2019-08-02T19:14:42","slug":"la-medra-termino-ganadero","status":"publish","type":"post","link":"https:\/\/www.agromundo.co\/blog\/la-medra-termino-ganadero\/","title":{"rendered":"La medra. T\u00e9rmino ganadero sobre la condici\u00f3n de los bovinos"},"content":{"rendered":"<p>Medra<\/p>\n<div id=\"attachment_8098\" style=\"width: 310px\" class=\"wp-caption aligncenter\"><img aria-describedby=\"caption-attachment-8098\" loading=\"lazy\" class=\"wp-image-8098 size-medium\" title=\"Medra\" src=\"http:\/\/www.agromundo.co\/blog\/wp-content\/uploads\/2019\/08\/Medra-300x205.jpg\" alt=\"Medra\" width=\"300\" height=\"205\" \/><p id=\"caption-attachment-8098\" class=\"wp-caption-text\">Medra. Foto: eldiariomontanes.es &#8211; ganaderiaensonora.blogspot.com<\/p><\/div>\n<ul>\n<li><em>Decir que un bovino est\u00e1 medrado est\u00e1 relacionado con factores como la alimentaci\u00f3n, el buen ambiente, el control sanitario, entre otros aspectos que son fundamentales para el buen desarrollo de los animales, en los aspectos productivo y en reproductivo.<\/em><\/li>\n<\/ul>\n<p>El m\u00e9dico veterinario y zootecnista de Puerto Boyac\u00e1, Fredy Jurado, explic\u00f3 que, la medra en la ganader\u00eda se refiere a la capacidad de adaptaci\u00f3n al medio ambiente, a la alimentaci\u00f3n que se les suministra, es decir, lo que tiene al ganado en buenas condiciones.<\/p>\n<p>En definitiva, un ganado bien medrado, es un animal que se encuentra bien alimentado, dispone de buenas condiciones de manejo tanto nutricional, como en el manejo por parte de las personas que realizan las labores de mantenimiento del ganado.<\/p>\n<p>Conocer estos t\u00e9rminos utilizados en la ganader\u00eda, permiten la familiarizaci\u00f3n y el desarrollo de esta actividad.<\/p>\n<p>Para que un animal cuente con buena medra, debe mostrar una buena condici\u00f3n corporal, encontrarse bien reproductivamente, su pelo estar brillante, entre otros aspectos f\u00edsicos.<\/p>\n<p>Existe tambi\u00e9n el concepto de desmedrado que corresponde a todo lo contrario, es decir, cuando el animal se aprecia en malas condiciones, est\u00e1 delgado, no se encuentra adaptado a la hacienda o al medio ambiente en el que se encuentra.<\/p>\n<p>Seg\u00fan Jurado, un claro ejemplo para definir este concepto, es lo que puede ocurrir cuando un ganado de clima fr\u00edo de 2.000 o 2.100 metros de altura sobre el nivel del mar, se traslada a 150 metros, lo que sucede es que el animal se va a sentir mal, no presentar\u00e1 buenas condiciones corporales, lo afecta el medio ambiente, el ganado se encuentra delgado, sofocado, de pelo \u00e1spero y enfermo.<\/p>\n<p>Finalmente, vale resaltar la importancia de mantener las Buenas Pr\u00e1cticas Ganaderas (BPG), las cuales consideran las acciones de la ganader\u00eda bovina orientadas al aseguramiento de la inocuidad de la leche y la carne, as\u00ed como la protecci\u00f3n del medio ambiente y de las personas que laboran en la actividad.<\/p>\n<p>Fuente: Adaptado de CONtexto ganadero.<\/p>\n<p>Con el patrocinio de:<\/p>\n<div id=\"attachment_7823\" style=\"width: 130px\" class=\"wp-caption alignleft\"><a href=\"http:\/\/www.agromundo.co\/pisos-en-caucho-para-salas-de-ordeno-y-pesebrera.html\"><img aria-describedby=\"caption-attachment-7823\" loading=\"lazy\" class=\"wp-image-7823 size-full\" src=\"http:\/\/www.agromundo.co\/blog\/wp-content\/uploads\/2019\/04\/Pisos-para-salas-de-orde\u00f1o-Plastigoma-1.jpg\" alt=\"Pisos-para-salas-de-orde\u00f1o-Plastigoma-1\" width=\"120\" height=\"120\" \/><\/a><p id=\"caption-attachment-7823\" class=\"wp-caption-text\">Pisos de caucho vulcanizado para ganader\u00eda<\/p><\/div>\n<div id=\"attachment_8097\" style=\"width: 131px\" class=\"wp-caption alignright\"><a href=\"http:\/\/www.agromundo.co\/ventiladores-industriales-colombia.html\"><img aria-describedby=\"caption-attachment-8097\" loading=\"lazy\" class=\"wp-image-8097 size-full\" src=\"http:\/\/www.agromundo.co\/blog\/wp-content\/uploads\/2019\/08\/B-36.jpg\" alt=\"Ventiladores para ganader\u00eda\" width=\"121\" height=\"120\" \/><\/a><p id=\"caption-attachment-8097\" class=\"wp-caption-text\">Ventiladores para ganader\u00eda<\/p><\/div>\n","protected":false},"excerpt":{"rendered":"<p>Medra Decir que un bovino est\u00e1 medrado est\u00e1 relacionado con factores como la alimentaci\u00f3n, el buen ambiente, el control sanitario, entre otros aspectos que son fundamentales para el buen desarrollo de los animales, en los aspectos productivo y en reproductivo. El m\u00e9dico veterinario y zootecnista de Puerto Boyac\u00e1, Fredy Jurado, explic\u00f3 que, la medra en [&hellip;]<\/p>\n","protected":false},"author":1,"featured_media":8098,"comment_status":"open","ping_status":"open","sticky":false,"template":"","format":"standard","meta":[],"categories":[21,3,6],"tags":[4311,153,1628,4312,4310],"yoast_head":"<!-- This site is optimized with the Yoast SEO plugin v17.3 - https:\/\/yoast.com\/wordpress\/plugins\/seo\/ -->\n<meta name=\"description\" content=\"La medra en la ganader\u00eda se refiere a la capacidad de adaptaci\u00f3n al medio ambiente y la alimentaci\u00f3n que se les suministra.\" \/>\n<meta name=\"robots\" content=\"index, follow, max-snippet:-1, max-image-preview:large, max-video-preview:-1\" \/>\n<meta property=\"og:locale\" content=\"es_ES\" \/>\n<meta property=\"og:type\" content=\"article\" \/>\n<meta property=\"og:title\" content=\"La medra. T\u00e9rmino ganadero sobre la condici\u00f3n de los bovinos - Notiagro\" \/>\n<meta property=\"og:description\" content=\"La medra en la ganader\u00eda se refiere a la capacidad de adaptaci\u00f3n al medio ambiente y la alimentaci\u00f3n que se les suministra.\" \/>\n<meta property=\"og:site_name\" content=\"Notiagro\" \/>\n<meta property=\"article:published_time\" content=\"2019-08-02T19:14:42+00:00\" \/>\n<meta property=\"og:image\" content=\"https:\/\/www.agromundo.co\/blog\/wp-content\/uploads\/2019\/08\/Medra.jpg\" \/>\n\t<meta property=\"og:image:width\" content=\"300\" \/>\n\t<meta property=\"og:image:height\" content=\"205\" \/>\n<meta name=\"twitter:label1\" content=\"Escrito por\" \/>\n\t<meta name=\"twitter:data1\" content=\"admin\" \/>\n\t<meta name=\"twitter:label2\" content=\"Tiempo de lectura\" \/>\n\t<meta name=\"twitter:data2\" content=\"2 minutos\" \/>\n<script type=\"application\/ld+json\" class=\"yoast-schema-graph\">{\"@context\":\"https:\/\/schema.org\",\"@graph\":[{\"@type\":\"WebSite\",\"@id\":\"https:\/\/www.agromundo.co\/blog\/#website\",\"url\":\"https:\/\/www.agromundo.co\/blog\/\",\"name\":\"Notiagro\",\"description\":\"Noticias y eventos sector agropecuario colombiano\",\"potentialAction\":[{\"@type\":\"SearchAction\",\"target\":{\"@type\":\"EntryPoint\",\"urlTemplate\":\"https:\/\/www.agromundo.co\/blog\/?s={search_term_string}\"},\"query-input\":\"required name=search_term_string\"}],\"inLanguage\":\"es\"},{\"@type\":\"ImageObject\",\"@id\":\"#primaryimage\",\"inLanguage\":\"es\",\"url\":\"https:\/\/www.agromundo.co\/blog\/wp-content\/uploads\/2019\/08\/Medra.jpg\",\"contentUrl\":\"https:\/\/www.agromundo.co\/blog\/wp-content\/uploads\/2019\/08\/Medra.jpg\",\"width\":300,\"height\":205},{\"@type\":\"WebPage\",\"@id\":\"#webpage\",\"url\":null,\"name\":\"La medra. T\\u00e9rmino ganadero sobre la condici\\u00f3n de los bovinos - Notiagro\",\"isPartOf\":{\"@id\":\"https:\/\/www.agromundo.co\/blog\/#website\"},\"primaryImageOfPage\":{\"@id\":\"#primaryimage\"},\"datePublished\":\"2019-08-02T19:14:42+00:00\",\"dateModified\":\"2019-08-02T19:14:42+00:00\",\"author\":{\"@id\":\"https:\/\/www.agromundo.co\/blog\/#\/schema\/person\/3e07d858c3c7a93ebf4ad3785559d35d\"},\"description\":\"La medra en la ganader\\u00eda se refiere a la capacidad de adaptaci\\u00f3n al medio ambiente y la alimentaci\\u00f3n que se les suministra.\",\"breadcrumb\":{\"@id\":\"#breadcrumb\"},\"inLanguage\":\"es\",\"potentialAction\":[{\"@type\":\"ReadAction\",\"target\":[null]}]},{\"@type\":\"BreadcrumbList\",\"@id\":\"#breadcrumb\",\"itemListElement\":[{\"@type\":\"ListItem\",\"position\":1,\"name\":\"Portada\",\"item\":\"https:\/\/www.agromundo.co\/blog\/\"},{\"@type\":\"ListItem\",\"position\":2,\"name\":\"La medra. T\\u00e9rmino ganadero sobre la condici\\u00f3n de los bovinos\"}]},{\"@type\":\"Person\",\"@id\":\"https:\/\/www.agromundo.co\/blog\/#\/schema\/person\/3e07d858c3c7a93ebf4ad3785559d35d\",\"name\":\"admin\",\"image\":{\"@type\":\"ImageObject\",\"@id\":\"https:\/\/www.agromundo.co\/blog\/#personlogo\",\"inLanguage\":\"es\",\"url\":\"https:\/\/secure.gravatar.com\/avatar\/f990c4c6d966ea7f7bec9cc10bcda5ce?s=96&d=mm&r=g\",\"contentUrl\":\"https:\/\/secure.gravatar.com\/avatar\/f990c4c6d966ea7f7bec9cc10bcda5ce?s=96&d=mm&r=g\",\"caption\":\"admin\"},\"url\":\"https:\/\/www.agromundo.co\/blog\/author\/admin\/\"}]}<\/script>\n<!-- \/ Yoast SEO plugin. -->","yoast_head_json":{"description":"La medra en la ganader\u00eda se refiere a la capacidad de adaptaci\u00f3n al medio ambiente y la alimentaci\u00f3n que se les suministra.","robots":{"index":"index","follow":"follow","max-snippet":"max-snippet:-1","max-image-preview":"max-image-preview:large","max-video-preview":"max-video-preview:-1"},"og_locale":"es_ES","og_type":"article","og_title":"La medra. T\u00e9rmino ganadero sobre la condici\u00f3n de los bovinos - Notiagro","og_description":"La medra en la ganader\u00eda se refiere a la capacidad de adaptaci\u00f3n al medio ambiente y la alimentaci\u00f3n que se les suministra.","og_site_name":"Notiagro","article_published_time":"2019-08-02T19:14:42+00:00","og_image":[{"width":300,"height":205,"url":"https:\/\/www.agromundo.co\/blog\/wp-content\/uploads\/2019\/08\/Medra.jpg","type":"image\/jpeg"}],"twitter_misc":{"Escrito por":"admin","Tiempo de lectura":"2 minutos"},"schema":{"@context":"https:\/\/schema.org","@graph":[{"@type":"WebSite","@id":"https:\/\/www.agromundo.co\/blog\/#website","url":"https:\/\/www.agromundo.co\/blog\/","name":"Notiagro","description":"Noticias y eventos sector agropecuario colombiano","potentialAction":[{"@type":"SearchAction","target":{"@type":"EntryPoint","urlTemplate":"https:\/\/www.agromundo.co\/blog\/?s={search_term_string}"},"query-input":"required name=search_term_string"}],"inLanguage":"es"},{"@type":"ImageObject","@id":"#primaryimage","inLanguage":"es","url":"https:\/\/www.agromundo.co\/blog\/wp-content\/uploads\/2019\/08\/Medra.jpg","contentUrl":"https:\/\/www.agromundo.co\/blog\/wp-content\/uploads\/2019\/08\/Medra.jpg","width":300,"height":205},{"@type":"WebPage","@id":"#webpage","url":null,"name":"La medra. T\u00e9rmino ganadero sobre la condici\u00f3n de los bovinos - Notiagro","isPartOf":{"@id":"https:\/\/www.agromundo.co\/blog\/#website"},"primaryImageOfPage":{"@id":"#primaryimage"},"datePublished":"2019-08-02T19:14:42+00:00","dateModified":"2019-08-02T19:14:42+00:00","author":{"@id":"https:\/\/www.agromundo.co\/blog\/#\/schema\/person\/3e07d858c3c7a93ebf4ad3785559d35d"},"description":"La medra en la ganader\u00eda se refiere a la capacidad de adaptaci\u00f3n al medio ambiente y la alimentaci\u00f3n que se les suministra.","breadcrumb":{"@id":"#breadcrumb"},"inLanguage":"es","potentialAction":[{"@type":"ReadAction","target":[null]}]},{"@type":"BreadcrumbList","@id":"#breadcrumb","itemListElement":[{"@type":"ListItem","position":1,"name":"Portada","item":"https:\/\/www.agromundo.co\/blog\/"},{"@type":"ListItem","position":2,"name":"La medra. T\u00e9rmino ganadero sobre la condici\u00f3n de los bovinos"}]},{"@type":"Person","@id":"https:\/\/www.agromundo.co\/blog\/#\/schema\/person\/3e07d858c3c7a93ebf4ad3785559d35d","name":"admin","image":{"@type":"ImageObject","@id":"https:\/\/www.agromundo.co\/blog\/#personlogo","inLanguage":"es","url":"https:\/\/secure.gravatar.com\/avatar\/f990c4c6d966ea7f7bec9cc10bcda5ce?s=96&d=mm&r=g","contentUrl":"https:\/\/secure.gravatar.com\/avatar\/f990c4c6d966ea7f7bec9cc10bcda5ce?s=96&d=mm&r=g","caption":"admin"},"url":"https:\/\/www.agromundo.co\/blog\/author\/admin\/"}]}},"_links":{"self":[{"href":"https:\/\/www.agromundo.co\/blog\/wp-json\/wp\/v2\/posts\/8096"}],"collection":[{"href":"https:\/\/www.agromundo.co\/blog\/wp-json\/wp\/v2\/posts"}],"about":[{"href":"https:\/\/www.agromundo.co\/blog\/wp-json\/wp\/v2\/types\/post"}],"author":[{"embeddable":true,"href":"https:\/\/www.agromundo.co\/blog\/wp-json\/wp\/v2\/users\/1"}],"replies":[{"embeddable":true,"href":"https:\/\/www.agromundo.co\/blog\/wp-json\/wp\/v2\/comments?post=8096"}],"version-history":[{"count":1,"href":"https:\/\/www.agromundo.co\/blog\/wp-json\/wp\/v2\/posts\/8096\/revisions"}],"predecessor-version":[{"id":8099,"href":"https:\/\/www.agromundo.co\/blog\/wp-json\/wp\/v2\/posts\/8096\/revisions\/8099"}],"wp:featuredmedia":[{"embeddable":true,"href":"https:\/\/www.agromundo.co\/blog\/wp-json\/wp\/v2\/media\/8098"}],"wp:attachment":[{"href":"https:\/\/www.agromundo.co\/blog\/wp-json\/wp\/v2\/media?parent=8096"}],"wp:term":[{"taxonomy":"category","embeddable":true,"href":"https:\/\/www.agromundo.co\/blog\/wp-json\/wp\/v2\/categories?post=8096"},{"taxonomy":"post_tag","embeddable":true,"href":"https:\/\/www.agromundo.co\/blog\/wp-json\/wp\/v2\/tags?post=8096"}],"curies":[{"name":"wp","href":"https:\/\/api.w.org\/{rel}","templated":true}]}}