{"id":8158,"date":"2019-08-30T14:16:06","date_gmt":"2019-08-30T14:16:06","guid":{"rendered":"http:\/\/www.agromundo.co\/blog\/?p=8158"},"modified":"2019-08-30T14:18:12","modified_gmt":"2019-08-30T14:18:12","slug":"paso-fino-colombiano-raza-autoctona","status":"publish","type":"post","link":"https:\/\/www.agromundo.co\/blog\/paso-fino-colombiano-raza-autoctona\/","title":{"rendered":"Paso Fino Colombiano. Incluido como raza aut\u00f3ctona"},"content":{"rendered":"<p>Paso Fino Colombiano<\/p>\n<div id=\"attachment_8159\" style=\"width: 310px\" class=\"wp-caption aligncenter\"><img aria-describedby=\"caption-attachment-8159\" loading=\"lazy\" class=\"wp-image-8159 size-medium\" title=\"Paso Fino Colombiano\" src=\"http:\/\/www.agromundo.co\/blog\/wp-content\/uploads\/2019\/08\/Paso-Fino-Colombiano-300x198.jpg\" alt=\"Paso Fino Colombiano\" width=\"300\" height=\"198\" srcset=\"https:\/\/www.agromundo.co\/blog\/wp-content\/uploads\/2019\/08\/Paso-Fino-Colombiano-300x198.jpg 300w, https:\/\/www.agromundo.co\/blog\/wp-content\/uploads\/2019\/08\/Paso-Fino-Colombiano.jpg 311w\" sizes=\"(max-width: 300px) 100vw, 300px\" \/><p id=\"caption-attachment-8159\" class=\"wp-caption-text\">Paso Fino Colombiano<\/p><\/div>\n<ul>\n<li><em>Durante la Expointernacional Equina 2019 se realizaron negocios de caballos y de productos por valor de US$2 millones para el exterior.<\/em><\/li>\n<\/ul>\n<p>En el marco de la versi\u00f3n # 61 de la Exposici\u00f3n Internacional Equina Feria de las Flores 2019, Marcela Urue\u00f1a G\u00f3mez, viceministra de Asuntos Agropecuarios del Ministerio de Agricultura y Desarrollo Rural, inform\u00f3 a productores ligados a la cadena equina, que el Caballo Paso Fino Colombiano ha sido incluido en el Sistema de Informaci\u00f3n sobre la Diversidad de Animales Dom\u00e9sticos (DAD &#8211; IS) de la Organizaci\u00f3n de las Naciones Unidas para la Alimentaci\u00f3n y la Agricultura (FAO).<\/p>\n<p>Afirm\u00f3 la Viceministra que ello se realiza en concordancia con el Plan Nacional de Acci\u00f3n para la Conservaci\u00f3n, Mejoramiento y Utilizaci\u00f3n Sostenible de los Recursos Gen\u00e9ticos Animales de Colombia (RGA), que fue estructurado en el a\u00f1o 2010 y presentado como parte de los compromisos con el Plan Mundial de Alimentaci\u00f3n de la FAO. En consecuencia, el Caballo Paso Fino Colombiano ha sido \u00a0incluido como una de nuestras razas aut\u00f3ctonas y transfronterizas.<\/p>\n<p>Y es que uno de los objetivos del Plan Nacional de Acci\u00f3n para la Conservaci\u00f3n, Mejoramiento y Utilizaci\u00f3n Sostenible de los Recursos Gen\u00e9ticos Animales de Colombia (RGA), es establecer de manera concertada con los diferentes actores, un marco de referencia para el ordenamiento de los recursos gen\u00e9ticos animales del pa\u00eds.<\/p>\n<p>Lo anterior fundamentado en estrategias y medidas que garanticen la conservaci\u00f3n de razas en peligro de extinci\u00f3n, as\u00ed como el mejoramiento gen\u00e9tico de las consolidadas (Caballo Paso Fino Colombiano).<\/p>\n<p>El presidente de Asdesilla Juan Esteban V\u00e9lez, afirm\u00f3 que ellos se sienten orgullosos de que hoy se tienen 46.766 criaderos inscritos, 257.764 equinos registrados, 83.431 en Antioquia haci\u00e9ndola una de las regiones m\u00e1s importantes del gremio. Agreg\u00f3 que es importante resaltar que el sector equino genera unos 130.000 empleos directos y 180.000 indirectos.<\/p>\n<p>Y es que para el a\u00f1o 2018, el PIB de Colombia fue de $854 billones, el aporte del sector agr\u00edcola de $53 billones y el del Caballo Criollo Colombiano represent\u00f3 el 0.64%.<\/p>\n<p>Finalmente, sostuvo la viceministra Urue\u00f1a G\u00f3mez que a finales de julio del 2019 se hizo entrega del informe nacional a la FAO sobre la aplicaci\u00f3n del plan de acci\u00f3n sobre los recursos zoogen\u00e9ticos 2014 &#8211; 2019, lo que nos permitir\u00e1 entre otras, ratificar los lineamientos para el estudio y la declaratoria de una poblaci\u00f3n animal como raza aut\u00f3ctona Colombiana, como lo es el Caballo Paso Fino Colombiano.<\/p>\n<p>De acuerdo con las cifras, actualmente se tienen 89.149 ejemplares del Caballo Paso Fino Colombiano, de ellos 34.634 son machos y 54.515 hembras (yeguas), distribuidos en todo el territorio colombiano y constituyen la base gen\u00e9tica poblacional de las 24 Asociaciones Equinas Regionales.<\/p>\n<p>Durante Expointernacional Equina 2019 se adelantaron negocios de caballos y productos por valor de US$2 millones para el exterior.<\/p>\n<p>&nbsp;<\/p>\n<p>Fuente: Adaptado de Agronegocios de La Rep\u00fablica.<\/p>\n<p>Con el patrocinio de:<\/p>\n<div id=\"attachment_7947\" style=\"width: 146px\" class=\"wp-caption alignleft\"><a href=\"http:\/\/www.agromundo.co\/herraduras-clavos-y-accesorios-para-herraje-mustad-emcoclavos.html\"><img aria-describedby=\"caption-attachment-7947\" loading=\"lazy\" class=\"wp-image-7947 size-full\" src=\"http:\/\/www.agromundo.co\/blog\/wp-content\/uploads\/2019\/05\/Herramientas-y-accesorios-para-herraje.png\" alt=\"Herramientas y accesorios para herraje\" width=\"136\" height=\"120\" \/><\/a><p id=\"caption-attachment-7947\" class=\"wp-caption-text\">Herramientas y accesorios para herraje<\/p><\/div>\n<div id=\"attachment_7960\" style=\"width: 130px\" class=\"wp-caption alignright\"><a href=\"http:\/\/www.agromundo.co\/pisos-en-caucho-para-salas-de-ordeno-y-pesebrera.html\"><img aria-describedby=\"caption-attachment-7960\" loading=\"lazy\" class=\"wp-image-7960 size-full\" src=\"http:\/\/www.agromundo.co\/blog\/wp-content\/uploads\/2019\/05\/Pisos-de-caucho-vulcanizado-para-pesebreras.jpg\" alt=\"Pisos de caucho vulcanizado para pesebreras\" width=\"120\" height=\"120\" \/><\/a><p id=\"caption-attachment-7960\" class=\"wp-caption-text\">Pisos de caucho vulcanizado para pesebreras<\/p><\/div>\n<p>&nbsp;<\/p>\n","protected":false},"excerpt":{"rendered":"<p>Paso Fino Colombiano Durante la Expointernacional Equina 2019 se realizaron negocios de caballos y de productos por valor de US$2 millones para el exterior. En el marco de la versi\u00f3n # 61 de la Exposici\u00f3n Internacional Equina Feria de las Flores 2019, Marcela Urue\u00f1a G\u00f3mez, viceministra de Asuntos Agropecuarios del Ministerio de Agricultura y Desarrollo [&hellip;]<\/p>\n","protected":false},"author":1,"featured_media":8159,"comment_status":"open","ping_status":"open","sticky":false,"template":"","format":"standard","meta":[],"categories":[3,18,6],"tags":[4361,2996,1000,370,1746,1747,4360],"yoast_head":"<!-- This site is optimized with the Yoast SEO plugin v17.3 - https:\/\/yoast.com\/wordpress\/plugins\/seo\/ -->\n<meta name=\"description\" content=\"El caballo Paso Fino Colombiano ha sido incluido en el Sistema de Informaci\u00f3n sobre la Diversidad de Animales Dom\u00e9sticos de la FAO.\" \/>\n<meta name=\"robots\" content=\"index, follow, max-snippet:-1, max-image-preview:large, max-video-preview:-1\" \/>\n<meta property=\"og:locale\" content=\"es_ES\" \/>\n<meta property=\"og:type\" content=\"article\" \/>\n<meta property=\"og:title\" content=\"Paso Fino Colombiano. Incluido como raza aut\u00f3ctona - Notiagro\" \/>\n<meta property=\"og:description\" content=\"El caballo Paso Fino Colombiano ha sido incluido en el Sistema de Informaci\u00f3n sobre la Diversidad de Animales Dom\u00e9sticos de la FAO.\" \/>\n<meta property=\"og:site_name\" content=\"Notiagro\" \/>\n<meta property=\"article:published_time\" content=\"2019-08-30T14:16:06+00:00\" \/>\n<meta property=\"article:modified_time\" content=\"2019-08-30T14:18:12+00:00\" \/>\n<meta property=\"og:image\" content=\"https:\/\/www.agromundo.co\/blog\/wp-content\/uploads\/2019\/08\/Paso-Fino-Colombiano.jpg\" \/>\n\t<meta property=\"og:image:width\" content=\"311\" \/>\n\t<meta property=\"og:image:height\" content=\"205\" \/>\n<meta name=\"twitter:label1\" content=\"Escrito por\" \/>\n\t<meta name=\"twitter:data1\" content=\"admin\" \/>\n\t<meta name=\"twitter:label2\" content=\"Tiempo de lectura\" \/>\n\t<meta name=\"twitter:data2\" content=\"3 minutos\" \/>\n<script type=\"application\/ld+json\" class=\"yoast-schema-graph\">{\"@context\":\"https:\/\/schema.org\",\"@graph\":[{\"@type\":\"WebSite\",\"@id\":\"https:\/\/www.agromundo.co\/blog\/#website\",\"url\":\"https:\/\/www.agromundo.co\/blog\/\",\"name\":\"Notiagro\",\"description\":\"Noticias y eventos sector agropecuario colombiano\",\"potentialAction\":[{\"@type\":\"SearchAction\",\"target\":{\"@type\":\"EntryPoint\",\"urlTemplate\":\"https:\/\/www.agromundo.co\/blog\/?s={search_term_string}\"},\"query-input\":\"required name=search_term_string\"}],\"inLanguage\":\"es\"},{\"@type\":\"ImageObject\",\"@id\":\"#primaryimage\",\"inLanguage\":\"es\",\"url\":\"https:\/\/www.agromundo.co\/blog\/wp-content\/uploads\/2019\/08\/Paso-Fino-Colombiano.jpg\",\"contentUrl\":\"https:\/\/www.agromundo.co\/blog\/wp-content\/uploads\/2019\/08\/Paso-Fino-Colombiano.jpg\",\"width\":311,\"height\":205},{\"@type\":\"WebPage\",\"@id\":\"#webpage\",\"url\":null,\"name\":\"Paso Fino Colombiano. Incluido como raza aut\\u00f3ctona - Notiagro\",\"isPartOf\":{\"@id\":\"https:\/\/www.agromundo.co\/blog\/#website\"},\"primaryImageOfPage\":{\"@id\":\"#primaryimage\"},\"datePublished\":\"2019-08-30T14:16:06+00:00\",\"dateModified\":\"2019-08-30T14:18:12+00:00\",\"author\":{\"@id\":\"https:\/\/www.agromundo.co\/blog\/#\/schema\/person\/3e07d858c3c7a93ebf4ad3785559d35d\"},\"description\":\"El caballo Paso Fino Colombiano ha sido incluido en el Sistema de Informaci\\u00f3n sobre la Diversidad de Animales Dom\\u00e9sticos de la FAO.\",\"breadcrumb\":{\"@id\":\"#breadcrumb\"},\"inLanguage\":\"es\",\"potentialAction\":[{\"@type\":\"ReadAction\",\"target\":[null]}]},{\"@type\":\"BreadcrumbList\",\"@id\":\"#breadcrumb\",\"itemListElement\":[{\"@type\":\"ListItem\",\"position\":1,\"name\":\"Portada\",\"item\":\"https:\/\/www.agromundo.co\/blog\/\"},{\"@type\":\"ListItem\",\"position\":2,\"name\":\"Paso Fino Colombiano. Incluido como raza aut\\u00f3ctona\"}]},{\"@type\":\"Person\",\"@id\":\"https:\/\/www.agromundo.co\/blog\/#\/schema\/person\/3e07d858c3c7a93ebf4ad3785559d35d\",\"name\":\"admin\",\"image\":{\"@type\":\"ImageObject\",\"@id\":\"https:\/\/www.agromundo.co\/blog\/#personlogo\",\"inLanguage\":\"es\",\"url\":\"https:\/\/secure.gravatar.com\/avatar\/f990c4c6d966ea7f7bec9cc10bcda5ce?s=96&d=mm&r=g\",\"contentUrl\":\"https:\/\/secure.gravatar.com\/avatar\/f990c4c6d966ea7f7bec9cc10bcda5ce?s=96&d=mm&r=g\",\"caption\":\"admin\"},\"url\":\"https:\/\/www.agromundo.co\/blog\/author\/admin\/\"}]}<\/script>\n<!-- \/ Yoast SEO plugin. -->","yoast_head_json":{"description":"El caballo Paso Fino Colombiano ha sido incluido en el Sistema de Informaci\u00f3n sobre la Diversidad de Animales Dom\u00e9sticos de la FAO.","robots":{"index":"index","follow":"follow","max-snippet":"max-snippet:-1","max-image-preview":"max-image-preview:large","max-video-preview":"max-video-preview:-1"},"og_locale":"es_ES","og_type":"article","og_title":"Paso Fino Colombiano. Incluido como raza aut\u00f3ctona - Notiagro","og_description":"El caballo Paso Fino Colombiano ha sido incluido en el Sistema de Informaci\u00f3n sobre la Diversidad de Animales Dom\u00e9sticos de la FAO.","og_site_name":"Notiagro","article_published_time":"2019-08-30T14:16:06+00:00","article_modified_time":"2019-08-30T14:18:12+00:00","og_image":[{"width":311,"height":205,"url":"https:\/\/www.agromundo.co\/blog\/wp-content\/uploads\/2019\/08\/Paso-Fino-Colombiano.jpg","type":"image\/jpeg"}],"twitter_misc":{"Escrito por":"admin","Tiempo de lectura":"3 minutos"},"schema":{"@context":"https:\/\/schema.org","@graph":[{"@type":"WebSite","@id":"https:\/\/www.agromundo.co\/blog\/#website","url":"https:\/\/www.agromundo.co\/blog\/","name":"Notiagro","description":"Noticias y eventos sector agropecuario colombiano","potentialAction":[{"@type":"SearchAction","target":{"@type":"EntryPoint","urlTemplate":"https:\/\/www.agromundo.co\/blog\/?s={search_term_string}"},"query-input":"required name=search_term_string"}],"inLanguage":"es"},{"@type":"ImageObject","@id":"#primaryimage","inLanguage":"es","url":"https:\/\/www.agromundo.co\/blog\/wp-content\/uploads\/2019\/08\/Paso-Fino-Colombiano.jpg","contentUrl":"https:\/\/www.agromundo.co\/blog\/wp-content\/uploads\/2019\/08\/Paso-Fino-Colombiano.jpg","width":311,"height":205},{"@type":"WebPage","@id":"#webpage","url":null,"name":"Paso Fino Colombiano. Incluido como raza aut\u00f3ctona - Notiagro","isPartOf":{"@id":"https:\/\/www.agromundo.co\/blog\/#website"},"primaryImageOfPage":{"@id":"#primaryimage"},"datePublished":"2019-08-30T14:16:06+00:00","dateModified":"2019-08-30T14:18:12+00:00","author":{"@id":"https:\/\/www.agromundo.co\/blog\/#\/schema\/person\/3e07d858c3c7a93ebf4ad3785559d35d"},"description":"El caballo Paso Fino Colombiano ha sido incluido en el Sistema de Informaci\u00f3n sobre la Diversidad de Animales Dom\u00e9sticos de la FAO.","breadcrumb":{"@id":"#breadcrumb"},"inLanguage":"es","potentialAction":[{"@type":"ReadAction","target":[null]}]},{"@type":"BreadcrumbList","@id":"#breadcrumb","itemListElement":[{"@type":"ListItem","position":1,"name":"Portada","item":"https:\/\/www.agromundo.co\/blog\/"},{"@type":"ListItem","position":2,"name":"Paso Fino Colombiano. Incluido como raza aut\u00f3ctona"}]},{"@type":"Person","@id":"https:\/\/www.agromundo.co\/blog\/#\/schema\/person\/3e07d858c3c7a93ebf4ad3785559d35d","name":"admin","image":{"@type":"ImageObject","@id":"https:\/\/www.agromundo.co\/blog\/#personlogo","inLanguage":"es","url":"https:\/\/secure.gravatar.com\/avatar\/f990c4c6d966ea7f7bec9cc10bcda5ce?s=96&d=mm&r=g","contentUrl":"https:\/\/secure.gravatar.com\/avatar\/f990c4c6d966ea7f7bec9cc10bcda5ce?s=96&d=mm&r=g","caption":"admin"},"url":"https:\/\/www.agromundo.co\/blog\/author\/admin\/"}]}},"_links":{"self":[{"href":"https:\/\/www.agromundo.co\/blog\/wp-json\/wp\/v2\/posts\/8158"}],"collection":[{"href":"https:\/\/www.agromundo.co\/blog\/wp-json\/wp\/v2\/posts"}],"about":[{"href":"https:\/\/www.agromundo.co\/blog\/wp-json\/wp\/v2\/types\/post"}],"author":[{"embeddable":true,"href":"https:\/\/www.agromundo.co\/blog\/wp-json\/wp\/v2\/users\/1"}],"replies":[{"embeddable":true,"href":"https:\/\/www.agromundo.co\/blog\/wp-json\/wp\/v2\/comments?post=8158"}],"version-history":[{"count":1,"href":"https:\/\/www.agromundo.co\/blog\/wp-json\/wp\/v2\/posts\/8158\/revisions"}],"predecessor-version":[{"id":8160,"href":"https:\/\/www.agromundo.co\/blog\/wp-json\/wp\/v2\/posts\/8158\/revisions\/8160"}],"wp:featuredmedia":[{"embeddable":true,"href":"https:\/\/www.agromundo.co\/blog\/wp-json\/wp\/v2\/media\/8159"}],"wp:attachment":[{"href":"https:\/\/www.agromundo.co\/blog\/wp-json\/wp\/v2\/media?parent=8158"}],"wp:term":[{"taxonomy":"category","embeddable":true,"href":"https:\/\/www.agromundo.co\/blog\/wp-json\/wp\/v2\/categories?post=8158"},{"taxonomy":"post_tag","embeddable":true,"href":"https:\/\/www.agromundo.co\/blog\/wp-json\/wp\/v2\/tags?post=8158"}],"curies":[{"name":"wp","href":"https:\/\/api.w.org\/{rel}","templated":true}]}}