{"id":8715,"date":"2020-03-09T14:38:20","date_gmt":"2020-03-09T14:38:20","guid":{"rendered":"http:\/\/www.agromundo.co\/blog\/?p=8715"},"modified":"2020-03-09T14:38:20","modified_gmt":"2020-03-09T14:38:20","slug":"curso-palpacion-ultrasonografia","status":"publish","type":"post","link":"https:\/\/www.agromundo.co\/blog\/curso-palpacion-ultrasonografia\/","title":{"rendered":"Curso sobre palpaci\u00f3n y ultrasonograf\u00eda reproductiva"},"content":{"rendered":"<p>Palpaci\u00f3n<\/p>\n<div id=\"attachment_8716\" style=\"width: 251px\" class=\"wp-caption aligncenter\"><img aria-describedby=\"caption-attachment-8716\" loading=\"lazy\" class=\"wp-image-8716 size-full\" title=\"Palpaci\u00f3n\" src=\"http:\/\/www.agromundo.co\/blog\/wp-content\/uploads\/2020\/03\/Palpacion.jpg\" alt=\"\" width=\"241\" height=\"205\" \/><p id=\"caption-attachment-8716\" class=\"wp-caption-text\">Palpaci\u00f3n y ultrasonograf\u00eda. Foto: Cortes\u00eda<\/p><\/div>\n<ul>\n<li><em>Del 21 al 25 de marzo de 2020 se llevar\u00e1 a cabo en San Alberto (Cesar), el curso te\u00f3rico pr\u00e1ctico \u2018Palpaci\u00f3n y ultrasonograf\u00eda reproductiva en bovinos\u2019 organizado por Gyr Colombia.<\/em><\/li>\n<\/ul>\n<p>Con el prop\u00f3sito de generar interacci\u00f3n permanente con los productores ganaderos, la organizaci\u00f3n Gyr Colombia est\u00e1 preparando este curso para los ganaderos interesados en el tema reproductivo. Durante los 5, los asistentes tendr\u00e1n la oportunidad de estudiar la teor\u00eda, pero enfocados en la pr\u00e1ctica.<\/p>\n<p>El director ejecutivo de Gyr Colombia, Hayden Restrepo, indica que esta iniciativa responde a una solicitud de los productores colombianos, quienes expresaron su inter\u00e9s de que se trate de manera personalizada todo lo relacionado con el tema de palpaci\u00f3n y ultrasonograf\u00eda.<\/p>\n<p>Manifest\u00f3 Restrepo que\u00a0 es un curso con una duraci\u00f3n de 5 d\u00edas en la hacienda Los Robles Victoriosos de San Alberto (Cesar), que ser\u00e1 dictado por el el m\u00e9dico veterinario especialista en reproducci\u00f3n bovina tropical de trasferencia de embriones, Dr. Jorge Luis Carranza Guerrero.<\/p>\n<p>Los temas a tratar durante el curso son variados como: anatom\u00eda reproductiva, fisiolog\u00eda reproductiva, principios y t\u00e9cnicas de ultrasonograf\u00eda, as\u00ed como el sexaje fetal, el diagnostico de gesti\u00f3n, diagn\u00f3stico de enfermedades reproductivas y la selecci\u00f3n y el manejo de equipos de ultrasonograf\u00eda.<\/p>\n<p>Seg\u00fan Restrepo, la idea es que los participantes tengan un panorama m\u00e1s amplio para realizar las actividades con ultrasonograf\u00eda, de tal manera que al comprar sus equipos, tengan claridad seg\u00fan la especie que est\u00e1n tratando.<\/p>\n<p>Esto se hace as\u00ed porque en los cursos realizados anteriormente por la entidad, los productores asistentes han manifestado el deseo de prepararse en otros temas, como el de este curso, enfocado en la reproductividad del bovino.<\/p>\n<p>Ante esta necesidad, se dise\u00f1a este evento en el que el cupo de participantes m\u00e1ximo es 10, pues la idea es que se realice de forma personalizada para que tenga mejor y mayor asimilaci\u00f3n en las personas que asistan<\/p>\n<p>Precisa Restrepo que los grupos son peque\u00f1os, buscando optimizar la eficiencia en lo correspondiente a la concentraci\u00f3n y el trabajo con los ejemplares, por los que se trabaja con un animal por cada persona y en la ultrasonograf\u00eda se maneja un ec\u00f3grafo entre 2 personas. El curso maneja unos tiempos de 30% -70%, donde el primero corresponde a la parte te\u00f3rica y el segundo a la pr\u00e1ctica guiada por un profesional.<\/p>\n<p>La asistencia al curso tiene un costo de $1.850.000 en el que est\u00e1 incluido el hospedaje en un hotel del municipio, la alimentaci\u00f3n, el certificado del curso y las memorias, as\u00ed como el transporte del hotel hasta la finca. En el formulario de inscripci\u00f3n, se les env\u00edan algunas preguntas con las cuales se quiere conocer sobre la EPC, condiciones especiales de alimentaci\u00f3n, medicamentos, entre otras.<\/p>\n<p>Los interesados pueden comunicarse a los tel\u00e9fonos, 320 3231481, \u00a0313 5988446 y 320 3390694.<\/p>\n<p>&nbsp;<\/p>\n<p>Fuente: Adaptado de CONtexto ganadero.<\/p>\n<p>Con el patrocinio de:<\/p>\n<div id=\"attachment_7761\" style=\"width: 130px\" class=\"wp-caption alignleft\"><a href=\"http:\/\/www.agromundo.co\/actual-biotec.html\"><img aria-describedby=\"caption-attachment-7761\" loading=\"lazy\" class=\"wp-image-7761 size-full\" src=\"http:\/\/www.agromundo.co\/blog\/wp-content\/uploads\/2019\/03\/Insumos-y-equipos-biotecnol\u00f3gicos-para-ganader\u00eda.jpg\" alt=\"\" width=\"120\" height=\"120\" \/><\/a><p id=\"caption-attachment-7761\" class=\"wp-caption-text\">Equipos de biotecnolog\u00eda reproductiva<\/p><\/div>\n<div id=\"attachment_8097\" style=\"width: 131px\" class=\"wp-caption alignright\"><a href=\"http:\/\/www.agromundo.co\/ventiladores-industriales-colombia.html\"><img aria-describedby=\"caption-attachment-8097\" loading=\"lazy\" class=\"wp-image-8097 size-full\" src=\"http:\/\/www.agromundo.co\/blog\/wp-content\/uploads\/2019\/08\/B-36.jpg\" alt=\"\" width=\"121\" height=\"120\" \/><\/a><p id=\"caption-attachment-8097\" class=\"wp-caption-text\">Equipos te ventilaci\u00f3n para ganader\u00eda<\/p><\/div>\n","protected":false},"excerpt":{"rendered":"<p>Palpaci\u00f3n Del 21 al 25 de marzo de 2020 se llevar\u00e1 a cabo en San Alberto (Cesar), el curso te\u00f3rico pr\u00e1ctico \u2018Palpaci\u00f3n y ultrasonograf\u00eda reproductiva en bovinos\u2019 organizado por Gyr Colombia. Con el prop\u00f3sito de generar interacci\u00f3n permanente con los productores ganaderos, la organizaci\u00f3n Gyr Colombia est\u00e1 preparando este curso para los ganaderos interesados en [&hellip;]<\/p>\n","protected":false},"author":1,"featured_media":8716,"comment_status":"open","ping_status":"open","sticky":false,"template":"","format":"standard","meta":[],"categories":[22,3,18,6],"tags":[4763,1628,1756,4762,771,4293],"yoast_head":"<!-- This site is optimized with the Yoast SEO plugin v17.3 - https:\/\/yoast.com\/wordpress\/plugins\/seo\/ -->\n<meta name=\"description\" content=\"Curso personalizado sobre palpaci\u00f3n y ultrasonograf\u00eda reproductiva en San Alberto (Cesar) del 21 al 25 de marzo de 2020. Pocos cupos.\" \/>\n<meta name=\"robots\" content=\"index, follow, max-snippet:-1, max-image-preview:large, max-video-preview:-1\" \/>\n<meta property=\"og:locale\" content=\"es_ES\" \/>\n<meta property=\"og:type\" content=\"article\" \/>\n<meta property=\"og:title\" content=\"Curso sobre palpaci\u00f3n y ultrasonograf\u00eda reproductiva - Notiagro\" \/>\n<meta property=\"og:description\" content=\"Curso personalizado sobre palpaci\u00f3n y ultrasonograf\u00eda reproductiva en San Alberto (Cesar) del 21 al 25 de marzo de 2020. Pocos cupos.\" \/>\n<meta property=\"og:site_name\" content=\"Notiagro\" \/>\n<meta property=\"article:published_time\" content=\"2020-03-09T14:38:20+00:00\" \/>\n<meta property=\"og:image\" content=\"https:\/\/www.agromundo.co\/blog\/wp-content\/uploads\/2020\/03\/Palpacion.jpg\" \/>\n\t<meta property=\"og:image:width\" content=\"241\" \/>\n\t<meta property=\"og:image:height\" content=\"205\" \/>\n<meta name=\"twitter:label1\" content=\"Escrito por\" \/>\n\t<meta name=\"twitter:data1\" content=\"admin\" \/>\n\t<meta name=\"twitter:label2\" content=\"Tiempo de lectura\" \/>\n\t<meta name=\"twitter:data2\" content=\"3 minutos\" \/>\n<script type=\"application\/ld+json\" class=\"yoast-schema-graph\">{\"@context\":\"https:\/\/schema.org\",\"@graph\":[{\"@type\":\"WebSite\",\"@id\":\"https:\/\/www.agromundo.co\/blog\/#website\",\"url\":\"https:\/\/www.agromundo.co\/blog\/\",\"name\":\"Notiagro\",\"description\":\"Noticias y eventos sector agropecuario colombiano\",\"potentialAction\":[{\"@type\":\"SearchAction\",\"target\":{\"@type\":\"EntryPoint\",\"urlTemplate\":\"https:\/\/www.agromundo.co\/blog\/?s={search_term_string}\"},\"query-input\":\"required name=search_term_string\"}],\"inLanguage\":\"es\"},{\"@type\":\"ImageObject\",\"@id\":\"#primaryimage\",\"inLanguage\":\"es\",\"url\":\"https:\/\/www.agromundo.co\/blog\/wp-content\/uploads\/2020\/03\/Palpacion.jpg\",\"contentUrl\":\"https:\/\/www.agromundo.co\/blog\/wp-content\/uploads\/2020\/03\/Palpacion.jpg\",\"width\":241,\"height\":205},{\"@type\":\"WebPage\",\"@id\":\"#webpage\",\"url\":null,\"name\":\"Curso sobre palpaci\\u00f3n y ultrasonograf\\u00eda reproductiva - Notiagro\",\"isPartOf\":{\"@id\":\"https:\/\/www.agromundo.co\/blog\/#website\"},\"primaryImageOfPage\":{\"@id\":\"#primaryimage\"},\"datePublished\":\"2020-03-09T14:38:20+00:00\",\"dateModified\":\"2020-03-09T14:38:20+00:00\",\"author\":{\"@id\":\"https:\/\/www.agromundo.co\/blog\/#\/schema\/person\/3e07d858c3c7a93ebf4ad3785559d35d\"},\"description\":\"Curso personalizado sobre palpaci\\u00f3n y ultrasonograf\\u00eda reproductiva en San Alberto (Cesar) del 21 al 25 de marzo de 2020. Pocos cupos.\",\"breadcrumb\":{\"@id\":\"#breadcrumb\"},\"inLanguage\":\"es\",\"potentialAction\":[{\"@type\":\"ReadAction\",\"target\":[null]}]},{\"@type\":\"BreadcrumbList\",\"@id\":\"#breadcrumb\",\"itemListElement\":[{\"@type\":\"ListItem\",\"position\":1,\"name\":\"Portada\",\"item\":\"https:\/\/www.agromundo.co\/blog\/\"},{\"@type\":\"ListItem\",\"position\":2,\"name\":\"Curso sobre palpaci\\u00f3n y ultrasonograf\\u00eda reproductiva\"}]},{\"@type\":\"Person\",\"@id\":\"https:\/\/www.agromundo.co\/blog\/#\/schema\/person\/3e07d858c3c7a93ebf4ad3785559d35d\",\"name\":\"admin\",\"image\":{\"@type\":\"ImageObject\",\"@id\":\"https:\/\/www.agromundo.co\/blog\/#personlogo\",\"inLanguage\":\"es\",\"url\":\"https:\/\/secure.gravatar.com\/avatar\/f990c4c6d966ea7f7bec9cc10bcda5ce?s=96&d=mm&r=g\",\"contentUrl\":\"https:\/\/secure.gravatar.com\/avatar\/f990c4c6d966ea7f7bec9cc10bcda5ce?s=96&d=mm&r=g\",\"caption\":\"admin\"},\"url\":\"https:\/\/www.agromundo.co\/blog\/author\/admin\/\"}]}<\/script>\n<!-- \/ Yoast SEO plugin. -->","yoast_head_json":{"description":"Curso personalizado sobre palpaci\u00f3n y ultrasonograf\u00eda reproductiva en San Alberto (Cesar) del 21 al 25 de marzo de 2020. Pocos cupos.","robots":{"index":"index","follow":"follow","max-snippet":"max-snippet:-1","max-image-preview":"max-image-preview:large","max-video-preview":"max-video-preview:-1"},"og_locale":"es_ES","og_type":"article","og_title":"Curso sobre palpaci\u00f3n y ultrasonograf\u00eda reproductiva - Notiagro","og_description":"Curso personalizado sobre palpaci\u00f3n y ultrasonograf\u00eda reproductiva en San Alberto (Cesar) del 21 al 25 de marzo de 2020. Pocos cupos.","og_site_name":"Notiagro","article_published_time":"2020-03-09T14:38:20+00:00","og_image":[{"width":241,"height":205,"url":"https:\/\/www.agromundo.co\/blog\/wp-content\/uploads\/2020\/03\/Palpacion.jpg","type":"image\/jpeg"}],"twitter_misc":{"Escrito por":"admin","Tiempo de lectura":"3 minutos"},"schema":{"@context":"https:\/\/schema.org","@graph":[{"@type":"WebSite","@id":"https:\/\/www.agromundo.co\/blog\/#website","url":"https:\/\/www.agromundo.co\/blog\/","name":"Notiagro","description":"Noticias y eventos sector agropecuario colombiano","potentialAction":[{"@type":"SearchAction","target":{"@type":"EntryPoint","urlTemplate":"https:\/\/www.agromundo.co\/blog\/?s={search_term_string}"},"query-input":"required name=search_term_string"}],"inLanguage":"es"},{"@type":"ImageObject","@id":"#primaryimage","inLanguage":"es","url":"https:\/\/www.agromundo.co\/blog\/wp-content\/uploads\/2020\/03\/Palpacion.jpg","contentUrl":"https:\/\/www.agromundo.co\/blog\/wp-content\/uploads\/2020\/03\/Palpacion.jpg","width":241,"height":205},{"@type":"WebPage","@id":"#webpage","url":null,"name":"Curso sobre palpaci\u00f3n y ultrasonograf\u00eda reproductiva - Notiagro","isPartOf":{"@id":"https:\/\/www.agromundo.co\/blog\/#website"},"primaryImageOfPage":{"@id":"#primaryimage"},"datePublished":"2020-03-09T14:38:20+00:00","dateModified":"2020-03-09T14:38:20+00:00","author":{"@id":"https:\/\/www.agromundo.co\/blog\/#\/schema\/person\/3e07d858c3c7a93ebf4ad3785559d35d"},"description":"Curso personalizado sobre palpaci\u00f3n y ultrasonograf\u00eda reproductiva en San Alberto (Cesar) del 21 al 25 de marzo de 2020. Pocos cupos.","breadcrumb":{"@id":"#breadcrumb"},"inLanguage":"es","potentialAction":[{"@type":"ReadAction","target":[null]}]},{"@type":"BreadcrumbList","@id":"#breadcrumb","itemListElement":[{"@type":"ListItem","position":1,"name":"Portada","item":"https:\/\/www.agromundo.co\/blog\/"},{"@type":"ListItem","position":2,"name":"Curso sobre palpaci\u00f3n y ultrasonograf\u00eda reproductiva"}]},{"@type":"Person","@id":"https:\/\/www.agromundo.co\/blog\/#\/schema\/person\/3e07d858c3c7a93ebf4ad3785559d35d","name":"admin","image":{"@type":"ImageObject","@id":"https:\/\/www.agromundo.co\/blog\/#personlogo","inLanguage":"es","url":"https:\/\/secure.gravatar.com\/avatar\/f990c4c6d966ea7f7bec9cc10bcda5ce?s=96&d=mm&r=g","contentUrl":"https:\/\/secure.gravatar.com\/avatar\/f990c4c6d966ea7f7bec9cc10bcda5ce?s=96&d=mm&r=g","caption":"admin"},"url":"https:\/\/www.agromundo.co\/blog\/author\/admin\/"}]}},"_links":{"self":[{"href":"https:\/\/www.agromundo.co\/blog\/wp-json\/wp\/v2\/posts\/8715"}],"collection":[{"href":"https:\/\/www.agromundo.co\/blog\/wp-json\/wp\/v2\/posts"}],"about":[{"href":"https:\/\/www.agromundo.co\/blog\/wp-json\/wp\/v2\/types\/post"}],"author":[{"embeddable":true,"href":"https:\/\/www.agromundo.co\/blog\/wp-json\/wp\/v2\/users\/1"}],"replies":[{"embeddable":true,"href":"https:\/\/www.agromundo.co\/blog\/wp-json\/wp\/v2\/comments?post=8715"}],"version-history":[{"count":1,"href":"https:\/\/www.agromundo.co\/blog\/wp-json\/wp\/v2\/posts\/8715\/revisions"}],"predecessor-version":[{"id":8717,"href":"https:\/\/www.agromundo.co\/blog\/wp-json\/wp\/v2\/posts\/8715\/revisions\/8717"}],"wp:featuredmedia":[{"embeddable":true,"href":"https:\/\/www.agromundo.co\/blog\/wp-json\/wp\/v2\/media\/8716"}],"wp:attachment":[{"href":"https:\/\/www.agromundo.co\/blog\/wp-json\/wp\/v2\/media?parent=8715"}],"wp:term":[{"taxonomy":"category","embeddable":true,"href":"https:\/\/www.agromundo.co\/blog\/wp-json\/wp\/v2\/categories?post=8715"},{"taxonomy":"post_tag","embeddable":true,"href":"https:\/\/www.agromundo.co\/blog\/wp-json\/wp\/v2\/tags?post=8715"}],"curies":[{"name":"wp","href":"https:\/\/api.w.org\/{rel}","templated":true}]}}