{"id":9509,"date":"2021-04-29T17:20:27","date_gmt":"2021-04-29T17:20:27","guid":{"rendered":"http:\/\/www.agromundo.co\/blog\/?p=9509"},"modified":"2021-04-29T23:29:42","modified_gmt":"2021-04-29T23:29:42","slug":"produccion-ganaderia-sostenible","status":"publish","type":"post","link":"https:\/\/www.agromundo.co\/blog\/produccion-ganaderia-sostenible\/","title":{"rendered":"Tecnolog\u00eda en producci\u00f3n de ganader\u00eda sostenible"},"content":{"rendered":"<p>Ganader\u00eda sostenible<\/p>\n<div id=\"attachment_9510\" style=\"width: 310px\" class=\"wp-caption aligncenter\"><img aria-describedby=\"caption-attachment-9510\" loading=\"lazy\" class=\"wp-image-9510 size-full\" title=\"Ganader\u00eda sostenible\" src=\"http:\/\/www.agromundo.co\/blog\/wp-content\/uploads\/2021\/04\/Ganaderia-sostenible.jpg\" alt=\"\" width=\"300\" height=\"205\" \/><p id=\"caption-attachment-9510\" class=\"wp-caption-text\">Foto: facebook.com\/FedeganColombia<\/p><\/div>\n<ul>\n<li><em>Ya se encuentra disponible el programa acad\u00e9mico creado por \u00c1rea Andina y Fedeg\u00e1n denominado Tecnolog\u00eda en producci\u00f3n de ganader\u00eda sostenible, orientado por la Facultad de Ciencias Agr\u00edcolas y Pecuarias. Conozca sobre el curr\u00edculo y los detalles de esta nueva apuesta para el sector.<\/em><\/li>\n<\/ul>\n<p>Con el prop\u00f3sito de impulsar la ganader\u00eda colombiana y fomentar una actividad productiva y sostenible Areandina desarrolla el tecnol\u00f3gico en producci\u00f3n en Ganader\u00eda Sostenible, dirigido a profesionales y empresarios ganaderos, para que tengan el conocimiento te\u00f3rico y pr\u00e1ctico para un manejo integral y rentable de explotaciones ganaderas.<\/p>\n<p>El objetivo del programa es garantizar el adecuado uso de los recursos naturales y mejorar las condiciones de vida de las familias que hacen parte de este sector de la econom\u00eda nacional.\u00a0El tiempo de estudio es de 6 semestres\u00a0en los que los estudiantes tendr\u00e1n la oportunidad de efectuar pr\u00e1cticas presenciales en una de las 91 fincas escuela que el programa tiene en convenio con Fedeg\u00e1n, localizadas en los diferentes departamentos de Colombia.<\/p>\n<p>Todo ello, con la intenci\u00f3n de experimentar en un espacio real las habilidades desarrolladas. En desarrollo del programa el componente te\u00f3rico se ver\u00e1 por medio de una plataforma virtual y las pr\u00e1cticas se realizar\u00e1n de forma presencial.<\/p>\n<p>A partir del 9 de agosto, cuando inician las clases, los estudiantes conocer\u00e1n las materias y contenidos te\u00f3ricos que proporcionan una fundamentaci\u00f3n t\u00e9cnica s\u00f3lida para la implementaci\u00f3n de procesos para la administraci\u00f3n de fincas ganaderas.<\/p>\n<p>Los estudiantes conocer\u00e1n sobre los adelantos tecnol\u00f3gicos que impulsan la ganader\u00eda en el pa\u00eds para la reducci\u00f3n de las emisiones de gases y las afectaciones al medio ambiente. Adem\u00e1s tendr\u00e1n la capacidad de establecer sistemas silvopastoriles y programas de bienestar animal.<\/p>\n<p>Las competencias desarrolladas potenciar\u00e1n en los participantes las habilidades para desempe\u00f1arse en las diferentes labores en una finca ganadera a saber:<\/p>\n<p>&#8211; Administrador de la finca.<\/p>\n<p>&#8211; T\u00e9cnico especializado de procesos de manejo de ganado.<\/p>\n<p>&#8211; Gestor en comercializaci\u00f3n de productos ganaderos.<\/p>\n<p>&#8211; Operador de manejo y conservaci\u00f3n de forrajes y sistemas de pastoreo.<\/p>\n<p>&#8211; Asesor y operario de equipos y de tecnolog\u00edas 4.0 para la actividad ganadera.<\/p>\n<p>&#8211; Asesor y operario de herramientas para producci\u00f3n de alimentos para ganado.<\/p>\n<p>&#8211; Emprendedor de su propio negocio o finca.<\/p>\n<p>El plan de estudios cuenta con el desarrollo de 99 cr\u00e9ditos orientados a 3 ejes relacionados entre s\u00ed y que a la vez constituyen el sello distintivo del programa como son: cocimientos y pr\u00e1cticas sobre los sistemas para la ganader\u00eda sostenible; gesti\u00f3n integral de la empresa ganadera sostenible y el bienestar animal en los sistemas de producci\u00f3n de ganader\u00eda sostenible.<\/p>\n<p>Uno de los puntos que contiene\u00a0el programa es el manejo del ingl\u00e9s, pues es una herramienta muy importante para la inserci\u00f3n de la ganader\u00eda en el contexto internacional, por eso el programa incorpora en su plan de estudios los niveles requeridos para alcanzar la competencia A2 en las 4 habilidades, escritura, lectura, habla y escucha.<\/p>\n<p><strong><u>Admisi\u00f3n y financiaci\u00f3n:<\/u><\/strong><\/p>\n<p>El valor de la matricula est\u00e1 en\u00a0<strong>$1.780.000<\/strong>\u00a0con un costo de lanzamiento de\u00a0<strong>$1.602.000<\/strong>\u00a0con algunos beneficios para los interesados.<\/p>\n<p>El proceso tiene los siguientes \u00a0pasos:<\/p>\n<ol>\n<li>Diligenciar el formulario de inscripci\u00f3n mediante la p\u00e1gina web.<\/li>\n<li>Pago de derechos de inscripci\u00f3n.<\/li>\n<li>Presentar entrevista y entregar la documentaci\u00f3n necesaria para la inscripci\u00f3n.<\/li>\n<li>Se remitir\u00e1 la orden de matr\u00edcula al correo electr\u00f3nico.<\/li>\n<\/ol>\n<p>Las personas interesadas pueden ingresar a la p\u00e1gina web del Areandina www.areandina.edu.co<\/p>\n<p>&nbsp;<\/p>\n<p>Fuente: Adaptado de CONtexto ganadero.<\/p>\n<p>Con el patrocinio de:<\/p>\n<div style=\"width: 131px\" class=\"wp-caption alignleft\"><a href=\"http:\/\/www.agromundo.co\/ventiladores-industriales-colombia.html\"><img loading=\"lazy\" class=\"wp-image-8097 size-full\" src=\"http:\/\/www.agromundo.co\/blog\/wp-content\/uploads\/2019\/08\/B-36.jpg\" alt=\"\" width=\"121\" height=\"120\" \/><\/a><p class=\"wp-caption-text\">Ventiladores industriales para el agro<\/p><\/div>\n<p>&nbsp;<\/p>\n<\/div>\n<div id=\"attachment_7823\" style=\"width: 130px\" class=\"wp-caption alignright\"><a href=\"http:\/\/www.agromundo.co\/pisos-en-caucho-para-salas-de-ordeno-y-pesebrera.html\"><img aria-describedby=\"caption-attachment-7823\" loading=\"lazy\" class=\"wp-image-7823 size-full\" src=\"http:\/\/www.agromundo.co\/blog\/wp-content\/uploads\/2019\/04\/Pisos-para-salas-de-orde\u00f1o-Plastigoma-1.jpg\" alt=\"\" width=\"120\" height=\"120\" \/><\/a><p id=\"caption-attachment-7823\" class=\"wp-caption-text\">Pisos de caucho vulcanizado para ganader\u00eda<\/p><\/div>\n","protected":false},"excerpt":{"rendered":"<p>Ganader\u00eda sostenible Ya se encuentra disponible el programa acad\u00e9mico creado por \u00c1rea Andina y Fedeg\u00e1n denominado Tecnolog\u00eda en producci\u00f3n de ganader\u00eda sostenible, orientado por la Facultad de Ciencias Agr\u00edcolas y Pecuarias. Conozca sobre el curr\u00edculo y los detalles de esta nueva apuesta para el sector. Con el prop\u00f3sito de impulsar la ganader\u00eda colombiana y fomentar [&hellip;]<\/p>\n","protected":false},"author":1,"featured_media":9510,"comment_status":"open","ping_status":"open","sticky":false,"template":"","format":"standard","meta":[],"categories":[22,9,3,18,6],"tags":[5363,153,5362,1628,390],"yoast_head":"<!-- This site is optimized with the Yoast SEO plugin v17.3 - https:\/\/yoast.com\/wordpress\/plugins\/seo\/ -->\n<meta name=\"description\" content=\"Las clases del curso en producci\u00f3n en Ganader\u00eda Sostenible inician el 9 de agosto de 2021. Ingrese al portal del Areandina para conocer m\u00e1s detalles.\" \/>\n<meta name=\"robots\" content=\"index, follow, max-snippet:-1, max-image-preview:large, max-video-preview:-1\" \/>\n<meta property=\"og:locale\" content=\"es_ES\" \/>\n<meta property=\"og:type\" content=\"article\" \/>\n<meta property=\"og:title\" content=\"Tecnolog\u00eda en producci\u00f3n de ganader\u00eda sostenible - Notiagro\" \/>\n<meta property=\"og:description\" content=\"Las clases del curso en producci\u00f3n en Ganader\u00eda Sostenible inician el 9 de agosto de 2021. Ingrese al portal del Areandina para conocer m\u00e1s detalles.\" \/>\n<meta property=\"og:site_name\" content=\"Notiagro\" \/>\n<meta property=\"article:published_time\" content=\"2021-04-29T17:20:27+00:00\" \/>\n<meta property=\"article:modified_time\" content=\"2021-04-29T23:29:42+00:00\" \/>\n<meta property=\"og:image\" content=\"http:\/\/www.agromundo.co\/blog\/wp-content\/uploads\/2021\/04\/Ganaderia-sostenible.jpg\" \/>\n\t<meta property=\"og:image:width\" content=\"300\" \/>\n\t<meta property=\"og:image:height\" content=\"205\" \/>\n<meta name=\"twitter:label1\" content=\"Escrito por\" \/>\n\t<meta name=\"twitter:data1\" content=\"admin\" \/>\n\t<meta name=\"twitter:label2\" content=\"Tiempo de lectura\" \/>\n\t<meta name=\"twitter:data2\" content=\"3 minutos\" \/>\n<script type=\"application\/ld+json\" class=\"yoast-schema-graph\">{\"@context\":\"https:\/\/schema.org\",\"@graph\":[{\"@type\":\"WebSite\",\"@id\":\"https:\/\/www.agromundo.co\/blog\/#website\",\"url\":\"https:\/\/www.agromundo.co\/blog\/\",\"name\":\"Notiagro\",\"description\":\"Noticias y eventos sector agropecuario colombiano\",\"potentialAction\":[{\"@type\":\"SearchAction\",\"target\":{\"@type\":\"EntryPoint\",\"urlTemplate\":\"https:\/\/www.agromundo.co\/blog\/?s={search_term_string}\"},\"query-input\":\"required name=search_term_string\"}],\"inLanguage\":\"es\"},{\"@type\":\"ImageObject\",\"@id\":\"#primaryimage\",\"inLanguage\":\"es\",\"url\":\"https:\/\/www.agromundo.co\/blog\/wp-content\/uploads\/2021\/04\/Ganaderia-sostenible.jpg\",\"contentUrl\":\"https:\/\/www.agromundo.co\/blog\/wp-content\/uploads\/2021\/04\/Ganaderia-sostenible.jpg\",\"width\":300,\"height\":205},{\"@type\":\"WebPage\",\"@id\":\"#webpage\",\"url\":null,\"name\":\"Tecnolog\\u00eda en producci\\u00f3n de ganader\\u00eda sostenible - Notiagro\",\"isPartOf\":{\"@id\":\"https:\/\/www.agromundo.co\/blog\/#website\"},\"primaryImageOfPage\":{\"@id\":\"#primaryimage\"},\"datePublished\":\"2021-04-29T17:20:27+00:00\",\"dateModified\":\"2021-04-29T23:29:42+00:00\",\"author\":{\"@id\":\"https:\/\/www.agromundo.co\/blog\/#\/schema\/person\/3e07d858c3c7a93ebf4ad3785559d35d\"},\"description\":\"Las clases del curso en producci\\u00f3n en Ganader\\u00eda Sostenible inician el 9 de agosto de 2021. Ingrese al portal del Areandina para conocer m\\u00e1s detalles.\",\"breadcrumb\":{\"@id\":\"#breadcrumb\"},\"inLanguage\":\"es\",\"potentialAction\":[{\"@type\":\"ReadAction\",\"target\":[null]}]},{\"@type\":\"BreadcrumbList\",\"@id\":\"#breadcrumb\",\"itemListElement\":[{\"@type\":\"ListItem\",\"position\":1,\"name\":\"Portada\",\"item\":\"https:\/\/www.agromundo.co\/blog\/\"},{\"@type\":\"ListItem\",\"position\":2,\"name\":\"Tecnolog\\u00eda en producci\\u00f3n de ganader\\u00eda sostenible\"}]},{\"@type\":\"Person\",\"@id\":\"https:\/\/www.agromundo.co\/blog\/#\/schema\/person\/3e07d858c3c7a93ebf4ad3785559d35d\",\"name\":\"admin\",\"image\":{\"@type\":\"ImageObject\",\"@id\":\"https:\/\/www.agromundo.co\/blog\/#personlogo\",\"inLanguage\":\"es\",\"url\":\"https:\/\/secure.gravatar.com\/avatar\/f990c4c6d966ea7f7bec9cc10bcda5ce?s=96&d=mm&r=g\",\"contentUrl\":\"https:\/\/secure.gravatar.com\/avatar\/f990c4c6d966ea7f7bec9cc10bcda5ce?s=96&d=mm&r=g\",\"caption\":\"admin\"},\"url\":\"https:\/\/www.agromundo.co\/blog\/author\/admin\/\"}]}<\/script>\n<!-- \/ Yoast SEO plugin. -->","yoast_head_json":{"description":"Las clases del curso en producci\u00f3n en Ganader\u00eda Sostenible inician el 9 de agosto de 2021. Ingrese al portal del Areandina para conocer m\u00e1s detalles.","robots":{"index":"index","follow":"follow","max-snippet":"max-snippet:-1","max-image-preview":"max-image-preview:large","max-video-preview":"max-video-preview:-1"},"og_locale":"es_ES","og_type":"article","og_title":"Tecnolog\u00eda en producci\u00f3n de ganader\u00eda sostenible - Notiagro","og_description":"Las clases del curso en producci\u00f3n en Ganader\u00eda Sostenible inician el 9 de agosto de 2021. Ingrese al portal del Areandina para conocer m\u00e1s detalles.","og_site_name":"Notiagro","article_published_time":"2021-04-29T17:20:27+00:00","article_modified_time":"2021-04-29T23:29:42+00:00","og_image":[{"width":300,"height":205,"url":"http:\/\/www.agromundo.co\/blog\/wp-content\/uploads\/2021\/04\/Ganaderia-sostenible.jpg","type":"image\/jpeg"}],"twitter_misc":{"Escrito por":"admin","Tiempo de lectura":"3 minutos"},"schema":{"@context":"https:\/\/schema.org","@graph":[{"@type":"WebSite","@id":"https:\/\/www.agromundo.co\/blog\/#website","url":"https:\/\/www.agromundo.co\/blog\/","name":"Notiagro","description":"Noticias y eventos sector agropecuario colombiano","potentialAction":[{"@type":"SearchAction","target":{"@type":"EntryPoint","urlTemplate":"https:\/\/www.agromundo.co\/blog\/?s={search_term_string}"},"query-input":"required name=search_term_string"}],"inLanguage":"es"},{"@type":"ImageObject","@id":"#primaryimage","inLanguage":"es","url":"https:\/\/www.agromundo.co\/blog\/wp-content\/uploads\/2021\/04\/Ganaderia-sostenible.jpg","contentUrl":"https:\/\/www.agromundo.co\/blog\/wp-content\/uploads\/2021\/04\/Ganaderia-sostenible.jpg","width":300,"height":205},{"@type":"WebPage","@id":"#webpage","url":null,"name":"Tecnolog\u00eda en producci\u00f3n de ganader\u00eda sostenible - Notiagro","isPartOf":{"@id":"https:\/\/www.agromundo.co\/blog\/#website"},"primaryImageOfPage":{"@id":"#primaryimage"},"datePublished":"2021-04-29T17:20:27+00:00","dateModified":"2021-04-29T23:29:42+00:00","author":{"@id":"https:\/\/www.agromundo.co\/blog\/#\/schema\/person\/3e07d858c3c7a93ebf4ad3785559d35d"},"description":"Las clases del curso en producci\u00f3n en Ganader\u00eda Sostenible inician el 9 de agosto de 2021. Ingrese al portal del Areandina para conocer m\u00e1s detalles.","breadcrumb":{"@id":"#breadcrumb"},"inLanguage":"es","potentialAction":[{"@type":"ReadAction","target":[null]}]},{"@type":"BreadcrumbList","@id":"#breadcrumb","itemListElement":[{"@type":"ListItem","position":1,"name":"Portada","item":"https:\/\/www.agromundo.co\/blog\/"},{"@type":"ListItem","position":2,"name":"Tecnolog\u00eda en producci\u00f3n de ganader\u00eda sostenible"}]},{"@type":"Person","@id":"https:\/\/www.agromundo.co\/blog\/#\/schema\/person\/3e07d858c3c7a93ebf4ad3785559d35d","name":"admin","image":{"@type":"ImageObject","@id":"https:\/\/www.agromundo.co\/blog\/#personlogo","inLanguage":"es","url":"https:\/\/secure.gravatar.com\/avatar\/f990c4c6d966ea7f7bec9cc10bcda5ce?s=96&d=mm&r=g","contentUrl":"https:\/\/secure.gravatar.com\/avatar\/f990c4c6d966ea7f7bec9cc10bcda5ce?s=96&d=mm&r=g","caption":"admin"},"url":"https:\/\/www.agromundo.co\/blog\/author\/admin\/"}]}},"_links":{"self":[{"href":"https:\/\/www.agromundo.co\/blog\/wp-json\/wp\/v2\/posts\/9509"}],"collection":[{"href":"https:\/\/www.agromundo.co\/blog\/wp-json\/wp\/v2\/posts"}],"about":[{"href":"https:\/\/www.agromundo.co\/blog\/wp-json\/wp\/v2\/types\/post"}],"author":[{"embeddable":true,"href":"https:\/\/www.agromundo.co\/blog\/wp-json\/wp\/v2\/users\/1"}],"replies":[{"embeddable":true,"href":"https:\/\/www.agromundo.co\/blog\/wp-json\/wp\/v2\/comments?post=9509"}],"version-history":[{"count":3,"href":"https:\/\/www.agromundo.co\/blog\/wp-json\/wp\/v2\/posts\/9509\/revisions"}],"predecessor-version":[{"id":9513,"href":"https:\/\/www.agromundo.co\/blog\/wp-json\/wp\/v2\/posts\/9509\/revisions\/9513"}],"wp:featuredmedia":[{"embeddable":true,"href":"https:\/\/www.agromundo.co\/blog\/wp-json\/wp\/v2\/media\/9510"}],"wp:attachment":[{"href":"https:\/\/www.agromundo.co\/blog\/wp-json\/wp\/v2\/media?parent=9509"}],"wp:term":[{"taxonomy":"category","embeddable":true,"href":"https:\/\/www.agromundo.co\/blog\/wp-json\/wp\/v2\/categories?post=9509"},{"taxonomy":"post_tag","embeddable":true,"href":"https:\/\/www.agromundo.co\/blog\/wp-json\/wp\/v2\/tags?post=9509"}],"curies":[{"name":"wp","href":"https:\/\/api.w.org\/{rel}","templated":true}]}}